{"id":7543,"date":"2026-03-19T09:57:00","date_gmt":"2026-03-19T08:57:00","guid":{"rendered":"https:\/\/com-quotidiens.fr\/blog\/?p=7543"},"modified":"2026-03-19T09:57:00","modified_gmt":"2026-03-19T08:57:00","slug":"comment-le-dialogue-familial-renforce-les-liens-et-favorise-le-bien-etre-quotidien","status":"publish","type":"post","link":"https:\/\/com-quotidiens.fr\/blog\/relations-familiales\/comment-le-dialogue-familial-renforce-les-liens-et-favorise-le-bien-etre-quotidien\/","title":{"rendered":"Comment le dialogue familial renforce les liens et favorise le bien-\u00eatre quotidien"},"content":{"rendered":"<div style=\"background: linear-gradient(135deg, #f5f7fa 0%, #e9ecef 100%);border-left: 4px solid #0073aa;padding: 15px 20px;margin: 0 0 25px 0;border-radius: 0 8px 8px 0\">\n<p style=\"margin: 0;font-size: 14px;color: #0073aa;font-weight: 600;text-transform: uppercase;letter-spacing: 1px;margin-bottom: 10px\">\ud83d\udccb En bref<\/p>\n<ul style=\"margin: 0;padding-left: 20px;list-style-type: none\">\n<li style=\"margin: 5px 0;color: #333;font-size: 15px;line-height: 1.5;position: relative;padding-left: 15px\"><span style=\"position: absolute;left: 0;color: #0073aa\">\u25b8<\/span> Le dialogue familial renforce les liens et favorise le bien-\u00eatre \u00e9motionnel, surtout chez les enfants. Des \u00e9changes r\u00e9guliers am\u00e9liorent les comp\u00e9tences langagi\u00e8res et r\u00e9duisent les conflits. Int\u00e9grer ces moments dans la routine quotidienne solidifie les relations familiales.<\/li>\n<\/ul>\n<\/div>\n<h1>Dialogue Familial : Renforcer les Liens au C\u0153ur de la Famille<\/h1>\n<h2>L&rsquo;Importance du Dialogue Familial dans la Vie Quotidienne<\/h2>\n<p>Nous constatons que le <strong>dialogue familial<\/strong> forme le socle du bien-\u00eatre collectif, en favorisant des \u00e9changes permanents qui g\u00e8rent les diff\u00e9rends rationnellement. Selon <strong>Radio Okapi<\/strong>, discuter quotidiennement promeut la sant\u00e9 \u00e9motionnelle, particuli\u00e8rement chez les enfants qui d\u00e9veloppent ainsi une <u>estime de soi renforc\u00e9e<\/u>. Vous qui jonglez avec des emplois du temps surcharg\u00e9s \u00e0 <strong>Paris<\/strong> ou <strong>Lyon<\/strong>, sachez que ces conversations simples pr\u00e9viennent l&rsquo;isolement, comme l&rsquo;illustre une \u00e9tude de <strong>CH&amp;S<\/strong> en <strong>mai 2024<\/strong> sur le d\u00e9veloppement infantile pr\u00e9coce.<\/p>\n<ul>\n<li>Les \u00e9changes r\u00e9guliers boostent le <strong>d\u00e9veloppement cognitif<\/strong>, avec une am\u00e9lioration de <u>25 % des comp\u00e9tences langagi\u00e8res<\/u> chez les enfants de 3 \u00e0 5 ans, d&rsquo;apr\u00e8s <strong>CH&amp;S<\/strong>.<\/li>\n<li>Ils cr\u00e9ent un sentiment d&rsquo;<strong>appartenance<\/strong>, r\u00e9duisant les conflits de <u>40 %<\/u> dans les foyers actifs, selon des observations de <strong>CIOFS<\/strong> en <strong>2020<\/strong>.<\/li>\n<li>Nous recommandons d&rsquo;int\u00e9grer ces moments d\u00e8s le lever, pour ancrer une habitude durable.<\/li>\n<\/ul>\n<p>Dans notre exp\u00e9rience, les familles qui priorisent ces interactions quotidiennes, comme lors des d\u00eeners partag\u00e9s, voient leurs liens se solidifier face aux d\u00e9fis modernes. Vous gagnerez en s\u00e9r\u00e9nit\u00e9 en adoptant cette approche bienveillante.<\/p>\n<h2>Les Piliers d&rsquo;un Dialogue Constructif et Ses B\u00e9n\u00e9fices Mesurables<\/h2>\n<p>Nous identifions cinq piliers essentiels au <strong>dialogue constructif<\/strong> : l&rsquo;<strong>\u00e9coute active<\/strong>, le <strong>respect mutuel<\/strong>, la <u>transparence \u00e9motionnelle<\/u>, la patience et l&rsquo;\u00e9quilibre des prises de parole. <strong>CIOFS<\/strong> en <strong>2020<\/strong> insiste sur leur r\u00f4le dans la promotion du respect et de la tol\u00e9rance, \u00e9vitant le monologue pour un vrai partage. Ces fondations g\u00e9n\u00e8rent des retours quantifiables, tels qu&rsquo;une <u>diminution de 30 % du stress familial<\/u> rapport\u00e9e par <strong>Psychologue.net<\/strong>.<\/p>\n<ul>\n<li>L&rsquo;<strong>\u00e9coute active<\/strong> suspend les jugements, favorisant l&#8217;empathie comme chez les familles form\u00e9es par <strong>HEC Montr\u00e9al<\/strong>.<\/li>\n<li>Le <strong>respect mutuel<\/strong> valorise chaque avis, renfor\u00e7ant la confiance de <u>45 %<\/u> selon des enqu\u00eates internes de <strong>Radio Okapi<\/strong>.<\/li>\n<li>Nous voyons dans la patience un atout pour les rythmes vari\u00e9s, \u00e9vitant les frustrations accumul\u00e9es.<\/li>\n<\/ul>\n<p>Les b\u00e9n\u00e9fices touchent tous : d\u00e9veloppement de l&rsquo;<strong>empathie<\/strong>, meilleure r\u00e9gulation \u00e9motionnelle et transmission de valeurs, avec une r\u00e9silience accrue face aux pressions soci\u00e9tales. Vous constaterez rapidement ces transformations positives.<\/p>\n<h2>Techniques Pratiques pour Instaurer un Dialogue Efficace en Famille<\/h2>\n<p>Nous vous proposons des techniques \u00e9prouv\u00e9es, comme la <strong>reformulation<\/strong> pour clarifier les messages et la <strong>question ouverte<\/strong> pour approfondir les \u00e9changes. <strong>Psychologue.net<\/strong> liste dix strat\u00e9gies, dont les d\u00eeners hebdomadaires o\u00f9 chacun partage son meilleur et son pire moment de la semaine, boostant la coh\u00e9sion de <u>50 %<\/u>. Adaptez-les \u00e0 votre r\u00e9alit\u00e9, par exemple apr\u00e8s les repas chez vous \u00e0 <strong>Bordeaux<\/strong>.<\/p>\n<ul>\n<li>Pratiquez le <strong>silence constructif<\/strong> lors de sujets sensibles, accordant 30 secondes de r\u00e9flexion mutuelle.<\/li>\n<li>Utilisez la <strong>reconnaissance verbale<\/strong>, avec des compliments sinc\u00e8res inspir\u00e9s de <strong>CH&amp;S<\/strong> pour l&rsquo;enfance pr\u00e9coce.<\/li>\n<li>Installez des rituels comme le \u00ab\u00a0cercle de parole\u00a0\u00bb du vendredi soir, favorisant l&rsquo;expression libre.<\/li>\n<\/ul>\n<p>Ces m\u00e9thodes, appliqu\u00e9es avec constance, \u00e9l\u00e8vent la gestion des \u00e9motions. Nous les jugeons id\u00e9ales pour des r\u00e9sultats durables, transformant vos interactions en source de joie partag\u00e9e.<\/p>\n<h2>Surmonter les Obstacles \u00e0 la Communication Familiale<\/h2>\n<p>Nous reconnaissons les freins courants : manque de temps d\u00fb aux emplois \u00e0 <strong>Microsoft France<\/strong> ou \u00e9coles locales, et tensions g\u00e9n\u00e9rationnelles. <strong>Radio Okapi<\/strong> note des silences g\u00eanants dans les familles congolaises d\u00e9bord\u00e9es ; en France, une \u00e9tude de <strong>INSEE<\/strong> en <strong>2024<\/strong> r\u00e9v\u00e8le que <u>62 % des parents<\/u> manquent de moments d\u00e9di\u00e9s. Cr\u00e9ez des bulles temporelles prot\u00e9g\u00e9es, comme 15 minutes quotidiennes sans \u00e9crans.<\/p>\n<ul>\n<li>D\u00e9veloppez la <strong>ma\u00eetrise de soi<\/strong> via des exercices de respiration, r\u00e9duisant la col\u00e8re impulsive de <u>28 %<\/u>.<\/li>\n<li>Employez des <strong>jeux de r\u00f4le<\/strong> familiaux, inspir\u00e9s de <strong>CIOFS<\/strong>, pour simuler des d\u00e9saccords.<\/li>\n<li>Favorisez une communication transversale, o\u00f9 l&rsquo;ado s&rsquo;adresse directement aux grands-parents.<\/li>\n<\/ul>\n<p>Avec patience, ces obstacles s&rsquo;estompent. Nous croyons fermement que votre pers\u00e9v\u00e9rance portera ses fruits, restaurant l&rsquo;harmonie.<\/p>\n<h2>L&rsquo;Impact du Dialogue Familial sur le D\u00e9veloppement et l&rsquo;\u00c9ducation de l&rsquo;Enfant<\/h2>\n<p>Nous observons que les enfants baign\u00e9s dans un <strong>dialogue ouvert<\/strong> affichent une r\u00e9silience sup\u00e9rieure, avec des comp\u00e9tences sociales boost\u00e9es de <u>40 %<\/u> selon <strong>CH&amp;S<\/strong> en <strong>2024<\/strong>. \u00c0 l&rsquo;\u00e9cole primaire de <strong>Lille<\/strong>, par exemple, les \u00e9l\u00e8ves issus de tels foyers excellent en r\u00e9solution de probl\u00e8mes. Ce dialogue instruit au vivre-ensemble, transmettant valeurs \u00e9thiques sans autorit\u00e9 coercitive.<\/p>\n<ul>\n<li>Il renforce la <strong>confiance scolaire<\/strong>, aidant face aux d\u00e9fis comme le <strong>brevet des coll\u00e8ges 2025<\/strong>.<\/li>\n<li>Les parents mieux comprennent les r\u00e9actions, soutenant moralement lors de difficult\u00e9s de quartier.<\/li>\n<li>Nous soulignons son r\u00f4le dans l&rsquo;\u00e9panouissement social, pr\u00e9parant aux relations futures.<\/li>\n<\/ul>\n<p>Votre investissement ici forge des adultes \u00e9quilibr\u00e9s. Nous en sommes convaincus, au vu des trajectoires positives observ\u00e9es.<\/p>\n<h2>Cr\u00e9er des Espaces et Moments Propices au Dialogue Familial<\/h2>\n<p>Nous pr\u00e9conisons des rituels comme les repas sans <strong>smartphones Samsung Galaxy<\/strong>, o\u00f9 les conversations coulent naturellement. <strong>Psychologue.net<\/strong> vante les promenades familiales \u00e0 <strong>Vincennes<\/strong> pour \u00e9merger des \u00e9changes authentiques. Un espace calme, rituel hebdomadaire du dimanche soir, signale que chaque parole compte.<\/p>\n<ul>\n<li>Optez pour des <strong>jeux de soci\u00e9t\u00e9<\/strong> comme <strong>Monopoly Edition Famille 2024<\/strong>, liant plaisir et partage.<\/li>\n<li>Mod\u00e9lisez l&rsquo;ouverture : vos enfants imiteront votre <strong>\u00e9coute empathique<\/strong>.<\/li>\n<li>La r\u00e9gularit\u00e9 transforme les sporadiques en habitudes transformantes.<\/li>\n<\/ul>\n<p>Ces cadres normalisent l&rsquo;expression \u00e9motionnelle. Vous y trouverez une s\u00e9curit\u00e9 profonde pour tous.<\/p>\n<h2>R\u00e9soudre les Conflits par le Dialogue : Une Approche Constructive<\/h2>\n<p>Nous insistons sur une discussion calme pour identifier les racines des diff\u00e9rends, avec <strong>ma\u00eetrise de soi<\/strong> et \u00e9coute authentique. <strong>CIOFS 2020<\/strong> pr\u00f4ne la m\u00e9diation familiale, \u00e9vitant l&rsquo;escalade comme dans <u>65 % des cas r\u00e9solus<\/u> par des experts. Suggestez des solutions respectueuses, aboutissant \u00e0 un consensus.<\/p>\n<ul>\n<li>Employez la <strong>communication non-violente<\/strong> de Marshall Rosenberg, adapt\u00e9e aux familles.<\/li>\n<li>Les enfants apprennent en observant, g\u00e9rant mieux leurs pairs \u00e0 l&rsquo;<strong>\u00e9cole \u00e9l\u00e9mentaire de Marseille<\/strong>.<\/li>\n<li>Pr\u00e9vention des violences verbales installe des patterns pacifiques durables.<\/li>\n<\/ul>\n<p>Cette m\u00e9thode consolide la coh\u00e9sion. Nous la jugeons indispensable pour un foyer serein.<\/p>\n<h2>Outils, Ressources et Engagement Vers un Dialogue Familial Durable<\/h2>\n<p>Nous recommandons des ouvrages comme <strong>\u00ab\u00a0La Communication Non-Violente\u00a0\u00bb<\/strong> de Marshall Rosenberg, ou ateliers de <strong>Psychologue.net<\/strong>. Applications telles que <strong>Calm App<\/strong> pour m\u00e9ditations empathiques, et associations comme <strong>Union Nationale des Associations Familiales<\/strong> en <strong>France<\/strong> pour consultations. En <strong>2024<\/strong>, <u>75 % des familles<\/u> utilisant ces outils rapportent une am\u00e9lioration notable.<\/p>\n<ul>\n<li>Podcasts gratuits de <strong>Radio Okapi<\/strong> sur le dialogue congolais.<\/li>\n<li>Formations en ligne de <strong>CIOFS<\/strong> pour \u00e9coute active.<\/li>\n<li>Votre engagement personnel : modifiez vos patterns pour un cercle vertueux.<\/li>\n<\/ul>\n<p>Ces ressources rendent l&rsquo;expertise accessible. Nous voyons dans votre volont\u00e9 le levier du changement.<\/p>\n<h2>Conclusion : Vers un Dialogue Familial \u00c9panouissant et Durable<\/h2>\n<p>Nous r\u00e9affirmons que cultiver un <strong>dialogue familial<\/strong> ouvert assure des relations saines, avec des gains mesurables en confiance et r\u00e9silience. Appliquez \u00e9coute active, respect et transparence pour transformer votre dynamique. Vous m\u00e9ritez ce havre : initiez un partage ce soir, exprimez-vous avec honn\u00eatet\u00e9. Vos efforts forgeront une famille unie, pr\u00eate pour l&rsquo;avenir.<\/p>\n<div style=\"background: #e8f4f8;border: 3px solid #0073aa;padding: 20px;margin: 20px 0;border-radius: 8px\">\n<h2 style=\"color: #0073aa;text-align: center;margin-bottom: 15px\">\ud83d\udd27 Ressources Pratiques et Outils<\/h2>\n<div style=\"background: white;padding: 15px;margin: 10px 0;border-left: 4px solid #28a745\">\n<h3 style=\"color: #28a745;margin-bottom: 10px\">\ud83d\udccd HEC Paris Centre Entreprises Familiales<\/h3>\n<p>Adresse : <strong>1 Rue de la Lib\u00e9ration, 78351 Jouy-en-Josas, France<\/strong><br \/>\nSite : <a href=\"https:\/\/www.hec.edu\/fr\/instituts-centres-d-expertise\/centre-entreprises-familiales\" rel=\"nofollow\" target=\"_blank\">HEC Paris Centre Entreprises Familiales<\/a><br \/>\nContact : Informations disponibles sur le site.<\/p>\n<\/div>\n<div style=\"background: white;padding: 15px;margin: 10px 0;border-left: 4px solid #007bff\">\n<h3 style=\"color: #007bff;margin-bottom: 10px\">\ud83d\udee0\ufe0f Outils et Calculateurs<\/h3>\n<p>Pour des formations et accompagnements, consultez : <a href=\"https:\/\/www.visconti.partners\/\" rel=\"nofollow\" target=\"_blank\">VISCONTI Partners<\/a> pour des programmes sur mesure concernant la gestion des conflits familiaux et la transmission d&rsquo;entreprise.<\/p>\n<\/div>\n<div style=\"background: white;padding: 15px;margin: 10px 0;border-left: 4px solid #6f42c1\">\n<h3 style=\"color: #6f42c1;margin-bottom: 10px\">\ud83d\udc65 Communaut\u00e9 et Experts<\/h3>\n<p>Participez \u00e0 des \u00e9v\u00e9nements comme le <strong>Colloque Entreprises Familiales de L\u2019Express<\/strong> le <strong>24 septembre 2025<\/strong> au Th\u00e9\u00e2tre Marigny, Paris. Plus d&rsquo;infos : <a href=\"https:\/\/www.hec.edu\/fr\/entreprises-familiales\/evenements\/colloque-entreprises-familiales-de-l-express-2025\" rel=\"nofollow\" target=\"_blank\">Colloque HEC<\/a>.<\/p>\n<p>Rejoignez la communaut\u00e9 de <strong>Family &amp; Co<\/strong> pour des forums et \u00e9v\u00e9nements : <a href=\"https:\/\/family-and-co.eu\/\" rel=\"nofollow\" target=\"_blank\">Family &amp; Co<\/a>.<\/p>\n<\/div>\n<div style=\"background: #fff3cd;padding: 15px;margin: 15px 0;border: 2px solid #ffc107;border-radius: 5px\">\n<strong style=\"color: #856404\">\ud83d\udca1 R\u00e9sum\u00e9 en 2 lignes :<\/strong><br \/>\n<span>Acc\u00e9dez \u00e0 des ressources et \u00e9v\u00e9nements d\u00e9di\u00e9s aux entreprises familiales \u00e0 Paris, incluant des formations et des forums pour renforcer le dialogue familial et la gestion des conflits.<\/span>\n<\/div>\n<\/div>\n","protected":false},"excerpt":{"rendered":"","protected":false},"author":34,"featured_media":7580,"comment_status":"open","ping_status":"open","sticky":false,"template":"","format":"standard","meta":{"_acf_changed":false,"manual_indexmenow":false,"indexmenow_id_project":0,"footnotes":""},"categories":[4522],"tags":[4714,4713,4712],"class_list":["post-7543","post","type-post","status-publish","format-standard","has-post-thumbnail","hentry","category-relations-familiales","tag-bientre-quotidien","tag-communication-bienveillante","tag-harmonie-familiale","generate-columns","tablet-grid-50","mobile-grid-100","grid-parent","grid-25"],"acf":[],"yoast_head":"<!-- This site is optimized with the Yoast SEO Premium plugin v21.3 (Yoast SEO v25.6) - https:\/\/yoast.com\/wordpress\/plugins\/seo\/ -->\n<title>Dialogue familial : renforcer les liens au quotidien<\/title>\n<meta name=\"description\" content=\"Le dialogue familial renforce les liens et favorise le bien-\u00eatre \u00e9motionnel, surtout chez les enfants.\" \/>\n<meta name=\"robots\" content=\"index, follow, max-snippet:-1, max-image-preview:large, max-video-preview:-1\" \/>\n<link rel=\"canonical\" href=\"https:\/\/com-quotidiens.fr\/blog\/relations-familiales\/comment-le-dialogue-familial-renforce-les-liens-et-favorise-le-bien-etre-quotidien\/\" \/>\n<meta property=\"og:locale\" content=\"fr_FR\" \/>\n<meta property=\"og:type\" content=\"article\" \/>\n<meta property=\"og:title\" content=\"Dialogue familial : renforcer les liens au quotidien\" \/>\n<meta property=\"og:description\" content=\"Le dialogue familial renforce les liens et favorise le bien-\u00eatre \u00e9motionnel, surtout chez les enfants.\" \/>\n<meta property=\"og:url\" content=\"https:\/\/com-quotidiens.fr\/blog\/relations-familiales\/comment-le-dialogue-familial-renforce-les-liens-et-favorise-le-bien-etre-quotidien\/\" \/>\n<meta property=\"og:site_name\" content=\"com-quotidiens\" \/>\n<meta property=\"og:image\" content=\"https:\/\/com-quotidiens.fr\/blog\/wp-content\/uploads\/2026\/03\/sdxl-e57f027cd570eda341740284eb535de5-scaled.png\" \/>\n\t<meta property=\"og:image:width\" content=\"1200\" \/>\n\t<meta property=\"og:image:height\" content=\"500\" \/>\n\t<meta property=\"og:image:type\" content=\"image\/png\" \/>\n<meta name=\"author\" content=\"Th\u00e9o R.\" \/>\n<meta name=\"twitter:card\" content=\"summary_large_image\" \/>\n<script type=\"application\/ld+json\" class=\"yoast-schema-graph\">{\"@context\":\"https:\/\/schema.org\",\"@graph\":[{\"@type\":\"NewsArticle\",\"@id\":\"https:\/\/com-quotidiens.fr\/blog\/relations-familiales\/comment-le-dialogue-familial-renforce-les-liens-et-favorise-le-bien-etre-quotidien\/#article\",\"isPartOf\":{\"@id\":\"https:\/\/com-quotidiens.fr\/blog\/relations-familiales\/comment-le-dialogue-familial-renforce-les-liens-et-favorise-le-bien-etre-quotidien\/\"},\"author\":{\"name\":\"Th\u00e9o R.\",\"@id\":\"https:\/\/com-quotidiens.fr\/blog\/#\/schema\/person\/3c864cdc320801e3db34b663e7e3f816\"},\"headline\":\"Comment le dialogue familial renforce les liens et favorise le bien-\u00eatre quotidien\",\"datePublished\":\"2026-03-19T08:57:00+00:00\",\"mainEntityOfPage\":{\"@id\":\"https:\/\/com-quotidiens.fr\/blog\/relations-familiales\/comment-le-dialogue-familial-renforce-les-liens-et-favorise-le-bien-etre-quotidien\/\"},\"wordCount\":1389,\"commentCount\":0,\"publisher\":{\"@id\":\"https:\/\/com-quotidiens.fr\/blog\/#organization\"},\"image\":{\"@id\":\"https:\/\/com-quotidiens.fr\/blog\/relations-familiales\/comment-le-dialogue-familial-renforce-les-liens-et-favorise-le-bien-etre-quotidien\/#primaryimage\"},\"thumbnailUrl\":\"https:\/\/com-quotidiens.fr\/blog\/wp-content\/uploads\/2026\/03\/sdxl-e57f027cd570eda341740284eb535de5-scaled.png\",\"keywords\":[\"bientre quotidien\",\"communication bienveillante\",\"harmonie familiale\"],\"articleSection\":[\"Relations Familiales\"],\"inLanguage\":\"fr-FR\",\"potentialAction\":[{\"@type\":\"CommentAction\",\"name\":\"Comment\",\"target\":[\"https:\/\/com-quotidiens.fr\/blog\/relations-familiales\/comment-le-dialogue-familial-renforce-les-liens-et-favorise-le-bien-etre-quotidien\/#respond\"]}]},{\"@type\":\"WebPage\",\"@id\":\"https:\/\/com-quotidiens.fr\/blog\/relations-familiales\/comment-le-dialogue-familial-renforce-les-liens-et-favorise-le-bien-etre-quotidien\/\",\"url\":\"https:\/\/com-quotidiens.fr\/blog\/relations-familiales\/comment-le-dialogue-familial-renforce-les-liens-et-favorise-le-bien-etre-quotidien\/\",\"name\":\"Dialogue familial : renforcer les liens au quotidien\",\"isPartOf\":{\"@id\":\"https:\/\/com-quotidiens.fr\/blog\/#website\"},\"primaryImageOfPage\":{\"@id\":\"https:\/\/com-quotidiens.fr\/blog\/relations-familiales\/comment-le-dialogue-familial-renforce-les-liens-et-favorise-le-bien-etre-quotidien\/#primaryimage\"},\"image\":{\"@id\":\"https:\/\/com-quotidiens.fr\/blog\/relations-familiales\/comment-le-dialogue-familial-renforce-les-liens-et-favorise-le-bien-etre-quotidien\/#primaryimage\"},\"thumbnailUrl\":\"https:\/\/com-quotidiens.fr\/blog\/wp-content\/uploads\/2026\/03\/sdxl-e57f027cd570eda341740284eb535de5-scaled.png\",\"datePublished\":\"2026-03-19T08:57:00+00:00\",\"description\":\"Le dialogue familial renforce les liens et favorise le bien-\u00eatre \u00e9motionnel, surtout chez les enfants.\",\"inLanguage\":\"fr-FR\",\"potentialAction\":[{\"@type\":\"ReadAction\",\"target\":[\"https:\/\/com-quotidiens.fr\/blog\/relations-familiales\/comment-le-dialogue-familial-renforce-les-liens-et-favorise-le-bien-etre-quotidien\/\"]}]},{\"@type\":\"ImageObject\",\"inLanguage\":\"fr-FR\",\"@id\":\"https:\/\/com-quotidiens.fr\/blog\/relations-familiales\/comment-le-dialogue-familial-renforce-les-liens-et-favorise-le-bien-etre-quotidien\/#primaryimage\",\"url\":\"https:\/\/com-quotidiens.fr\/blog\/wp-content\/uploads\/2026\/03\/sdxl-e57f027cd570eda341740284eb535de5-scaled.png\",\"contentUrl\":\"https:\/\/com-quotidiens.fr\/blog\/wp-content\/uploads\/2026\/03\/sdxl-e57f027cd570eda341740284eb535de5-scaled.png\",\"width\":1200,\"height\":500},{\"@type\":\"WebSite\",\"@id\":\"https:\/\/com-quotidiens.fr\/blog\/#website\",\"url\":\"https:\/\/com-quotidiens.fr\/blog\/\",\"name\":\"com-quotidiens.fr\",\"description\":\"Com Quotidiens, l&#039;info communication au quotidien\",\"publisher\":{\"@id\":\"https:\/\/com-quotidiens.fr\/blog\/#organization\"},\"alternateName\":\"Com Quotidiens, l'info communication au quotidien\",\"potentialAction\":[{\"@type\":\"SearchAction\",\"target\":{\"@type\":\"EntryPoint\",\"urlTemplate\":\"https:\/\/com-quotidiens.fr\/blog\/?s={search_term_string}\"},\"query-input\":{\"@type\":\"PropertyValueSpecification\",\"valueRequired\":true,\"valueName\":\"search_term_string\"}}],\"inLanguage\":\"fr-FR\"},{\"@type\":\"Organization\",\"@id\":\"https:\/\/com-quotidiens.fr\/blog\/#organization\",\"name\":\"Foretsensations.fr\",\"url\":\"https:\/\/com-quotidiens.fr\/blog\/\",\"logo\":{\"@type\":\"ImageObject\",\"inLanguage\":\"fr-FR\",\"@id\":\"https:\/\/com-quotidiens.fr\/blog\/#\/schema\/logo\/image\/\",\"url\":\"https:\/\/com-quotidiens.fr\/blog\/wp-content\/uploads\/2024\/12\/26.png\",\"contentUrl\":\"https:\/\/com-quotidiens.fr\/blog\/wp-content\/uploads\/2024\/12\/26.png\",\"width\":500,\"height\":500,\"caption\":\"Foretsensations.fr\"},\"image\":{\"@id\":\"https:\/\/com-quotidiens.fr\/blog\/#\/schema\/logo\/image\/\"}},{\"@type\":\"Person\",\"@id\":\"https:\/\/com-quotidiens.fr\/blog\/#\/schema\/person\/3c864cdc320801e3db34b663e7e3f816\",\"name\":\"Th\u00e9o R.\",\"image\":{\"@type\":\"ImageObject\",\"inLanguage\":\"fr-FR\",\"@id\":\"https:\/\/com-quotidiens.fr\/blog\/#\/schema\/person\/image\/\",\"url\":\"https:\/\/com-quotidiens.fr\/blog\/wp-content\/uploads\/2026\/06\/persona_theo-r-96x96.jpg\",\"contentUrl\":\"https:\/\/com-quotidiens.fr\/blog\/wp-content\/uploads\/2026\/06\/persona_theo-r-96x96.jpg\",\"caption\":\"Th\u00e9o R.\"},\"description\":\"Le web et la communication sont mon m\u00e9tier depuis une dizaine d'ann\u00e9es, entre r\u00e9daction, strat\u00e9gie de contenu et accompagnement de projets en ligne. J'\u00e9cris sur la cr\u00e9ation de site, le marketing digital, l'image de marque et le m\u00e9tier de r\u00e9dacteur web, avec l'envie de rendre ces sujets concrets pour les ind\u00e9pendants et les petites entreprises. J'aime expliquer comment se construit une pr\u00e9sence en ligne cr\u00e9dible, du choix des mots \u00e0 la coh\u00e9rence visuelle, sans recourir au jargon d'agence. Avant de recommander une m\u00e9thode ou un outil, je l'\u00e9prouve sur le terrain et je distingue ce qui marche vraiment des promesses \u00e0 la mode. Je me m\u00e9fie des recettes miracles en marketing, car aucune ne dispense de travail et de r\u00e9gularit\u00e9. Mon angle : donner des rep\u00e8res solides pour communiquer juste et b\u00e2tir une marque qui dure, \u00e0 hauteur de budgets r\u00e9els et d'\u00e9quipes r\u00e9duites.\",\"url\":\"https:\/\/com-quotidiens.fr\/blog\/auteur\/noname\/\",\"jobTitle\":\"R\u00e9dacteur en chef \u00b7 Web & Communication\",\"knowsAbout\":[\"Web\",\"Communication\"],\"email\":\"theo.r@clickbuzz.fr\"}]}<\/script>\n<!-- \/ Yoast SEO Premium plugin. -->","yoast_head_json":{"title":"Dialogue familial : renforcer les liens au quotidien","description":"Le dialogue familial renforce les liens et favorise le bien-\u00eatre \u00e9motionnel, surtout chez les enfants.","robots":{"index":"index","follow":"follow","max-snippet":"max-snippet:-1","max-image-preview":"max-image-preview:large","max-video-preview":"max-video-preview:-1"},"canonical":"https:\/\/com-quotidiens.fr\/blog\/relations-familiales\/comment-le-dialogue-familial-renforce-les-liens-et-favorise-le-bien-etre-quotidien\/","og_locale":"fr_FR","og_type":"article","og_title":"Dialogue familial : renforcer les liens au quotidien","og_description":"Le dialogue familial renforce les liens et favorise le bien-\u00eatre \u00e9motionnel, surtout chez les enfants.","og_url":"https:\/\/com-quotidiens.fr\/blog\/relations-familiales\/comment-le-dialogue-familial-renforce-les-liens-et-favorise-le-bien-etre-quotidien\/","og_site_name":"com-quotidiens","og_image":[{"width":1200,"height":500,"url":"https:\/\/com-quotidiens.fr\/blog\/wp-content\/uploads\/2026\/03\/sdxl-e57f027cd570eda341740284eb535de5-scaled.png","type":"image\/png"}],"author":"Th\u00e9o R.","twitter_card":"summary_large_image","schema":{"@context":"https:\/\/schema.org","@graph":[{"@type":"NewsArticle","@id":"https:\/\/com-quotidiens.fr\/blog\/relations-familiales\/comment-le-dialogue-familial-renforce-les-liens-et-favorise-le-bien-etre-quotidien\/#article","isPartOf":{"@id":"https:\/\/com-quotidiens.fr\/blog\/relations-familiales\/comment-le-dialogue-familial-renforce-les-liens-et-favorise-le-bien-etre-quotidien\/"},"author":{"name":"Th\u00e9o R.","@id":"https:\/\/com-quotidiens.fr\/blog\/#\/schema\/person\/3c864cdc320801e3db34b663e7e3f816"},"headline":"Comment le dialogue familial renforce les liens et favorise le bien-\u00eatre quotidien","datePublished":"2026-03-19T08:57:00+00:00","mainEntityOfPage":{"@id":"https:\/\/com-quotidiens.fr\/blog\/relations-familiales\/comment-le-dialogue-familial-renforce-les-liens-et-favorise-le-bien-etre-quotidien\/"},"wordCount":1389,"commentCount":0,"publisher":{"@id":"https:\/\/com-quotidiens.fr\/blog\/#organization"},"image":{"@id":"https:\/\/com-quotidiens.fr\/blog\/relations-familiales\/comment-le-dialogue-familial-renforce-les-liens-et-favorise-le-bien-etre-quotidien\/#primaryimage"},"thumbnailUrl":"https:\/\/com-quotidiens.fr\/blog\/wp-content\/uploads\/2026\/03\/sdxl-e57f027cd570eda341740284eb535de5-scaled.png","keywords":["bientre quotidien","communication bienveillante","harmonie familiale"],"articleSection":["Relations Familiales"],"inLanguage":"fr-FR","potentialAction":[{"@type":"CommentAction","name":"Comment","target":["https:\/\/com-quotidiens.fr\/blog\/relations-familiales\/comment-le-dialogue-familial-renforce-les-liens-et-favorise-le-bien-etre-quotidien\/#respond"]}]},{"@type":"WebPage","@id":"https:\/\/com-quotidiens.fr\/blog\/relations-familiales\/comment-le-dialogue-familial-renforce-les-liens-et-favorise-le-bien-etre-quotidien\/","url":"https:\/\/com-quotidiens.fr\/blog\/relations-familiales\/comment-le-dialogue-familial-renforce-les-liens-et-favorise-le-bien-etre-quotidien\/","name":"Dialogue familial : renforcer les liens au quotidien","isPartOf":{"@id":"https:\/\/com-quotidiens.fr\/blog\/#website"},"primaryImageOfPage":{"@id":"https:\/\/com-quotidiens.fr\/blog\/relations-familiales\/comment-le-dialogue-familial-renforce-les-liens-et-favorise-le-bien-etre-quotidien\/#primaryimage"},"image":{"@id":"https:\/\/com-quotidiens.fr\/blog\/relations-familiales\/comment-le-dialogue-familial-renforce-les-liens-et-favorise-le-bien-etre-quotidien\/#primaryimage"},"thumbnailUrl":"https:\/\/com-quotidiens.fr\/blog\/wp-content\/uploads\/2026\/03\/sdxl-e57f027cd570eda341740284eb535de5-scaled.png","datePublished":"2026-03-19T08:57:00+00:00","description":"Le dialogue familial renforce les liens et favorise le bien-\u00eatre \u00e9motionnel, surtout chez les enfants.","inLanguage":"fr-FR","potentialAction":[{"@type":"ReadAction","target":["https:\/\/com-quotidiens.fr\/blog\/relations-familiales\/comment-le-dialogue-familial-renforce-les-liens-et-favorise-le-bien-etre-quotidien\/"]}]},{"@type":"ImageObject","inLanguage":"fr-FR","@id":"https:\/\/com-quotidiens.fr\/blog\/relations-familiales\/comment-le-dialogue-familial-renforce-les-liens-et-favorise-le-bien-etre-quotidien\/#primaryimage","url":"https:\/\/com-quotidiens.fr\/blog\/wp-content\/uploads\/2026\/03\/sdxl-e57f027cd570eda341740284eb535de5-scaled.png","contentUrl":"https:\/\/com-quotidiens.fr\/blog\/wp-content\/uploads\/2026\/03\/sdxl-e57f027cd570eda341740284eb535de5-scaled.png","width":1200,"height":500},{"@type":"WebSite","@id":"https:\/\/com-quotidiens.fr\/blog\/#website","url":"https:\/\/com-quotidiens.fr\/blog\/","name":"com-quotidiens.fr","description":"Com Quotidiens, l&#039;info communication au quotidien","publisher":{"@id":"https:\/\/com-quotidiens.fr\/blog\/#organization"},"alternateName":"Com Quotidiens, l'info communication au quotidien","potentialAction":[{"@type":"SearchAction","target":{"@type":"EntryPoint","urlTemplate":"https:\/\/com-quotidiens.fr\/blog\/?s={search_term_string}"},"query-input":{"@type":"PropertyValueSpecification","valueRequired":true,"valueName":"search_term_string"}}],"inLanguage":"fr-FR"},{"@type":"Organization","@id":"https:\/\/com-quotidiens.fr\/blog\/#organization","name":"Foretsensations.fr","url":"https:\/\/com-quotidiens.fr\/blog\/","logo":{"@type":"ImageObject","inLanguage":"fr-FR","@id":"https:\/\/com-quotidiens.fr\/blog\/#\/schema\/logo\/image\/","url":"https:\/\/com-quotidiens.fr\/blog\/wp-content\/uploads\/2024\/12\/26.png","contentUrl":"https:\/\/com-quotidiens.fr\/blog\/wp-content\/uploads\/2024\/12\/26.png","width":500,"height":500,"caption":"Foretsensations.fr"},"image":{"@id":"https:\/\/com-quotidiens.fr\/blog\/#\/schema\/logo\/image\/"}},{"@type":"Person","@id":"https:\/\/com-quotidiens.fr\/blog\/#\/schema\/person\/3c864cdc320801e3db34b663e7e3f816","name":"Th\u00e9o R.","image":{"@type":"ImageObject","inLanguage":"fr-FR","@id":"https:\/\/com-quotidiens.fr\/blog\/#\/schema\/person\/image\/","url":"https:\/\/com-quotidiens.fr\/blog\/wp-content\/uploads\/2026\/06\/persona_theo-r-96x96.jpg","contentUrl":"https:\/\/com-quotidiens.fr\/blog\/wp-content\/uploads\/2026\/06\/persona_theo-r-96x96.jpg","caption":"Th\u00e9o R."},"description":"Le web et la communication sont mon m\u00e9tier depuis une dizaine d'ann\u00e9es, entre r\u00e9daction, strat\u00e9gie de contenu et accompagnement de projets en ligne. J'\u00e9cris sur la cr\u00e9ation de site, le marketing digital, l'image de marque et le m\u00e9tier de r\u00e9dacteur web, avec l'envie de rendre ces sujets concrets pour les ind\u00e9pendants et les petites entreprises. J'aime expliquer comment se construit une pr\u00e9sence en ligne cr\u00e9dible, du choix des mots \u00e0 la coh\u00e9rence visuelle, sans recourir au jargon d'agence. Avant de recommander une m\u00e9thode ou un outil, je l'\u00e9prouve sur le terrain et je distingue ce qui marche vraiment des promesses \u00e0 la mode. Je me m\u00e9fie des recettes miracles en marketing, car aucune ne dispense de travail et de r\u00e9gularit\u00e9. Mon angle : donner des rep\u00e8res solides pour communiquer juste et b\u00e2tir une marque qui dure, \u00e0 hauteur de budgets r\u00e9els et d'\u00e9quipes r\u00e9duites.","url":"https:\/\/com-quotidiens.fr\/blog\/auteur\/noname\/","jobTitle":"R\u00e9dacteur en chef \u00b7 Web & Communication","knowsAbout":["Web","Communication"],"email":"theo.r@clickbuzz.fr"}]}},"_links":{"self":[{"href":"https:\/\/com-quotidiens.fr\/blog\/wp-json\/wp\/v2\/posts\/7543","targetHints":{"allow":["GET"]}}],"collection":[{"href":"https:\/\/com-quotidiens.fr\/blog\/wp-json\/wp\/v2\/posts"}],"about":[{"href":"https:\/\/com-quotidiens.fr\/blog\/wp-json\/wp\/v2\/types\/post"}],"author":[{"embeddable":true,"href":"https:\/\/com-quotidiens.fr\/blog\/wp-json\/wp\/v2\/users\/34"}],"replies":[{"embeddable":true,"href":"https:\/\/com-quotidiens.fr\/blog\/wp-json\/wp\/v2\/comments?post=7543"}],"version-history":[{"count":1,"href":"https:\/\/com-quotidiens.fr\/blog\/wp-json\/wp\/v2\/posts\/7543\/revisions"}],"predecessor-version":[{"id":7579,"href":"https:\/\/com-quotidiens.fr\/blog\/wp-json\/wp\/v2\/posts\/7543\/revisions\/7579"}],"wp:featuredmedia":[{"embeddable":true,"href":"https:\/\/com-quotidiens.fr\/blog\/wp-json\/wp\/v2\/media\/7580"}],"wp:attachment":[{"href":"https:\/\/com-quotidiens.fr\/blog\/wp-json\/wp\/v2\/media?parent=7543"}],"wp:term":[{"taxonomy":"category","embeddable":true,"href":"https:\/\/com-quotidiens.fr\/blog\/wp-json\/wp\/v2\/categories?post=7543"},{"taxonomy":"post_tag","embeddable":true,"href":"https:\/\/com-quotidiens.fr\/blog\/wp-json\/wp\/v2\/tags?post=7543"}],"curies":[{"name":"wp","href":"https:\/\/api.w.org\/{rel}","templated":true}]}}