{"id":7541,"date":"2026-03-12T09:27:00","date_gmt":"2026-03-12T08:27:00","guid":{"rendered":"https:\/\/com-quotidiens.fr\/blog\/?p=7541"},"modified":"2026-03-12T09:27:00","modified_gmt":"2026-03-12T08:27:00","slug":"comment-lassertivite-favorise-une-communication-efficace-au-travail","status":"publish","type":"post","link":"https:\/\/com-quotidiens.fr\/blog\/communication-professionnelle\/comment-lassertivite-favorise-une-communication-efficace-au-travail\/","title":{"rendered":"Comment l&rsquo;assertivit\u00e9 favorise une communication efficace au travail"},"content":{"rendered":"<div style=\"background: linear-gradient(135deg, #f5f7fa 0%, #e9ecef 100%);border-left: 4px solid #0073aa;padding: 15px 20px;margin: 0 0 25px 0;border-radius: 0 8px 8px 0\">\n<p style=\"margin: 0;font-size: 14px;color: #0073aa;font-weight: 600;text-transform: uppercase;letter-spacing: 1px;margin-bottom: 10px\">\ud83d\udccb En bref<\/p>\n<ul style=\"margin: 0;padding-left: 20px;list-style-type: none\">\n<li style=\"margin: 5px 0;color: #333;font-size: 15px;line-height: 1.5;position: relative;padding-left: 15px\"><span style=\"position: absolute;left: 0;color: #0073aa\">\u25b8<\/span> L&#039;assertivit\u00e9 permet d&#039;exprimer ses besoins et opinions de mani\u00e8re claire et respectueuse, favorisant une communication efficace. Elle se situe entre communication passive et agressive, \u00e9tablissant un dialogue authentique. Cette comp\u00e9tence am\u00e9liore les relations professionnelles et r\u00e9duit le stress au travail.<\/li>\n<\/ul>\n<\/div>\n<h1>Assertivit\u00e9 : Cl\u00e9 de la Communication Efficace au Travail<\/h1>\n<h2>Qu&rsquo;est-ce que l&rsquo;Assertivit\u00e9 ?<\/h2>\n<p><strong>L&rsquo;assertivit\u00e9<\/strong> se d\u00e9finit comme <u>la capacit\u00e9 \u00e0 exprimer ses opinions, ses besoins et ses \u00e9motions de mani\u00e8re claire, directe et respectueuse, sans agressivit\u00e9 ni passivit\u00e9<\/u>. Ce terme provient de l&rsquo;anglais  to assert ?, signifiant s&rsquo;affirmer. Contrairement \u00e0 une id\u00e9e re\u00e7ue, l&rsquo;assertivit\u00e9 ne consiste pas \u00e0 imposer son point de vue ou \u00e0 \u00e9craser les autres, mais plut\u00f4t \u00e0 trouver un \u00e9quilibre fondamental : celui o\u00f9 chacun peut s&rsquo;exprimer authentiquement tout en reconnaissant la l\u00e9gitimit\u00e9 des pr\u00e9occupations d&rsquo;autrui. Cette posture relationnelle repose sur trois piliers essentiels : un \u00e9tat d&rsquo;esprit ancr\u00e9 dans le respect mutuel, des attitudes d&rsquo;affirmation de soi sereine, et une <strong>communication non violente<\/strong> utilisant un langage corporel, verbal et paraverbal facilitant l&rsquo;\u00e9change dans un esprit de coop\u00e9ration.<\/p>\n<p>Pour bien comprendre l&rsquo;assertivit\u00e9, nous devons la distinguer des deux styles de communication extr\u00eames. La <strong>communication passive<\/strong> consiste \u00e0 \u00e9viter l&rsquo;expression de ses besoins, ce qui engendre frustration, ressentiment et minoration de soi. \u00c0 l&rsquo;oppos\u00e9, la <strong>communication agressive<\/strong> impose ses id\u00e9es sans consid\u00e9ration pour les autres, g\u00e9n\u00e9rant tension, m\u00e9fiance et ruptures relationnelles. L&rsquo;assertivit\u00e9 se positionne pr\u00e9cis\u00e9ment entre ces deux extr\u00eames, permettant \u00e0 chacun de se sentir entendu, valoris\u00e9 et respect\u00e9. Une personne assertive ose s&rsquo;affirmer sans \u00e9craser son interlocuteur, sait exprimer ses d\u00e9saccords de mani\u00e8re constructive et r\u00e9agit de mani\u00e8re appropri\u00e9e face aux critiques et aux conflits.<\/p>\n<p>Cette comp\u00e9tence relationnelle s&rsquo;inscrit d\u00e9sormais parmi les <strong>soft skills essentiels<\/strong> recherch\u00e9s par les recruteurs. Dans un contexte professionnel o\u00f9 la collaboration prime, o\u00f9 les \u00e9quipes se composent de profils vari\u00e9s et o\u00f9 les enjeux de communication deviennent critiques, l&rsquo;assertivit\u00e9 devient un v\u00e9ritable diff\u00e9renciateur. Elle cr\u00e9e les conditions d&rsquo;un dialogue authentique, favorise l&rsquo;innovation par l&rsquo;expression diverse des id\u00e9es et contribue \u00e0 un environnement de travail sain, productif et harmonieux.<\/p>\n<h2>Les B\u00e9n\u00e9fices Concrets de l&rsquo;Assertivit\u00e9 en Milieu Professionnel<\/h2>\n<p>D\u00e9velopper son assertivit\u00e9 produit des effets mesurables et imm\u00e9diats sur la qualit\u00e9 des relations professionnelles et l&rsquo;efficacit\u00e9 organisationnelle. Sur le plan relationnel, la communication assertive \u00e9tablit des bases solides de confiance mutuelle. En exprimant clairement vos attentes, limites et pr\u00e9occupations, vous cr\u00e9ez un cadre transparent qui \u00e9limine les malentendus chroniques source de conflits. Les collaborateurs qui pratiquent l&rsquo;assertivit\u00e9 d\u00e9veloppent naturellement une meilleure compr\u00e9hension des enjeux collectifs et une aptitude accrue \u00e0 r\u00e9soudre les conflits de mani\u00e8re \u00e9quilibr\u00e9e et bienveillante.<\/p>\n<p>Sur le plan psychologique et \u00e9motionnel, l&rsquo;assertivit\u00e9 r\u00e9duit consid\u00e9rablement le stress professionnel. Cette boule au ventre? ressentie lors d&rsquo;un \u00e9change avec un sup\u00e9rieur, ou cette tension anticip\u00e9e d&rsquo;une conversation susceptible de d\u00e9g\u00e9n\u00e9rer en dispute disparaissent progressivement. Lorsqu&rsquo;on sait que l&rsquo;interlocuteur vise \u00e0 s&rsquo;affirmer tout en respectant l&rsquo;autre, m\u00eame les situations complexes deviennent seraines et g\u00e9rables. Cette atmosph\u00e8re apais\u00e9e favorise des \u00e9changes productifs plut\u00f4t que d\u00e9fensifs. Le <strong>refus positif<\/strong>, l&rsquo;une des composantes cl\u00e9s de l&rsquo;assertivit\u00e9, permet \u00e0 chacun de fixer des limites sans culpabilit\u00e9 excessive, ce qui r\u00e9duit l&rsquo;\u00e9puisement professionnel et pr\u00e9serve l&rsquo;engagement.<\/p>\n<p>Pour le leadership et le d\u00e9veloppement personnel, l&rsquo;assertivit\u00e9 s&rsquo;av\u00e8re fondamentale. Elle renforce consid\u00e9rablement la confiance en soi, en transformant les sentiments de frustration et de ressentiment en expression claire des besoins. Un leader assertif inspire son \u00e9quipe en d\u00e9montrant comment s&rsquo;affirmer tout en respectant les autres. Cette posture de management encourage l&rsquo;autonomie et la prise d&rsquo;initiative chez les collaborateurs, renfor\u00e7ant leur sentiment de confiance et leur engagement envers les objectifs organisationnels. Une gestion d&rsquo;\u00e9quipe assertive, bas\u00e9e sur la <strong>clarification des attentes<\/strong> et le respect des id\u00e9es de chacun, augmente directement la performance collective et la satisfaction professionnelle.<\/p>\n<h2>Les Techniques Fondamentales pour Cultiver l&rsquo;Assertivit\u00e9<\/h2>\n<p>D\u00e9velopper l&rsquo;assertivit\u00e9 suppose la ma\u00eetrise progressive de techniques de communication sp\u00e9cifiques. La premi\u00e8re d&rsquo;entre elles, le <strong>je-message<\/strong>, consiste \u00e0 exprimer ses pens\u00e9es, sentiments et besoins en utilisant la premi\u00e8re personne singuli\u00e8re. Par exemple, au lieu de dire  Tu n&rsquo;as jamais consid\u00e9r\u00e9 mon avis sur ce projet ?, formez plut\u00f4t  Je me sens frustr\u00e9 de ne pas avoir eu l&rsquo;occasion de partager mon perspective sur ce projet ?. Cette formulation expose votre ressenti sans accusation directe, ce qui diminue imm\u00e9diatement la r\u00e9activit\u00e9 d\u00e9fensive de votre interlocuteur et cr\u00e9e un espace de dialogue authentique.<\/p>\n<p>L&rsquo;<strong>\u00e9coute active<\/strong> constitue le pendant indispensable de l&rsquo;expression assertive. Elle implique de montrer r\u00e9elle empathie, de poser des questions clarifiantes et de d\u00e9montrer qu&rsquo;on a compris les pr\u00e9occupations de son interlocuteur avant de formuler sa propre position. Comprendre le point de vue des autres, leurs besoins et leurs interrogations cr\u00e9e un fondement de respect mutuel essentiel. Cette approche bidirectionnelle transforme un \u00e9change potentiellement conflictuel en conversation collaborative o\u00f9 les deux parties se sentent \u00e9cout\u00e9es et valoris\u00e9es.<\/p>\n<p>Le <strong>refus positif<\/strong> et la fixation de limites saines constituent une autre comp\u00e9tence critique. Savoir dire non sans culpabilit\u00e9 excessive, en expliquant les raisons et en proposant des alternatives si possible, permet de pr\u00e9server vos ressources et votre int\u00e9grit\u00e9 professionnelle. Un refus assertif ressemble \u00e0 ceci :  Je ne peux pas m&rsquo;engager sur ce projet cette semaine en raison de mes priorit\u00e9s actuelles, mais je peux vous aider d\u00e8s la semaine suivante ?. Enfin, le <strong>feedback constructif<\/strong>, donn\u00e9 et re\u00e7u de mani\u00e8re ouverte, renforce l&rsquo;assertivit\u00e9 collective. Un feedback assertif reste sp\u00e9cifique, factuel, orient\u00e9 vers l&rsquo;am\u00e9lioration, et se formule dans un esprit de collaboration plut\u00f4t que de critique personnelle.<\/p>\n<h2>L&rsquo;Assertivit\u00e9 en Situation de Conflit : Strat\u00e9gies \u00c9prouv\u00e9es<\/h2>\n<p>Les situations conflictuelles testent r\u00e9ellement notre capacit\u00e9 assertive. Face \u00e0 un coll\u00e8gue qui vous attribue injustement le travail d&rsquo;un tiers, une r\u00e9ponse assertive ressemblerait \u00e0 :  J&rsquo;appr\u00e9cie votre reconnaissance, mais je souhaite clarifier que ce projet a \u00e9t\u00e9 r\u00e9alis\u00e9 par notre \u00e9quipe, et voici les contributions sp\u00e9cifiques de chacun ?. Cette formulation affirme les faits objectifs, reconna\u00eet le point positif de votre interlocuteur et r\u00e9tablit la v\u00e9rit\u00e9 sans hostilit\u00e9. Adopter une posture assertive en situation conflictuelle aide \u00e0 <u>d\u00e9samorcer les tensions plut\u00f4t que de les amplifier<\/u>. Une communication claire des besoins et des pr\u00e9occupations, sans culpabilisation, permet d&rsquo;identifier les points communs et de chercher des solutions mutuellement b\u00e9n\u00e9fiques.<\/p>\n<p>La pr\u00e9vention demeure cependant plus efficace que la r\u00e9solution. L&rsquo;assertivit\u00e9 permet de pr\u00e9venir nombre de conflits en communiquant clairement d\u00e8s le d\u00e9part sur les attentes, les limites et les pr\u00e9occupations. Une expression pr\u00e9coce et respectueuse des probl\u00e8mes \u00e9vite qu&rsquo;ils ne s&rsquo;accumulent et ne cr\u00e9ent des crises futures. Par exemple, si une surcharge de travail commence \u00e0 vous peser, plut\u00f4t que d&rsquo;attendre l&rsquo;\u00e9puisement, abordez le sujet avec votre manager :  Je remarque que le volume de travail augmente constamment. Pour maintenir la qualit\u00e9 de mes livrables, nous pourrions revoir ma charge de travail ou m&rsquo;accorder des ressources suppl\u00e9mentaires ?. Cette approche proactive pr\u00e9vient frustration et dysfonctionnement.<\/p>\n<h2>Obstacles \u00e0 l&rsquo;Assertivit\u00e9 et Solutions Pratiques<\/h2>\n<p>D\u00e9velopper l&rsquo;assertivit\u00e9 pr\u00e9sente toutefois des d\u00e9fis r\u00e9els. Les obstacles psychologiques figurent en premi\u00e8re ligne : la peur du jugement, l&rsquo;anxi\u00e9t\u00e9 sociale et la crainte du rejet constituent des barri\u00e8res communes. Ces craintes peuvent \u00eatre surmont\u00e9es progressivement par une prise de conscience de ses droits professionnels l\u00e9gitimes et une pratique gradu\u00e9e dans des situations de faible enjeu avant d&rsquo;avancer vers des contextes plus complexes. Commencez par affirmer votre position sur des sujets mineurs avec des personnes de confiance, puis \u00e9largissez progressivement \u00e0 des situations plus d\u00e9licates.<\/p>\n<p>Les obstacles culturels et organisationnels demeurent souvent sous-estim\u00e9s. Certaines cultures d&rsquo;entreprise valorisent peu la communication directe, privil\u00e9giant plut\u00f4t l&rsquo;implicite ou la hi\u00e9rarchie stricte, ce qui rend difficile la pratique authentique de l&rsquo;assertivit\u00e9. Dans ces environnements, cultiver l&rsquo;assertivit\u00e9 peut sembler contreculture. Des formations sp\u00e9cialis\u00e9es en communication et des ateliers de d\u00e9veloppement personnel permettent progressivement de transformer ces normes implicites et de cr\u00e9er un nouveau cadre normatif valorisant l&rsquo;expression respectueuse. Les traumas relationnels ou les exp\u00e9riences d&rsquo;intimidation pass\u00e9es g\u00e9n\u00e8rent des croyances limitantes sur la s\u00e9curit\u00e9 de l&rsquo;expression de soi. Travailler sur ces croyances, souvent accompagn\u00e9 professionnellement par un coach ou un th\u00e9rapeute, permet de reconqu\u00e9rir graduellement sa capacit\u00e9 \u00e0 s&rsquo;affirmer sainement.<\/p>\n<h2>Assertivit\u00e9 et Leadership : Transformer les \u00c9quipes<\/h2>\n<p>Les leaders qui ma\u00eetrisent l&rsquo;assertivit\u00e9 cr\u00e9ent des environnements professionnels radicalement diff\u00e9rents. Ils inspirent leurs \u00e9quipes en d\u00e9montrant concr\u00e8tement comment s&rsquo;exprimer clairement, respecter les limites d&rsquo;autrui et g\u00e9rer les conflits constructivement. Cette posture de leadership transparente et bienveillante l\u00e9gitime l&rsquo;expression authentique de chacun et invite les collaborateurs \u00e0 participer pleinement plut\u00f4t que de rester en retrait par crainte de repr\u00e9sailles. Une <strong>gestion d&rsquo;\u00e9quipe assertive<\/strong> implique de communiquer clairement les objectifs organisationnels, d&rsquo;\u00e9couter r\u00e9ellement les pr\u00e9occupations des collaborateurs et d&rsquo;\u00e9tablir des attentes \u00e9quitables applicables \u00e0 tous.<\/p>\n<p>Les leaders assertifs maintiennent le respect mutuel tout en fixant des limites professionnelles claires et non n\u00e9gociables. Cet \u00e9quilibre d\u00e9lib\u00e9r\u00e9 cr\u00e9e un environnement de travail sain o\u00f9 la performance s&rsquo;accompagne du bien-\u00eatre collectif. Lorsque le leadership adopte l&rsquo;assertivit\u00e9, elle se propage naturellement dans toute l&rsquo;organisation, favorisant l&rsquo;innovation par l&rsquo;expression de perspectives diverses, renfor\u00e7ant la collaboration interfonctionnelle et instaurant un climat de respect mutuel. Cette transformation culturelle contribue directement \u00e0 la performance organisationnelle mesurable, \u00e0 la satisfaction des collaborateurs et \u00e0 la r\u00e9duction du turnover.<\/p>\n<h2>Outils Pratiques et Parcours de D\u00e9veloppement<\/h2>\n<p>Pour progresser efficacement, nous recommandons une approche structur\u00e9e combinant auto\u00e9valuation et pratique r\u00e9guli\u00e8re. Commencez par identifier votre profil communication personnel \u00e0 travers des exercices simples : enregistrez-vous lors de conversations professionnelles et \u00e9coutez-vous en toute objectivit\u00e9, pratiquez le je-message en miroir avec un coll\u00e8gue de confiance, simulez les situations difficiles anticip\u00e9es. Ces exercices permettent d&rsquo;int\u00e9grer progressivement les techniques assertives dans votre quotidien professionnel. Voici les \u00e9l\u00e9ments cl\u00e9s \u00e0 travailler :<\/p>\n<ul>\n<li><strong>Reconnaissance des patterns communication actuels<\/strong> : Identifiez les situations o\u00f9 vous adoptez un style passif (retrait, silence), agressif (attaque, culpabilisation) ou assertif (expression claire et respectueuse)<\/li>\n<li><strong>Pratique du je-message<\/strong> : Transformez progressivement vos affirmations pour utiliser  Je ? plut\u00f4t que  Tu ? ou  On ?, en partant de situations simples<\/li>\n<li><strong>Entra\u00eenement \u00e0 l&rsquo;\u00e9coute active<\/strong> : Pratiquez la reformulation, les questions clarifiantes et la d\u00e9monstration d&#8217;empathie sinc\u00e8re<\/li>\n<li><strong>Ma\u00eetrise du refus positif<\/strong> : Apprenez \u00e0 d\u00e9cliner des demandes de mani\u00e8re respectueuse mais ferme, avec justification et alternatives<\/li>\n<li><strong>Feedback constructif bidirectionnel<\/strong> : Entra\u00eenez-vous \u00e0 donner et recevoir des retours de mani\u00e8re ouverte et orient\u00e9e vers l&rsquo;am\u00e9lioration<\/li>\n<\/ul>\n<p>S&rsquo;\u00e9valuer r\u00e9guli\u00e8rement sur son niveau d&rsquo;assertivit\u00e9 dans diff\u00e9rents contextes permet de suivre sa progression tangible. Identifier les situations o\u00f9 vous restez passif, o\u00f9 vous basculez en agressivit\u00e9 ou o\u00f9 vous maintenez l&rsquo;assertivit\u00e9 aide \u00e0 cibler pr\u00e9cis\u00e9ment vos efforts de d\u00e9veloppement. Nombreuses organisations proposent des formations sp\u00e9cialis\u00e9es, coachings individuels et applications de d\u00e9veloppement personnel offrant des parcours structur\u00e9s pour progresser. Ces ressources fournissent un cadre d&rsquo;apprentissage et un soutien continu pour transformer l&rsquo;assertivit\u00e9 en habitude naturelle et ancr\u00e9e dans votre identit\u00e9 professionnelle.<\/p>\n<h2>Int\u00e9grer l&rsquo;Assertivit\u00e9 dans sa Culture Professionnelle<\/h2>\n<p>L&rsquo;assertivit\u00e9 ne se limite pas aux interactions ponctuelles : elle doit devenir un \u00e9l\u00e9ment de votre culture professionnelle durable. Cela signifie aligner vos actes quotidiens avec les principes assertifs, m\u00eame lors de situations stressantes ou de forte charge \u00e9motionnelle. <u>L&rsquo;assertivit\u00e9 n&rsquo;est pas une simple technique de communication, mais une posture fondamentale qui transforme la dynamique relationnelle<\/u> au travail. Pour vous approprier r\u00e9ellement cette comp\u00e9tence, examinez vos valeurs professionnelles profondes : qu&rsquo;est-ce qui compte vraiment pour vous ? Quels principes refusez-vous de compromettre ? Une assertivit\u00e9 authentique na\u00eet de cette clart\u00e9 interne sur vos valeurs.<\/p>\n<p>Au sein des organisations, institutionnaliser l&rsquo;assertivit\u00e9 suppose que les leaders la mod\u00e9lisent r\u00e9guli\u00e8rement et la valorisent explicitement. Les r\u00e9unions d&rsquo;\u00e9quipe deviennent des espaces o\u00f9 diverses perspectives sont sollicit\u00e9es activement, o\u00f9 les d\u00e9saccords constructifs sont encourag\u00e9s et o\u00f9 les critiques se formulent de mani\u00e8re bienveillante. Cette transformation culturelle ne s&rsquo;op\u00e8re pas du jour au lendemain : elle r\u00e9sulte d&rsquo;une intention strat\u00e9gique soutenue, d&rsquo;une formation progressive et d&rsquo;une reconnaissance visible de comportements assertifs positifs. Les organisations pionni\u00e8res dans cette approche constatent rapidement une augmentation de l&rsquo;engagement, une r\u00e9duction du stress professionnel et une am\u00e9lioration notable des indicateurs de performance collective.<\/p>\n<h2>L&rsquo;Assertivit\u00e9 comme Catalyseur de Transformation Professionnelle<\/h2>\n<p>L&rsquo;assertivit\u00e9 transcende la simple technique pour devenir un v\u00e9ritable transformateur de carri\u00e8re et de culture organisationnelle. En cultivant cette comp\u00e9tence essentielle, chacun peut exprimer ses besoins l\u00e9gitimes, g\u00e9rer les conflits constructivement et contribuer authentiquement \u00e0 un environnement professionnel respectueux et performant. Les b\u00e9n\u00e9fices s&rsquo;\u00e9tendent bien au-del\u00e0 des relations imm\u00e9diates : vous constatez une confiance en soi renforc\u00e9e, un stress r\u00e9duit, un leadership d\u00e9velopp\u00e9 et une performance accrue dans vos responsabilit\u00e9s. Commencez d\u00e8s aujourd&rsquo;hui votre transformation vers une assertivit\u00e9 authentique, en identifiant un domaine sp\u00e9cifique o\u00f9 vous pourriez progresser cette semaine. Que ce soit exprimer un d\u00e9saccord constructif lors d&rsquo;une r\u00e9union, refuser une demande d\u00e9raisonnable ou partager vos id\u00e9es innovantes, chaque acte assertif renforce votre capacit\u00e9 \u00e0 le faire \u00e0 nouveau. Le monde professionnel contemporain a pr\u00e9cis\u00e9ment besoin de communicants assertifs qui osent dire clairement, \u00e9coutent mieux et r\u00e9ussissent davantage. Votre responsabilit\u00e9 consiste \u00e0 amorcer ce changement, en commen\u00e7ant par vous-m\u00eame.<\/p>\n<div style=\"background: #e8f4f8;border: 3px solid #0073aa;padding: 20px;margin: 20px 0;border-radius: 8px\">\n<h2 style=\"color: #0073aa;text-align: center;margin-bottom: 15px\">\ud83d\udd27 Ressources Pratiques et Outils<\/h2>\n<div style=\"background: white;padding: 15px;margin: 10px 0;border-left: 4px solid #28a745\">\n<h3 style=\"color: #28a745;margin-bottom: 10px\">\ud83d\udccd HumanCentric Formations<\/h3>\n<p>Sp\u00e9cialit\u00e9 : Formation assertivit\u00e9<br \/>\nSites : Paris &amp; Lyon<br \/>\nDur\u00e9e : 2 jours<br \/>\nTarif : 1650\u20ac TTC \/ jour \/ groupe de 8 personnes (2025)<br \/>\nModalit\u00e9s : Intra-entreprise, en ligne, formations sur mesure<br \/>\nContact : <a href=\"https:\/\/www.humancentric.fr\/contact\" rel=\"nofollow\">formulaire de contact sur le site<\/a><br \/>\nCertifications : QUALIOPI<\/p>\n<\/div>\n<div style=\"background: white;padding: 15px;margin: 10px 0;border-left: 4px solid #007bff\">\n<h3 style=\"color: #007bff;margin-bottom: 10px\">\ud83d\udee0\ufe0f Outils et M\u00e9thodes<\/h3>\n<p>Utilisez la <strong>M\u00e9thode DESC<\/strong> : D\u00e9crire, Exprimer, Sp\u00e9cifier, Cons\u00e9quences pour am\u00e9liorer votre assertivit\u00e9. Pratiquez des techniques telles que la reformulation, la validation et l&rsquo;\u00e9coute active pour renforcer vos comp\u00e9tences en communication.<\/p>\n<\/div>\n<div style=\"background: white;padding: 15px;margin: 10px 0;border-left: 4px solid #6f42c1\">\n<h3 style=\"color: #6f42c1;margin-bottom: 10px\">\ud83d\udc65 \u00c9L\u00c9AS &#8211; Cabinet Conseil<\/h3>\n<p>Sp\u00e9cialit\u00e9 : Expert en sant\u00e9 mentale au travail, pr\u00e9vention des risques psychosociaux (RPS)<br \/>\nServices : Formations 2025 en pr\u00e9vention RPS, QVCT, management, inclusion<br \/>\nCertifications : QUALIOPI<br \/>\nSite officiel : <a href=\"https:\/\/eleas.fr\" rel=\"nofollow\">eleas.fr<\/a><\/p>\n<\/div>\n<div style=\"background: #fff3cd;padding: 15px;margin: 15px 0;border: 2px solid #ffc107;border-radius: 5px\">\n<strong style=\"color: #856404\">\ud83d\udca1 R\u00e9sum\u00e9 en 2 lignes :<\/strong><br \/>\n<span>D\u00e9veloppez votre assertivit\u00e9 avec des formations sp\u00e9cialis\u00e9es comme celles propos\u00e9es par HumanCentric et \u00c9L\u00c9AS, qui offrent des outils pratiques pour am\u00e9liorer la communication au travail.<\/span>\n<\/div>\n<\/div>\n","protected":false},"excerpt":{"rendered":"","protected":false},"author":34,"featured_media":7576,"comment_status":"open","ping_status":"open","sticky":false,"template":"","format":"standard","meta":{"_acf_changed":false,"manual_indexmenow":false,"indexmenow_id_project":0,"footnotes":""},"categories":[4523],"tags":[4708,4709,4710],"class_list":["post-7541","post","type-post","status-publish","format-standard","has-post-thumbnail","hentry","category-communication-professionnelle","tag-assertivit-travail","tag-communication-efficace","tag-gestion-conflits","generate-columns","tablet-grid-50","mobile-grid-100","grid-parent","grid-25"],"acf":[],"yoast_head":"<!-- This site is optimized with the Yoast SEO Premium plugin v21.3 (Yoast SEO v25.6) - https:\/\/yoast.com\/wordpress\/plugins\/seo\/ -->\n<title>L&#039;assertivit\u00e9 au service d&#039;une communication efficace<\/title>\n<meta name=\"description\" content=\"L&#039;assertivit\u00e9 permet d&#039;exprimer ses besoins et opinions de mani\u00e8re claire et respectueuse, favorisant une communication efficace.\" \/>\n<meta name=\"robots\" content=\"index, follow, max-snippet:-1, max-image-preview:large, max-video-preview:-1\" \/>\n<link rel=\"canonical\" href=\"https:\/\/com-quotidiens.fr\/blog\/communication-professionnelle\/comment-lassertivite-favorise-une-communication-efficace-au-travail\/\" \/>\n<meta property=\"og:locale\" content=\"fr_FR\" \/>\n<meta property=\"og:type\" content=\"article\" \/>\n<meta property=\"og:title\" content=\"L&#039;assertivit\u00e9 au service d&#039;une communication efficace\" \/>\n<meta property=\"og:description\" content=\"L&#039;assertivit\u00e9 permet d&#039;exprimer ses besoins et opinions de mani\u00e8re claire et respectueuse, favorisant une communication efficace.\" \/>\n<meta property=\"og:url\" content=\"https:\/\/com-quotidiens.fr\/blog\/communication-professionnelle\/comment-lassertivite-favorise-une-communication-efficace-au-travail\/\" \/>\n<meta property=\"og:site_name\" content=\"com-quotidiens\" \/>\n<meta property=\"og:image\" content=\"https:\/\/com-quotidiens.fr\/blog\/wp-content\/uploads\/2026\/03\/sdxl-06c1eccdce561bb81c3520c71b08b5d4-scaled.png\" \/>\n\t<meta property=\"og:image:width\" content=\"1200\" \/>\n\t<meta property=\"og:image:height\" content=\"500\" \/>\n\t<meta property=\"og:image:type\" content=\"image\/png\" \/>\n<meta name=\"author\" content=\"Th\u00e9o R.\" \/>\n<meta name=\"twitter:card\" content=\"summary_large_image\" \/>\n<script type=\"application\/ld+json\" class=\"yoast-schema-graph\">{\"@context\":\"https:\/\/schema.org\",\"@graph\":[{\"@type\":\"NewsArticle\",\"@id\":\"https:\/\/com-quotidiens.fr\/blog\/communication-professionnelle\/comment-lassertivite-favorise-une-communication-efficace-au-travail\/#article\",\"isPartOf\":{\"@id\":\"https:\/\/com-quotidiens.fr\/blog\/communication-professionnelle\/comment-lassertivite-favorise-une-communication-efficace-au-travail\/\"},\"author\":{\"name\":\"Th\u00e9o R.\",\"@id\":\"https:\/\/com-quotidiens.fr\/blog\/#\/schema\/person\/3c864cdc320801e3db34b663e7e3f816\"},\"headline\":\"Comment l&rsquo;assertivit\u00e9 favorise une communication efficace au travail\",\"datePublished\":\"2026-03-12T08:27:00+00:00\",\"mainEntityOfPage\":{\"@id\":\"https:\/\/com-quotidiens.fr\/blog\/communication-professionnelle\/comment-lassertivite-favorise-une-communication-efficace-au-travail\/\"},\"wordCount\":2556,\"commentCount\":0,\"publisher\":{\"@id\":\"https:\/\/com-quotidiens.fr\/blog\/#organization\"},\"image\":{\"@id\":\"https:\/\/com-quotidiens.fr\/blog\/communication-professionnelle\/comment-lassertivite-favorise-une-communication-efficace-au-travail\/#primaryimage\"},\"thumbnailUrl\":\"https:\/\/com-quotidiens.fr\/blog\/wp-content\/uploads\/2026\/03\/sdxl-06c1eccdce561bb81c3520c71b08b5d4-scaled.png\",\"keywords\":[\"assertivit travail\",\"communication efficace\",\"gestion conflits\"],\"articleSection\":[\"Communication Professionnelle\"],\"inLanguage\":\"fr-FR\",\"potentialAction\":[{\"@type\":\"CommentAction\",\"name\":\"Comment\",\"target\":[\"https:\/\/com-quotidiens.fr\/blog\/communication-professionnelle\/comment-lassertivite-favorise-une-communication-efficace-au-travail\/#respond\"]}]},{\"@type\":\"WebPage\",\"@id\":\"https:\/\/com-quotidiens.fr\/blog\/communication-professionnelle\/comment-lassertivite-favorise-une-communication-efficace-au-travail\/\",\"url\":\"https:\/\/com-quotidiens.fr\/blog\/communication-professionnelle\/comment-lassertivite-favorise-une-communication-efficace-au-travail\/\",\"name\":\"L'assertivit\u00e9 au service d'une communication efficace\",\"isPartOf\":{\"@id\":\"https:\/\/com-quotidiens.fr\/blog\/#website\"},\"primaryImageOfPage\":{\"@id\":\"https:\/\/com-quotidiens.fr\/blog\/communication-professionnelle\/comment-lassertivite-favorise-une-communication-efficace-au-travail\/#primaryimage\"},\"image\":{\"@id\":\"https:\/\/com-quotidiens.fr\/blog\/communication-professionnelle\/comment-lassertivite-favorise-une-communication-efficace-au-travail\/#primaryimage\"},\"thumbnailUrl\":\"https:\/\/com-quotidiens.fr\/blog\/wp-content\/uploads\/2026\/03\/sdxl-06c1eccdce561bb81c3520c71b08b5d4-scaled.png\",\"datePublished\":\"2026-03-12T08:27:00+00:00\",\"description\":\"L'assertivit\u00e9 permet d'exprimer ses besoins et opinions de mani\u00e8re claire et respectueuse, favorisant une communication efficace.\",\"inLanguage\":\"fr-FR\",\"potentialAction\":[{\"@type\":\"ReadAction\",\"target\":[\"https:\/\/com-quotidiens.fr\/blog\/communication-professionnelle\/comment-lassertivite-favorise-une-communication-efficace-au-travail\/\"]}]},{\"@type\":\"ImageObject\",\"inLanguage\":\"fr-FR\",\"@id\":\"https:\/\/com-quotidiens.fr\/blog\/communication-professionnelle\/comment-lassertivite-favorise-une-communication-efficace-au-travail\/#primaryimage\",\"url\":\"https:\/\/com-quotidiens.fr\/blog\/wp-content\/uploads\/2026\/03\/sdxl-06c1eccdce561bb81c3520c71b08b5d4-scaled.png\",\"contentUrl\":\"https:\/\/com-quotidiens.fr\/blog\/wp-content\/uploads\/2026\/03\/sdxl-06c1eccdce561bb81c3520c71b08b5d4-scaled.png\",\"width\":1200,\"height\":500},{\"@type\":\"WebSite\",\"@id\":\"https:\/\/com-quotidiens.fr\/blog\/#website\",\"url\":\"https:\/\/com-quotidiens.fr\/blog\/\",\"name\":\"com-quotidiens.fr\",\"description\":\"Com Quotidiens, l&#039;info communication au quotidien\",\"publisher\":{\"@id\":\"https:\/\/com-quotidiens.fr\/blog\/#organization\"},\"alternateName\":\"Com Quotidiens, l'info communication au quotidien\",\"potentialAction\":[{\"@type\":\"SearchAction\",\"target\":{\"@type\":\"EntryPoint\",\"urlTemplate\":\"https:\/\/com-quotidiens.fr\/blog\/?s={search_term_string}\"},\"query-input\":{\"@type\":\"PropertyValueSpecification\",\"valueRequired\":true,\"valueName\":\"search_term_string\"}}],\"inLanguage\":\"fr-FR\"},{\"@type\":\"Organization\",\"@id\":\"https:\/\/com-quotidiens.fr\/blog\/#organization\",\"name\":\"Foretsensations.fr\",\"url\":\"https:\/\/com-quotidiens.fr\/blog\/\",\"logo\":{\"@type\":\"ImageObject\",\"inLanguage\":\"fr-FR\",\"@id\":\"https:\/\/com-quotidiens.fr\/blog\/#\/schema\/logo\/image\/\",\"url\":\"https:\/\/com-quotidiens.fr\/blog\/wp-content\/uploads\/2024\/12\/26.png\",\"contentUrl\":\"https:\/\/com-quotidiens.fr\/blog\/wp-content\/uploads\/2024\/12\/26.png\",\"width\":500,\"height\":500,\"caption\":\"Foretsensations.fr\"},\"image\":{\"@id\":\"https:\/\/com-quotidiens.fr\/blog\/#\/schema\/logo\/image\/\"}},{\"@type\":\"Person\",\"@id\":\"https:\/\/com-quotidiens.fr\/blog\/#\/schema\/person\/3c864cdc320801e3db34b663e7e3f816\",\"name\":\"Th\u00e9o R.\",\"image\":{\"@type\":\"ImageObject\",\"inLanguage\":\"fr-FR\",\"@id\":\"https:\/\/com-quotidiens.fr\/blog\/#\/schema\/person\/image\/\",\"url\":\"https:\/\/com-quotidiens.fr\/blog\/wp-content\/uploads\/2026\/06\/persona_theo-r-96x96.jpg\",\"contentUrl\":\"https:\/\/com-quotidiens.fr\/blog\/wp-content\/uploads\/2026\/06\/persona_theo-r-96x96.jpg\",\"caption\":\"Th\u00e9o R.\"},\"description\":\"Le web et la communication sont mon m\u00e9tier depuis une dizaine d'ann\u00e9es, entre r\u00e9daction, strat\u00e9gie de contenu et accompagnement de projets en ligne. J'\u00e9cris sur la cr\u00e9ation de site, le marketing digital, l'image de marque et le m\u00e9tier de r\u00e9dacteur web, avec l'envie de rendre ces sujets concrets pour les ind\u00e9pendants et les petites entreprises. J'aime expliquer comment se construit une pr\u00e9sence en ligne cr\u00e9dible, du choix des mots \u00e0 la coh\u00e9rence visuelle, sans recourir au jargon d'agence. Avant de recommander une m\u00e9thode ou un outil, je l'\u00e9prouve sur le terrain et je distingue ce qui marche vraiment des promesses \u00e0 la mode. Je me m\u00e9fie des recettes miracles en marketing, car aucune ne dispense de travail et de r\u00e9gularit\u00e9. Mon angle : donner des rep\u00e8res solides pour communiquer juste et b\u00e2tir une marque qui dure, \u00e0 hauteur de budgets r\u00e9els et d'\u00e9quipes r\u00e9duites.\",\"url\":\"https:\/\/com-quotidiens.fr\/blog\/auteur\/noname\/\",\"jobTitle\":\"R\u00e9dacteur en chef \u00b7 Web & Communication\",\"knowsAbout\":[\"Web\",\"Communication\"],\"email\":\"theo.r@clickbuzz.fr\"}]}<\/script>\n<!-- \/ Yoast SEO Premium plugin. -->","yoast_head_json":{"title":"L'assertivit\u00e9 au service d'une communication efficace","description":"L'assertivit\u00e9 permet d'exprimer ses besoins et opinions de mani\u00e8re claire et respectueuse, favorisant une communication efficace.","robots":{"index":"index","follow":"follow","max-snippet":"max-snippet:-1","max-image-preview":"max-image-preview:large","max-video-preview":"max-video-preview:-1"},"canonical":"https:\/\/com-quotidiens.fr\/blog\/communication-professionnelle\/comment-lassertivite-favorise-une-communication-efficace-au-travail\/","og_locale":"fr_FR","og_type":"article","og_title":"L'assertivit\u00e9 au service d'une communication efficace","og_description":"L'assertivit\u00e9 permet d'exprimer ses besoins et opinions de mani\u00e8re claire et respectueuse, favorisant une communication efficace.","og_url":"https:\/\/com-quotidiens.fr\/blog\/communication-professionnelle\/comment-lassertivite-favorise-une-communication-efficace-au-travail\/","og_site_name":"com-quotidiens","og_image":[{"width":1200,"height":500,"url":"https:\/\/com-quotidiens.fr\/blog\/wp-content\/uploads\/2026\/03\/sdxl-06c1eccdce561bb81c3520c71b08b5d4-scaled.png","type":"image\/png"}],"author":"Th\u00e9o R.","twitter_card":"summary_large_image","schema":{"@context":"https:\/\/schema.org","@graph":[{"@type":"NewsArticle","@id":"https:\/\/com-quotidiens.fr\/blog\/communication-professionnelle\/comment-lassertivite-favorise-une-communication-efficace-au-travail\/#article","isPartOf":{"@id":"https:\/\/com-quotidiens.fr\/blog\/communication-professionnelle\/comment-lassertivite-favorise-une-communication-efficace-au-travail\/"},"author":{"name":"Th\u00e9o R.","@id":"https:\/\/com-quotidiens.fr\/blog\/#\/schema\/person\/3c864cdc320801e3db34b663e7e3f816"},"headline":"Comment l&rsquo;assertivit\u00e9 favorise une communication efficace au travail","datePublished":"2026-03-12T08:27:00+00:00","mainEntityOfPage":{"@id":"https:\/\/com-quotidiens.fr\/blog\/communication-professionnelle\/comment-lassertivite-favorise-une-communication-efficace-au-travail\/"},"wordCount":2556,"commentCount":0,"publisher":{"@id":"https:\/\/com-quotidiens.fr\/blog\/#organization"},"image":{"@id":"https:\/\/com-quotidiens.fr\/blog\/communication-professionnelle\/comment-lassertivite-favorise-une-communication-efficace-au-travail\/#primaryimage"},"thumbnailUrl":"https:\/\/com-quotidiens.fr\/blog\/wp-content\/uploads\/2026\/03\/sdxl-06c1eccdce561bb81c3520c71b08b5d4-scaled.png","keywords":["assertivit travail","communication efficace","gestion conflits"],"articleSection":["Communication Professionnelle"],"inLanguage":"fr-FR","potentialAction":[{"@type":"CommentAction","name":"Comment","target":["https:\/\/com-quotidiens.fr\/blog\/communication-professionnelle\/comment-lassertivite-favorise-une-communication-efficace-au-travail\/#respond"]}]},{"@type":"WebPage","@id":"https:\/\/com-quotidiens.fr\/blog\/communication-professionnelle\/comment-lassertivite-favorise-une-communication-efficace-au-travail\/","url":"https:\/\/com-quotidiens.fr\/blog\/communication-professionnelle\/comment-lassertivite-favorise-une-communication-efficace-au-travail\/","name":"L'assertivit\u00e9 au service d'une communication efficace","isPartOf":{"@id":"https:\/\/com-quotidiens.fr\/blog\/#website"},"primaryImageOfPage":{"@id":"https:\/\/com-quotidiens.fr\/blog\/communication-professionnelle\/comment-lassertivite-favorise-une-communication-efficace-au-travail\/#primaryimage"},"image":{"@id":"https:\/\/com-quotidiens.fr\/blog\/communication-professionnelle\/comment-lassertivite-favorise-une-communication-efficace-au-travail\/#primaryimage"},"thumbnailUrl":"https:\/\/com-quotidiens.fr\/blog\/wp-content\/uploads\/2026\/03\/sdxl-06c1eccdce561bb81c3520c71b08b5d4-scaled.png","datePublished":"2026-03-12T08:27:00+00:00","description":"L'assertivit\u00e9 permet d'exprimer ses besoins et opinions de mani\u00e8re claire et respectueuse, favorisant une communication efficace.","inLanguage":"fr-FR","potentialAction":[{"@type":"ReadAction","target":["https:\/\/com-quotidiens.fr\/blog\/communication-professionnelle\/comment-lassertivite-favorise-une-communication-efficace-au-travail\/"]}]},{"@type":"ImageObject","inLanguage":"fr-FR","@id":"https:\/\/com-quotidiens.fr\/blog\/communication-professionnelle\/comment-lassertivite-favorise-une-communication-efficace-au-travail\/#primaryimage","url":"https:\/\/com-quotidiens.fr\/blog\/wp-content\/uploads\/2026\/03\/sdxl-06c1eccdce561bb81c3520c71b08b5d4-scaled.png","contentUrl":"https:\/\/com-quotidiens.fr\/blog\/wp-content\/uploads\/2026\/03\/sdxl-06c1eccdce561bb81c3520c71b08b5d4-scaled.png","width":1200,"height":500},{"@type":"WebSite","@id":"https:\/\/com-quotidiens.fr\/blog\/#website","url":"https:\/\/com-quotidiens.fr\/blog\/","name":"com-quotidiens.fr","description":"Com Quotidiens, l&#039;info communication au quotidien","publisher":{"@id":"https:\/\/com-quotidiens.fr\/blog\/#organization"},"alternateName":"Com Quotidiens, l'info communication au quotidien","potentialAction":[{"@type":"SearchAction","target":{"@type":"EntryPoint","urlTemplate":"https:\/\/com-quotidiens.fr\/blog\/?s={search_term_string}"},"query-input":{"@type":"PropertyValueSpecification","valueRequired":true,"valueName":"search_term_string"}}],"inLanguage":"fr-FR"},{"@type":"Organization","@id":"https:\/\/com-quotidiens.fr\/blog\/#organization","name":"Foretsensations.fr","url":"https:\/\/com-quotidiens.fr\/blog\/","logo":{"@type":"ImageObject","inLanguage":"fr-FR","@id":"https:\/\/com-quotidiens.fr\/blog\/#\/schema\/logo\/image\/","url":"https:\/\/com-quotidiens.fr\/blog\/wp-content\/uploads\/2024\/12\/26.png","contentUrl":"https:\/\/com-quotidiens.fr\/blog\/wp-content\/uploads\/2024\/12\/26.png","width":500,"height":500,"caption":"Foretsensations.fr"},"image":{"@id":"https:\/\/com-quotidiens.fr\/blog\/#\/schema\/logo\/image\/"}},{"@type":"Person","@id":"https:\/\/com-quotidiens.fr\/blog\/#\/schema\/person\/3c864cdc320801e3db34b663e7e3f816","name":"Th\u00e9o R.","image":{"@type":"ImageObject","inLanguage":"fr-FR","@id":"https:\/\/com-quotidiens.fr\/blog\/#\/schema\/person\/image\/","url":"https:\/\/com-quotidiens.fr\/blog\/wp-content\/uploads\/2026\/06\/persona_theo-r-96x96.jpg","contentUrl":"https:\/\/com-quotidiens.fr\/blog\/wp-content\/uploads\/2026\/06\/persona_theo-r-96x96.jpg","caption":"Th\u00e9o R."},"description":"Le web et la communication sont mon m\u00e9tier depuis une dizaine d'ann\u00e9es, entre r\u00e9daction, strat\u00e9gie de contenu et accompagnement de projets en ligne. J'\u00e9cris sur la cr\u00e9ation de site, le marketing digital, l'image de marque et le m\u00e9tier de r\u00e9dacteur web, avec l'envie de rendre ces sujets concrets pour les ind\u00e9pendants et les petites entreprises. J'aime expliquer comment se construit une pr\u00e9sence en ligne cr\u00e9dible, du choix des mots \u00e0 la coh\u00e9rence visuelle, sans recourir au jargon d'agence. Avant de recommander une m\u00e9thode ou un outil, je l'\u00e9prouve sur le terrain et je distingue ce qui marche vraiment des promesses \u00e0 la mode. Je me m\u00e9fie des recettes miracles en marketing, car aucune ne dispense de travail et de r\u00e9gularit\u00e9. Mon angle : donner des rep\u00e8res solides pour communiquer juste et b\u00e2tir une marque qui dure, \u00e0 hauteur de budgets r\u00e9els et d'\u00e9quipes r\u00e9duites.","url":"https:\/\/com-quotidiens.fr\/blog\/auteur\/noname\/","jobTitle":"R\u00e9dacteur en chef \u00b7 Web & Communication","knowsAbout":["Web","Communication"],"email":"theo.r@clickbuzz.fr"}]}},"_links":{"self":[{"href":"https:\/\/com-quotidiens.fr\/blog\/wp-json\/wp\/v2\/posts\/7541","targetHints":{"allow":["GET"]}}],"collection":[{"href":"https:\/\/com-quotidiens.fr\/blog\/wp-json\/wp\/v2\/posts"}],"about":[{"href":"https:\/\/com-quotidiens.fr\/blog\/wp-json\/wp\/v2\/types\/post"}],"author":[{"embeddable":true,"href":"https:\/\/com-quotidiens.fr\/blog\/wp-json\/wp\/v2\/users\/34"}],"replies":[{"embeddable":true,"href":"https:\/\/com-quotidiens.fr\/blog\/wp-json\/wp\/v2\/comments?post=7541"}],"version-history":[{"count":1,"href":"https:\/\/com-quotidiens.fr\/blog\/wp-json\/wp\/v2\/posts\/7541\/revisions"}],"predecessor-version":[{"id":7575,"href":"https:\/\/com-quotidiens.fr\/blog\/wp-json\/wp\/v2\/posts\/7541\/revisions\/7575"}],"wp:featuredmedia":[{"embeddable":true,"href":"https:\/\/com-quotidiens.fr\/blog\/wp-json\/wp\/v2\/media\/7576"}],"wp:attachment":[{"href":"https:\/\/com-quotidiens.fr\/blog\/wp-json\/wp\/v2\/media?parent=7541"}],"wp:term":[{"taxonomy":"category","embeddable":true,"href":"https:\/\/com-quotidiens.fr\/blog\/wp-json\/wp\/v2\/categories?post=7541"},{"taxonomy":"post_tag","embeddable":true,"href":"https:\/\/com-quotidiens.fr\/blog\/wp-json\/wp\/v2\/tags?post=7541"}],"curies":[{"name":"wp","href":"https:\/\/api.w.org\/{rel}","templated":true}]}}