{"id":7540,"date":"2026-03-09T09:18:00","date_gmt":"2026-03-09T08:18:00","guid":{"rendered":"https:\/\/com-quotidiens.fr\/blog\/?p=7540"},"modified":"2026-03-09T09:18:00","modified_gmt":"2026-03-09T08:18:00","slug":"maitriser-lecoute-active-pour-ameliorer-vos-relations-professionnelles","status":"publish","type":"post","link":"https:\/\/com-quotidiens.fr\/blog\/communication-professionnelle\/maitriser-lecoute-active-pour-ameliorer-vos-relations-professionnelles\/","title":{"rendered":"Ma\u00eetriser l&rsquo;\u00e9coute active pour am\u00e9liorer vos relations professionnelles"},"content":{"rendered":"<div style=\"background: linear-gradient(135deg, #f5f7fa 0%, #e9ecef 100%);border-left: 4px solid #0073aa;padding: 15px 20px;margin: 0 0 25px 0;border-radius: 0 8px 8px 0\">\n<p style=\"margin: 0;font-size: 14px;color: #0073aa;font-weight: 600;text-transform: uppercase;letter-spacing: 1px;margin-bottom: 10px\">\ud83d\udccb En bref<\/p>\n<ul style=\"margin: 0;padding-left: 20px;list-style-type: none\">\n<li style=\"margin: 5px 0;color: #333;font-size: 15px;line-height: 1.5;position: relative;padding-left: 15px\"><span style=\"position: absolute;left: 0;color: #0073aa\">\u25b8<\/span> L&#039;\u00e9coute active est une technique de communication qui favorise la compr\u00e9hension et l&#039;empathie. Elle se distingue de l&#039;\u00e9coute passive par un engagement total et une attention bienveillante. Cinq imp\u00e9ratifs, comme le respect et l&#039;accueil, structurent cette pratique pour am\u00e9liorer les relations professionnelles.<\/li>\n<\/ul>\n<\/div>\n<h1>Ma\u00eetrisez l&rsquo;\u00e9coute active pour transformer vos relations professionnelles<\/h1>\n<h2>Origines et principes fondamentaux de l&rsquo;\u00e9coute active<\/h2>\n<p>L&rsquo;<u>\u00e9coute active est une technique de communication qui consiste \u00e0 utiliser le questionnement et la reformulation afin de s&rsquo;assurer que l&rsquo;on a compris au mieux le message de son interlocuteur<\/u>. Cette m\u00e9thode r\u00e9volutionnaire a \u00e9t\u00e9 d\u00e9velopp\u00e9e par le psychologue am\u00e9ricain <strong>Carl Rogers<\/strong> (1902-1987), l&rsquo;initiateur des techniques non-directives et fondateur de l&rsquo;approche centr\u00e9e sur la personne. Pour Rogers, les <strong>contenus \u00e9motionnels d&rsquo;une situation sont plus importants que les contenus intellectuels<\/strong>. C&rsquo;est du c\u00f4t\u00e9 du  c\u0153ur ? et non de la  raison ? qu&rsquo;il faut porter son attention.<\/p>\n<p>La philosophie de Rogers repose sur une conviction fondamentale : permettre \u00e0 quelqu&rsquo;un de s&rsquo;\u00e9panouir exige un espace o\u00f9 il se sent compris, sans pression. Selon ses travaux, quelle que soit la technique utilis\u00e9e, elle ne sert \u00e0 rien si l&rsquo;\u00e9coutant ne met pas en place une attitude m\u00eal\u00e9e d&rsquo;authenticit\u00e9 et de compr\u00e9hension, sans chercher \u00e0 interpr\u00e9ter ni \u00e0 juger. Cette approche s&rsquo;appuie sur <strong>cinq imp\u00e9ratifs essentiels<\/strong> qui structurent la pratique :<\/p>\n<ul>\n<li><strong>L&rsquo;accueil<\/strong> : Accepter l&rsquo;autre tel qu&rsquo;il est, avec respect et consid\u00e9ration, pour favoriser la confiance et manifester un r\u00e9el int\u00e9r\u00eat sans arri\u00e8re-pens\u00e9e<\/li>\n<li><strong>\u00catre centr\u00e9 sur ce que l&rsquo;autre vit<\/strong> : Aller au-del\u00e0 des faits pour s&rsquo;ouvrir \u00e0 la fa\u00e7on dont l&rsquo;autre ressent les choses avec ses \u00e9motions profondes<\/li>\n<li><strong>S&rsquo;int\u00e9resser \u00e0 l&rsquo;autre plus qu&rsquo;au probl\u00e8me<\/strong> : Voir la situation du point de vue de l&rsquo;interlocuteur plut\u00f4t que de se concentrer sur le probl\u00e8me en soi<\/li>\n<li><strong>Montrer le respect<\/strong> : Donner \u00e0 l&rsquo;autre l&rsquo;assurance qu&rsquo;on respecte sa mani\u00e8re de vivre et de voir les choses sans intervenir de mani\u00e8re prescriptive<\/li>\n<li><strong>\u00catre un v\u00e9ritable miroir<\/strong> : Se faire l&rsquo;\u00e9cho de ce que ressent l&rsquo;autre en mettant en relief les sentiments qui accompagnent ses paroles<\/li>\n<\/ul>\n<h2>\u00c9coute active versus \u00e9coute passive : les diff\u00e9rences d\u00e9cisives<\/h2>\n<p>La distinction entre l&rsquo;\u00e9coute passive et l&rsquo;\u00e9coute active d\u00e9finit la qualit\u00e9 de vos interactions professionnelles. L&rsquo;\u00e9coute passive consiste simplement \u00e0 entendre les paroles sans engagement v\u00e9ritable : vous \u00eates pr\u00e9sent physiquement, mais votre esprit vagabonde, vous formulez d\u00e9j\u00e0 votre r\u00e9ponse mentalement, ou vous attendez votre tour de parole. Cette approche cr\u00e9e des malentendus, renforce les tensions et laisse l&rsquo;interlocuteur avec l&rsquo;impression de ne pas \u00eatre entendu.<\/p>\n<p>L&rsquo;<strong>\u00e9coute active, en revanche, demande une disponibilit\u00e9 totale : mentale, physique et \u00e9motionnelle<\/strong>. Elle exige que vous \u00e9coutiez avec la plus grande attention et bienveillance, en reformulant et en posant des questions pour vous assurer de bien comprendre, sans jugement ni interruption. Cette pratique implique d&rsquo;analyser \u00e0 la fois le discours et les non-dits, de d\u00e9tecter les silences \u00e9loquents et les \u00e9motions non exprim\u00e9es verbalement. L&rsquo;\u00e9coutant active cr\u00e9e un climat de confiance o\u00f9 l&rsquo;interlocuteur se sent valoris\u00e9 et compris, ce qui lib\u00e8re une \u00e9nergie pr\u00e9cieuse r\u00e9investie dans la t\u00e2che \u00e0 accomplir.<\/p>\n<h2>Signaux non verbaux qui r\u00e9v\u00e8lent l&rsquo;\u00e9coute attentive<\/h2>\n<p>Votre langage corporel parle aussi fort que vos paroles, parfois davantage. Une \u00e9coute v\u00e9ritablement active se manifeste par <strong>des signaux non verbaux coh\u00e9rents<\/strong> qui rassurent votre interlocuteur : un contact visuel r\u00e9gulier et chaleureux, un maintien ouvert avec les \u00e9paules face \u00e0 la personne, une inclinaison l\u00e9g\u00e8re du corps vers elle, ou encore des hochements de t\u00eate qui ponctuent son discours. Ces gestes subtils communiquent votre engagement authentique et votre int\u00e9r\u00eat sinc\u00e8re.<\/p>\n<p>Inversement, certains comportements sabotent votre cr\u00e9dibilit\u00e9 d&rsquo;\u00e9coutant : consulter votre t\u00e9l\u00e9phone, croiser les bras en barri\u00e8re, fixer le plafond ou vous agiter sur votre chaise. Ces signaux n\u00e9gatifs signifient \u00e0 l&rsquo;autre que son message ne vous int\u00e9resse pas vraiment. Accordez aussi attention aux <strong>micro-expressions et fuites \u00e9motionnelles<\/strong> de votre interlocuteur : un sourire qui ne rejoint pas les yeux, une respiration qui s&rsquo;acc\u00e9l\u00e8re lors de certains sujets, ou une tension dans la m\u00e2choire. Ces indices r\u00e9v\u00e8lent souvent ce que les paroles cachent, offrant une compr\u00e9hension plus profonde de la r\u00e9alit\u00e9 \u00e9motionnelle de la personne.<\/p>\n<h2>Techniques infaillibles pour reformuler et poser des questions ouvertes<\/h2>\n<p>La reformulation est le c\u0153ur technique de l&rsquo;\u00e9coute active. Cette d\u00e9marche consiste \u00e0 mettre en mots les \u00e9motions et sentiments exprim\u00e9s de mani\u00e8re tacite ou implicite par l&rsquo;interlocuteur. Plut\u00f4t que d&rsquo;interpr\u00e9ter directement ( votre probl\u00e8me c&rsquo;est cela ?), vous devenez l&rsquo;\u00e9cho de ce qu&rsquo;il ressent :  ainsi, vous ressentez profond\u00e9ment que\u2026 ?. Cet art subtil de mettre en relief les sentiments qui accompagnent les paroles valide la compr\u00e9hension et invite l&rsquo;autre \u00e0 approfondir son expression.<\/p>\n<p>Les <strong>questions ouvertes<\/strong> lib\u00e8rent la parole sans la diriger. Elles commencent g\u00e9n\u00e9ralement par  comment ?,  pourquoi ?,  que pensez-vous ?,  qu&rsquo;avez-vous ressenti ? plut\u00f4t que par  est-ce que ? ou  avez-vous ?. Une question ouverte permet \u00e0 votre interlocuteur d&rsquo;explorer sa pens\u00e9e librement, tandis qu&rsquo;une question ferm\u00e9e le contraint \u00e0 une r\u00e9ponse br\u00e8ve et pr\u00e9d\u00e9finie. Combinez reformulation et questions ouvertes pour cr\u00e9er un espace dialogique riche :<\/p>\n<ul>\n<li>Reformuler d&rsquo;abord :  Si je comprends bien, vous vous sentez frustr\u00e9 par cette situation ?<\/li>\n<li>Puis poser une question ouverte :  Comment voyez-vous les choses depuis votre perspective ? ?<\/li>\n<li>\u00c9couter activement la r\u00e9ponse sans interrompre<\/li>\n<li>Reformuler \u00e0 nouveau pour confirmer votre compr\u00e9hension<\/li>\n<li>Poser une question approfondie :  Qu&rsquo;aurait-il fallu pour que les choses se passent diff\u00e9remment ? ?<\/li>\n<\/ul>\n<h2>\u00c9coute empathique au travail : boostez collaboration et productivit\u00e9<\/h2>\n<p>En environnement professionnel, l&rsquo;<strong>\u00e9coute empathique stimule l&rsquo;esprit d&rsquo;\u00e9quipe et pr\u00e9vient les malentendus<\/strong>. Lorsqu&rsquo;un manager \u00e9coute activement ses collaborateurs lors de r\u00e9unions ou de feedbacks, il cr\u00e9e un climat de confiance qui encourage l&rsquo;expression authentique. Les \u00e9quipes qui se sentent v\u00e9ritablement \u00e9cout\u00e9es d\u00e9montrent une motivation accrue, une meilleure r\u00e9tention des talents et une collaboration plus fluide. L&#8217;empathie n&rsquo;est pas de la complaisance : c&rsquo;est la capacit\u00e9 de s&rsquo;inscrire dans le monde subjectif d&rsquo;autrui pour le comprendre de l&rsquo;int\u00e9rieur.<\/p>\n<p>Pratique-toi \u00e0 identifier comment l&rsquo;\u00e9coute active transforme vos interactions quotidiennes. Un commercial qui \u00e9coute activement les objections de son prospect comprend les besoins r\u00e9els cach\u00e9s derri\u00e8re les obstacles apparents. Un responsable des ressources humaines qui reformule les pr\u00e9occupations d&rsquo;un employ\u00e9 en difficult\u00e9 valide son exp\u00e9rience et d\u00e9samorce les tensions. Cette dynamique d&rsquo;\u00e9coute bienveillante favorise un environnement o\u00f9 chacun se sent respect\u00e9, compris et impliqu\u00e9 dans la r\u00e9solution collective des enjeux.<\/p>\n<h2>Les 5 obstacles courants qui sabotent votre \u00e9coute active<\/h2>\n<p>M\u00eame avec les meilleures intentions, plusieurs pi\u00e8ges peuvent miner votre capacit\u00e9 \u00e0 \u00e9couter activement. Le premier obstacle, <strong>les distractions mentales<\/strong>, survient quand votre attention se fragmente : vous pensez \u00e0 votre prochain rendez-vous, vous formulez mentalement votre r\u00e9ponse avant m\u00eame que l&rsquo;autre ait fini de parler, ou vous laissez vos pr\u00e9occupations personnelles parasiter la conversation. Le second pi\u00e8ge, <strong>les jugements h\u00e2tifs<\/strong>, appara\u00eet quand vous cat\u00e9gorisez trop rapidement l&rsquo;autre ou sa situation selon vos sch\u00e9mas mentaux pr\u00e9existants, fermant l&rsquo;acc\u00e8s \u00e0 une compr\u00e9hension r\u00e9elle.<\/p>\n<p>Le troisi\u00e8me obstacle combine <strong>les interruptions impulsives et l&rsquo;impatience<\/strong>. Vous coupez la parole pour rectifier une impr\u00e9cision, acc\u00e9l\u00e9rer le processus ou montrer votre expertise. Quatri\u00e8mement, <strong>l&rsquo;\u00e9gocentrisme conversationnel<\/strong> pousse \u00e0 ramener chaque sujet \u00e0 votre propre exp\u00e9rience :  Ah oui, moi aussi j&rsquo;ai eu ce probl\u00e8me\u2026 ? Ce comportement d\u00e9tourne l&rsquo;attention de ce que vit r\u00e9ellement l&rsquo;autre. Enfin, le cinqui\u00e8me obstacle concerne <strong>l&rsquo;absence de curiosit\u00e9 authentique<\/strong> : vous \u00e9coutez par obligation professionnelle plut\u00f4t que par v\u00e9ritable int\u00e9r\u00eat pour l&rsquo;autre personne, ce qui transpara\u00eet immanquablement.<\/p>\n<p>Combattez ces obstacles en mettant en place des <strong>strat\u00e9gies concr\u00e8tes<\/strong> : programmez des rappels mentaux pour rester pr\u00e9sent, notez vos pens\u00e9es parasites sur un papier avant la conversation pour les \u00e9liminer, pratiquez le silence actif en comptant jusqu&rsquo;\u00e0 trois apr\u00e8s que l&rsquo;autre a parl\u00e9 avant de r\u00e9agir, et cultivez la curiosit\u00e9 sinc\u00e8re en vous posant la question :  Qu&rsquo;y a-t-il vraiment d&rsquo;important pour cette personne dans ce qu&rsquo;elle me raconte ? ?<\/p>\n<h2>Exercices pratiques pour aiguiser votre \u00e9coute active d\u00e8s aujourd&rsquo;hui<\/h2>\n<p>D\u00e9velopper l&rsquo;\u00e9coute active est une comp\u00e9tence qui s&rsquo;aiguise par la pratique r\u00e9guli\u00e8re. Commencez par l&rsquo;exercice du  miroir \u00e9motionnel ? : lors d&rsquo;une conversation, reformulez syst\u00e9matiquement ce que vous entendez en mettant l&rsquo;accent sur les \u00e9motions plut\u00f4t que les faits. Par exemple, si quelqu&rsquo;un dit  J&rsquo;ai travaill\u00e9 jusqu&rsquo;\u00e0 22 heures hier soir ?, au lieu de simplement hocher la t\u00eate, reformulez :  Vous aviez l&rsquo;impression que cette journ\u00e9e n&rsquo;en finissait pas et que vous \u00e9tiez \u00e9puis\u00e9 ?. Cette pratique renforce votre sensibilit\u00e9 aux contenus \u00e9motionnels.<\/p>\n<p>Testez aussi l&rsquo;exercice des  pauses silencieuses ? : laissez volontairement des silences lors de vos conversations, m\u00eame brefs (5 \u00e0 10 secondes). Ces moments d&rsquo;absence de parole offrent \u00e0 l&rsquo;autre l&rsquo;espace pour approfondir sa pens\u00e9e ou partager des sentiments qu&rsquo;il h\u00e9sitait \u00e0 exprimer. Pratiquez la <strong>technique de la question relais<\/strong> : posez une question qui prolonge naturellement ce que la personne vient de dire, en utilisant ses propres termes. Si elle dit  Je me sens submerg\u00e9 par ce projet ?, demandez  Qu&rsquo;est-ce qui vous submerge le plus dans ce projet ? ? plut\u00f4t que de changer de sujet.<\/p>\n<ul>\n<li>L&rsquo;exercice du  miroir \u00e9motionnel ? : 10 minutes par jour en identifiant les sentiments sous-jacents<\/li>\n<li>Les  pauses silencieuses ? : int\u00e9grez-les intentionnellement dans vos r\u00e9unions<\/li>\n<li>La  technique de la question relais ? : approfondissez avec des questions qui prolongent le discours<\/li>\n<li>L&rsquo; \u00e9coute bin\u00f4me ? : entra\u00eenez-vous avec un coll\u00e8gue en alternant les r\u00f4les d&rsquo;\u00e9coutant et de parleur<\/li>\n<li>Le  journal de l&rsquo;\u00e9coute ? : notez chaque jour un moment o\u00f9 vous avez \u00e9cout\u00e9 activement et l&rsquo;impact observ\u00e9<\/li>\n<\/ul>\n<h2>\u00c9coute active en management : g\u00e9rez conflits et motivez vos \u00e9quipes<\/h2>\n<p>Le management moderne reconna\u00eet que l&rsquo;<strong>\u00e9coute profonde est un outil strat\u00e9gique pour d\u00e9samorcer les tensions et b\u00e2tir des relations solides<\/strong>. Quand un conflit \u00e9merge entre collaborateurs, un manager qui pratique l&rsquo;\u00e9coute active \u00e9coute d&rsquo;abord sans d\u00e9fendre ni critiquer, permettant \u00e0 chaque partie d&rsquo;exprimer sa perspective compl\u00e8tement. Cette d\u00e9marche r\u00e9duit la polarisation et cr\u00e9e les conditions pour une r\u00e9solution constructive fond\u00e9e sur la compr\u00e9hension mutuelle plut\u00f4t que sur l&rsquo;imposition d&rsquo;une solution top-down.<\/p>\n<p>Concernant la motivation, les collaborateurs qui se sentent v\u00e9ritablement \u00e9cout\u00e9s par leur manager d\u00e9montrent un engagement sup\u00e9rieur. L&rsquo;\u00e9coute active permet au manager de saisir les aspirations r\u00e9elles, les frustrations cach\u00e9es et les besoins de d\u00e9veloppement de ses \u00e9quipes. Lors d&rsquo;un entretien annuel ou d&rsquo;un feedback, un manager qui reformule, pose des questions ouvertes et suspend son jugement cr\u00e9e un espace de confiance o\u00f9 le collaborateur se sent en s\u00e9curit\u00e9 pour partager ses pr\u00e9occupations authentiques. Cette approche transforme les interactions hi\u00e9rarchiques en v\u00e9ritables dialogues, propulsant la performance collective.<\/p>\n<h2>Impact commercial de l&rsquo;\u00e9coute active sur la fid\u00e9lisation clients<\/h2>\n<p>Dans le domaine commercial, l&rsquo;\u00e9coute active n&rsquo;est plus facultative : c&rsquo;est un levier de diff\u00e9renciation comp\u00e9titive. Un vendeur qui \u00e9coute activement capte les <strong>besoins cach\u00e9s du prospect<\/strong> qui ne sont pas exprim\u00e9s directement. En reformulant les objections et en posant des questions exploratoires, il acc\u00e8de \u00e0 la compr\u00e9hension profonde de ce que le client cherche r\u00e9ellement \u00e0 r\u00e9soudre. Selon les pratiques commerciales modernes, capter ce besoin authentique gr\u00e2ce \u00e0 l&rsquo;\u00e9coute active augmente significativement le taux de conversion et construit une relation plus solide que ne le ferait un simple argumentaire de vente.<\/p>\n<p>L&rsquo;\u00e9coute empathique transforme aussi la <strong>fid\u00e9lisation client<\/strong>. Un client qui se sent \u00e9cout\u00e9 et compris par une entreprise cr\u00e9e un lien \u00e9motionnel durable qui r\u00e9siste \u00e0 la concurrence. Lors d&rsquo;un service client, une approche d&rsquo;\u00e9coute active face \u00e0 une r\u00e9clamation permet de transformer une situation frustrante en opportunit\u00e9 de renforcer la confiance. Le ton de voix, les silences strat\u00e9giques, et les reformulations validant les \u00e9motions du client communiquent une consid\u00e9ration authentique. Cette dynamique transf\u00e8re les clients occasionnels en ambassadeurs fid\u00e8les qui recommandent activement votre marque.<\/p>\n<div style=\"background: #e8f4f8;border: 3px solid #0073aa;padding: 20px;margin: 20px 0;border-radius: 8px\">\n<h2 style=\"color: #0073aa;text-align: center;margin-bottom: 15px\">\ud83d\udd27 Ressources Pratiques et Outils<\/h2>\n<div style=\"background: white;padding: 15px;margin: 10px 0;border-left: 4px solid #28a745\">\n<h3 style=\"color: #28a745;margin-bottom: 10px\">\ud83d\udccd Formations en \u00c9coute Active<\/h3>\n<p><strong>Maison de la Communication (MDC)<\/strong><br \/>\nAteliers \u00ab\u00a0Pratiquer l&rsquo;\u00e9coute active\u00a0\u00bb<br \/>\nIntervenant : Sally Chadjaa (formatrice certifi\u00e9e)<br \/>\nProgramme : Fondamentaux, pratique avanc\u00e9e, gestion de conflits<br \/>\nClients : Alstom France, MAIF, Groupe Y Nexia, Carl Zeiss M\u00e9ditec, ONU-OMC<\/p>\n<p><strong>Performances<\/strong><br \/>\nFormation \u00e9coute active \u00e0 partir de <strong>690 \u20ac HT<\/strong><br \/>\nContenu : \u00c9valuation 360, mises en situation immersives, certification possible<\/p>\n<\/div>\n<div style=\"background: white;padding: 15px;margin: 10px 0;border-left: 4px solid #007bff\">\n<h3 style=\"color: #007bff;margin-bottom: 10px\">\ud83d\udee0\ufe0f Outils et Calculateurs<\/h3>\n<p>Aucun outil ou logiciel sp\u00e9cifique n&rsquo;a \u00e9t\u00e9 mentionn\u00e9 dans les donn\u00e9es trouv\u00e9es.<\/p>\n<\/div>\n<div style=\"background: white;padding: 15px;margin: 10px 0;border-left: 4px solid #6f42c1\">\n<h3 style=\"color: #6f42c1;margin-bottom: 10px\">\ud83d\udc65 Entreprises Sp\u00e9cialis\u00e9es<\/h3>\n<p><strong>ECOUTE ACTIVE +<\/strong><br \/>\nAdresse : LE BOURG, 46130 TAURIAC<br \/>\nSIRET : 450 049 127 00035<br \/>\nType d&rsquo;activit\u00e9 : Services sp\u00e9cialis\u00e9s<\/p>\n<p><strong>ECOUTE ACTIVE<\/strong><br \/>\nAdresse : 125 RUE DE SAINT-CHRISTOPHE, 26350 SAINT-CHRISTOPHE-ET-LE-LARIS<br \/>\nSIRET : 909006967<br \/>\nType d&rsquo;activit\u00e9 : Conseil pour affaires et gestion<\/p>\n<\/div>\n<div style=\"background: #fff3cd;padding: 15px;margin: 15px 0;border: 2px solid #ffc107;border-radius: 5px\">\n<strong style=\"color: #856404\">\ud83d\udca1 R\u00e9sum\u00e9 en 2 lignes :<\/strong><br \/>\n<span>Des formations en \u00e9coute active sont propos\u00e9es par la Maison de la Communication et Performances, avec des programmes adapt\u00e9s aux besoins professionnels. Des entreprises comme ECOUTE ACTIVE et ECOUTE ACTIVE + offrent des services sp\u00e9cialis\u00e9s pour am\u00e9liorer vos comp\u00e9tences en communication.<\/span>\n<\/div>\n<\/div>\n","protected":false},"excerpt":{"rendered":"","protected":false},"author":34,"featured_media":7574,"comment_status":"open","ping_status":"open","sticky":false,"template":"","format":"standard","meta":{"_acf_changed":false,"manual_indexmenow":false,"indexmenow_id_project":0,"footnotes":""},"categories":[4523],"tags":[4705,4706,4707],"class_list":["post-7540","post","type-post","status-publish","format-standard","has-post-thumbnail","hentry","category-communication-professionnelle","tag-ecoute-active","tag-relations-professionnelles","tag-soft-skill","generate-columns","tablet-grid-50","mobile-grid-100","grid-parent","grid-25"],"acf":[],"yoast_head":"<!-- This site is optimized with the Yoast SEO Premium plugin v21.3 (Yoast SEO v25.6) - https:\/\/yoast.com\/wordpress\/plugins\/seo\/ -->\n<title>Ma\u00eetriser l&#039;\u00e9coute active pour de meilleures relations pro<\/title>\n<meta name=\"description\" content=\"L&#039;\u00e9coute active est une technique de communication qui favorise compr\u00e9hension et empathie. Elle se distingue de l&#039;\u00e9coute passive par un engagement total.\" \/>\n<meta name=\"robots\" content=\"index, follow, max-snippet:-1, max-image-preview:large, max-video-preview:-1\" \/>\n<link rel=\"canonical\" href=\"https:\/\/com-quotidiens.fr\/blog\/communication-professionnelle\/maitriser-lecoute-active-pour-ameliorer-vos-relations-professionnelles\/\" \/>\n<meta property=\"og:locale\" content=\"fr_FR\" \/>\n<meta property=\"og:type\" content=\"article\" \/>\n<meta property=\"og:title\" content=\"Ma\u00eetriser l&#039;\u00e9coute active pour de meilleures relations pro\" \/>\n<meta property=\"og:description\" content=\"L&#039;\u00e9coute active est une technique de communication qui favorise compr\u00e9hension et empathie. Elle se distingue de l&#039;\u00e9coute passive par un engagement total.\" \/>\n<meta property=\"og:url\" content=\"https:\/\/com-quotidiens.fr\/blog\/communication-professionnelle\/maitriser-lecoute-active-pour-ameliorer-vos-relations-professionnelles\/\" \/>\n<meta property=\"og:site_name\" content=\"com-quotidiens\" \/>\n<meta property=\"og:image\" content=\"https:\/\/com-quotidiens.fr\/blog\/wp-content\/uploads\/2026\/03\/sdxl-222839c9ff7206c9390b521c3beae1ae-scaled.png\" \/>\n\t<meta property=\"og:image:width\" content=\"1200\" \/>\n\t<meta property=\"og:image:height\" content=\"500\" \/>\n\t<meta property=\"og:image:type\" content=\"image\/png\" \/>\n<meta name=\"author\" content=\"Th\u00e9o R.\" \/>\n<meta name=\"twitter:card\" content=\"summary_large_image\" \/>\n<script type=\"application\/ld+json\" class=\"yoast-schema-graph\">{\"@context\":\"https:\/\/schema.org\",\"@graph\":[{\"@type\":\"NewsArticle\",\"@id\":\"https:\/\/com-quotidiens.fr\/blog\/communication-professionnelle\/maitriser-lecoute-active-pour-ameliorer-vos-relations-professionnelles\/#article\",\"isPartOf\":{\"@id\":\"https:\/\/com-quotidiens.fr\/blog\/communication-professionnelle\/maitriser-lecoute-active-pour-ameliorer-vos-relations-professionnelles\/\"},\"author\":{\"name\":\"Th\u00e9o R.\",\"@id\":\"https:\/\/com-quotidiens.fr\/blog\/#\/schema\/person\/3c864cdc320801e3db34b663e7e3f816\"},\"headline\":\"Ma\u00eetriser l&rsquo;\u00e9coute active pour am\u00e9liorer vos relations professionnelles\",\"datePublished\":\"2026-03-09T08:18:00+00:00\",\"mainEntityOfPage\":{\"@id\":\"https:\/\/com-quotidiens.fr\/blog\/communication-professionnelle\/maitriser-lecoute-active-pour-ameliorer-vos-relations-professionnelles\/\"},\"wordCount\":2312,\"commentCount\":0,\"publisher\":{\"@id\":\"https:\/\/com-quotidiens.fr\/blog\/#organization\"},\"image\":{\"@id\":\"https:\/\/com-quotidiens.fr\/blog\/communication-professionnelle\/maitriser-lecoute-active-pour-ameliorer-vos-relations-professionnelles\/#primaryimage\"},\"thumbnailUrl\":\"https:\/\/com-quotidiens.fr\/blog\/wp-content\/uploads\/2026\/03\/sdxl-222839c9ff7206c9390b521c3beae1ae-scaled.png\",\"keywords\":[\"ecoute active\",\"relations professionnelles\",\"soft skill\"],\"articleSection\":[\"Communication Professionnelle\"],\"inLanguage\":\"fr-FR\",\"potentialAction\":[{\"@type\":\"CommentAction\",\"name\":\"Comment\",\"target\":[\"https:\/\/com-quotidiens.fr\/blog\/communication-professionnelle\/maitriser-lecoute-active-pour-ameliorer-vos-relations-professionnelles\/#respond\"]}]},{\"@type\":\"WebPage\",\"@id\":\"https:\/\/com-quotidiens.fr\/blog\/communication-professionnelle\/maitriser-lecoute-active-pour-ameliorer-vos-relations-professionnelles\/\",\"url\":\"https:\/\/com-quotidiens.fr\/blog\/communication-professionnelle\/maitriser-lecoute-active-pour-ameliorer-vos-relations-professionnelles\/\",\"name\":\"Ma\u00eetriser l'\u00e9coute active pour de meilleures relations pro\",\"isPartOf\":{\"@id\":\"https:\/\/com-quotidiens.fr\/blog\/#website\"},\"primaryImageOfPage\":{\"@id\":\"https:\/\/com-quotidiens.fr\/blog\/communication-professionnelle\/maitriser-lecoute-active-pour-ameliorer-vos-relations-professionnelles\/#primaryimage\"},\"image\":{\"@id\":\"https:\/\/com-quotidiens.fr\/blog\/communication-professionnelle\/maitriser-lecoute-active-pour-ameliorer-vos-relations-professionnelles\/#primaryimage\"},\"thumbnailUrl\":\"https:\/\/com-quotidiens.fr\/blog\/wp-content\/uploads\/2026\/03\/sdxl-222839c9ff7206c9390b521c3beae1ae-scaled.png\",\"datePublished\":\"2026-03-09T08:18:00+00:00\",\"description\":\"L'\u00e9coute active est une technique de communication qui favorise compr\u00e9hension et empathie. Elle se distingue de l'\u00e9coute passive par un engagement total.\",\"inLanguage\":\"fr-FR\",\"potentialAction\":[{\"@type\":\"ReadAction\",\"target\":[\"https:\/\/com-quotidiens.fr\/blog\/communication-professionnelle\/maitriser-lecoute-active-pour-ameliorer-vos-relations-professionnelles\/\"]}]},{\"@type\":\"ImageObject\",\"inLanguage\":\"fr-FR\",\"@id\":\"https:\/\/com-quotidiens.fr\/blog\/communication-professionnelle\/maitriser-lecoute-active-pour-ameliorer-vos-relations-professionnelles\/#primaryimage\",\"url\":\"https:\/\/com-quotidiens.fr\/blog\/wp-content\/uploads\/2026\/03\/sdxl-222839c9ff7206c9390b521c3beae1ae-scaled.png\",\"contentUrl\":\"https:\/\/com-quotidiens.fr\/blog\/wp-content\/uploads\/2026\/03\/sdxl-222839c9ff7206c9390b521c3beae1ae-scaled.png\",\"width\":1200,\"height\":500},{\"@type\":\"WebSite\",\"@id\":\"https:\/\/com-quotidiens.fr\/blog\/#website\",\"url\":\"https:\/\/com-quotidiens.fr\/blog\/\",\"name\":\"com-quotidiens.fr\",\"description\":\"Com Quotidiens, l&#039;info communication au quotidien\",\"publisher\":{\"@id\":\"https:\/\/com-quotidiens.fr\/blog\/#organization\"},\"alternateName\":\"Com Quotidiens, l'info communication au quotidien\",\"potentialAction\":[{\"@type\":\"SearchAction\",\"target\":{\"@type\":\"EntryPoint\",\"urlTemplate\":\"https:\/\/com-quotidiens.fr\/blog\/?s={search_term_string}\"},\"query-input\":{\"@type\":\"PropertyValueSpecification\",\"valueRequired\":true,\"valueName\":\"search_term_string\"}}],\"inLanguage\":\"fr-FR\"},{\"@type\":\"Organization\",\"@id\":\"https:\/\/com-quotidiens.fr\/blog\/#organization\",\"name\":\"Foretsensations.fr\",\"url\":\"https:\/\/com-quotidiens.fr\/blog\/\",\"logo\":{\"@type\":\"ImageObject\",\"inLanguage\":\"fr-FR\",\"@id\":\"https:\/\/com-quotidiens.fr\/blog\/#\/schema\/logo\/image\/\",\"url\":\"https:\/\/com-quotidiens.fr\/blog\/wp-content\/uploads\/2024\/12\/26.png\",\"contentUrl\":\"https:\/\/com-quotidiens.fr\/blog\/wp-content\/uploads\/2024\/12\/26.png\",\"width\":500,\"height\":500,\"caption\":\"Foretsensations.fr\"},\"image\":{\"@id\":\"https:\/\/com-quotidiens.fr\/blog\/#\/schema\/logo\/image\/\"}},{\"@type\":\"Person\",\"@id\":\"https:\/\/com-quotidiens.fr\/blog\/#\/schema\/person\/3c864cdc320801e3db34b663e7e3f816\",\"name\":\"Th\u00e9o R.\",\"image\":{\"@type\":\"ImageObject\",\"inLanguage\":\"fr-FR\",\"@id\":\"https:\/\/com-quotidiens.fr\/blog\/#\/schema\/person\/image\/\",\"url\":\"https:\/\/com-quotidiens.fr\/blog\/wp-content\/uploads\/2026\/06\/persona_theo-r-96x96.jpg\",\"contentUrl\":\"https:\/\/com-quotidiens.fr\/blog\/wp-content\/uploads\/2026\/06\/persona_theo-r-96x96.jpg\",\"caption\":\"Th\u00e9o R.\"},\"description\":\"Le web et la communication sont mon m\u00e9tier depuis une dizaine d'ann\u00e9es, entre r\u00e9daction, strat\u00e9gie de contenu et accompagnement de projets en ligne. J'\u00e9cris sur la cr\u00e9ation de site, le marketing digital, l'image de marque et le m\u00e9tier de r\u00e9dacteur web, avec l'envie de rendre ces sujets concrets pour les ind\u00e9pendants et les petites entreprises. J'aime expliquer comment se construit une pr\u00e9sence en ligne cr\u00e9dible, du choix des mots \u00e0 la coh\u00e9rence visuelle, sans recourir au jargon d'agence. Avant de recommander une m\u00e9thode ou un outil, je l'\u00e9prouve sur le terrain et je distingue ce qui marche vraiment des promesses \u00e0 la mode. Je me m\u00e9fie des recettes miracles en marketing, car aucune ne dispense de travail et de r\u00e9gularit\u00e9. Mon angle : donner des rep\u00e8res solides pour communiquer juste et b\u00e2tir une marque qui dure, \u00e0 hauteur de budgets r\u00e9els et d'\u00e9quipes r\u00e9duites.\",\"url\":\"https:\/\/com-quotidiens.fr\/blog\/auteur\/noname\/\",\"jobTitle\":\"R\u00e9dacteur en chef \u00b7 Web & Communication\",\"knowsAbout\":[\"Web\",\"Communication\"],\"email\":\"theo.r@clickbuzz.fr\"}]}<\/script>\n<!-- \/ Yoast SEO Premium plugin. -->","yoast_head_json":{"title":"Ma\u00eetriser l'\u00e9coute active pour de meilleures relations pro","description":"L'\u00e9coute active est une technique de communication qui favorise compr\u00e9hension et empathie. Elle se distingue de l'\u00e9coute passive par un engagement total.","robots":{"index":"index","follow":"follow","max-snippet":"max-snippet:-1","max-image-preview":"max-image-preview:large","max-video-preview":"max-video-preview:-1"},"canonical":"https:\/\/com-quotidiens.fr\/blog\/communication-professionnelle\/maitriser-lecoute-active-pour-ameliorer-vos-relations-professionnelles\/","og_locale":"fr_FR","og_type":"article","og_title":"Ma\u00eetriser l'\u00e9coute active pour de meilleures relations pro","og_description":"L'\u00e9coute active est une technique de communication qui favorise compr\u00e9hension et empathie. Elle se distingue de l'\u00e9coute passive par un engagement total.","og_url":"https:\/\/com-quotidiens.fr\/blog\/communication-professionnelle\/maitriser-lecoute-active-pour-ameliorer-vos-relations-professionnelles\/","og_site_name":"com-quotidiens","og_image":[{"width":1200,"height":500,"url":"https:\/\/com-quotidiens.fr\/blog\/wp-content\/uploads\/2026\/03\/sdxl-222839c9ff7206c9390b521c3beae1ae-scaled.png","type":"image\/png"}],"author":"Th\u00e9o R.","twitter_card":"summary_large_image","schema":{"@context":"https:\/\/schema.org","@graph":[{"@type":"NewsArticle","@id":"https:\/\/com-quotidiens.fr\/blog\/communication-professionnelle\/maitriser-lecoute-active-pour-ameliorer-vos-relations-professionnelles\/#article","isPartOf":{"@id":"https:\/\/com-quotidiens.fr\/blog\/communication-professionnelle\/maitriser-lecoute-active-pour-ameliorer-vos-relations-professionnelles\/"},"author":{"name":"Th\u00e9o R.","@id":"https:\/\/com-quotidiens.fr\/blog\/#\/schema\/person\/3c864cdc320801e3db34b663e7e3f816"},"headline":"Ma\u00eetriser l&rsquo;\u00e9coute active pour am\u00e9liorer vos relations professionnelles","datePublished":"2026-03-09T08:18:00+00:00","mainEntityOfPage":{"@id":"https:\/\/com-quotidiens.fr\/blog\/communication-professionnelle\/maitriser-lecoute-active-pour-ameliorer-vos-relations-professionnelles\/"},"wordCount":2312,"commentCount":0,"publisher":{"@id":"https:\/\/com-quotidiens.fr\/blog\/#organization"},"image":{"@id":"https:\/\/com-quotidiens.fr\/blog\/communication-professionnelle\/maitriser-lecoute-active-pour-ameliorer-vos-relations-professionnelles\/#primaryimage"},"thumbnailUrl":"https:\/\/com-quotidiens.fr\/blog\/wp-content\/uploads\/2026\/03\/sdxl-222839c9ff7206c9390b521c3beae1ae-scaled.png","keywords":["ecoute active","relations professionnelles","soft skill"],"articleSection":["Communication Professionnelle"],"inLanguage":"fr-FR","potentialAction":[{"@type":"CommentAction","name":"Comment","target":["https:\/\/com-quotidiens.fr\/blog\/communication-professionnelle\/maitriser-lecoute-active-pour-ameliorer-vos-relations-professionnelles\/#respond"]}]},{"@type":"WebPage","@id":"https:\/\/com-quotidiens.fr\/blog\/communication-professionnelle\/maitriser-lecoute-active-pour-ameliorer-vos-relations-professionnelles\/","url":"https:\/\/com-quotidiens.fr\/blog\/communication-professionnelle\/maitriser-lecoute-active-pour-ameliorer-vos-relations-professionnelles\/","name":"Ma\u00eetriser l'\u00e9coute active pour de meilleures relations pro","isPartOf":{"@id":"https:\/\/com-quotidiens.fr\/blog\/#website"},"primaryImageOfPage":{"@id":"https:\/\/com-quotidiens.fr\/blog\/communication-professionnelle\/maitriser-lecoute-active-pour-ameliorer-vos-relations-professionnelles\/#primaryimage"},"image":{"@id":"https:\/\/com-quotidiens.fr\/blog\/communication-professionnelle\/maitriser-lecoute-active-pour-ameliorer-vos-relations-professionnelles\/#primaryimage"},"thumbnailUrl":"https:\/\/com-quotidiens.fr\/blog\/wp-content\/uploads\/2026\/03\/sdxl-222839c9ff7206c9390b521c3beae1ae-scaled.png","datePublished":"2026-03-09T08:18:00+00:00","description":"L'\u00e9coute active est une technique de communication qui favorise compr\u00e9hension et empathie. Elle se distingue de l'\u00e9coute passive par un engagement total.","inLanguage":"fr-FR","potentialAction":[{"@type":"ReadAction","target":["https:\/\/com-quotidiens.fr\/blog\/communication-professionnelle\/maitriser-lecoute-active-pour-ameliorer-vos-relations-professionnelles\/"]}]},{"@type":"ImageObject","inLanguage":"fr-FR","@id":"https:\/\/com-quotidiens.fr\/blog\/communication-professionnelle\/maitriser-lecoute-active-pour-ameliorer-vos-relations-professionnelles\/#primaryimage","url":"https:\/\/com-quotidiens.fr\/blog\/wp-content\/uploads\/2026\/03\/sdxl-222839c9ff7206c9390b521c3beae1ae-scaled.png","contentUrl":"https:\/\/com-quotidiens.fr\/blog\/wp-content\/uploads\/2026\/03\/sdxl-222839c9ff7206c9390b521c3beae1ae-scaled.png","width":1200,"height":500},{"@type":"WebSite","@id":"https:\/\/com-quotidiens.fr\/blog\/#website","url":"https:\/\/com-quotidiens.fr\/blog\/","name":"com-quotidiens.fr","description":"Com Quotidiens, l&#039;info communication au quotidien","publisher":{"@id":"https:\/\/com-quotidiens.fr\/blog\/#organization"},"alternateName":"Com Quotidiens, l'info communication au quotidien","potentialAction":[{"@type":"SearchAction","target":{"@type":"EntryPoint","urlTemplate":"https:\/\/com-quotidiens.fr\/blog\/?s={search_term_string}"},"query-input":{"@type":"PropertyValueSpecification","valueRequired":true,"valueName":"search_term_string"}}],"inLanguage":"fr-FR"},{"@type":"Organization","@id":"https:\/\/com-quotidiens.fr\/blog\/#organization","name":"Foretsensations.fr","url":"https:\/\/com-quotidiens.fr\/blog\/","logo":{"@type":"ImageObject","inLanguage":"fr-FR","@id":"https:\/\/com-quotidiens.fr\/blog\/#\/schema\/logo\/image\/","url":"https:\/\/com-quotidiens.fr\/blog\/wp-content\/uploads\/2024\/12\/26.png","contentUrl":"https:\/\/com-quotidiens.fr\/blog\/wp-content\/uploads\/2024\/12\/26.png","width":500,"height":500,"caption":"Foretsensations.fr"},"image":{"@id":"https:\/\/com-quotidiens.fr\/blog\/#\/schema\/logo\/image\/"}},{"@type":"Person","@id":"https:\/\/com-quotidiens.fr\/blog\/#\/schema\/person\/3c864cdc320801e3db34b663e7e3f816","name":"Th\u00e9o R.","image":{"@type":"ImageObject","inLanguage":"fr-FR","@id":"https:\/\/com-quotidiens.fr\/blog\/#\/schema\/person\/image\/","url":"https:\/\/com-quotidiens.fr\/blog\/wp-content\/uploads\/2026\/06\/persona_theo-r-96x96.jpg","contentUrl":"https:\/\/com-quotidiens.fr\/blog\/wp-content\/uploads\/2026\/06\/persona_theo-r-96x96.jpg","caption":"Th\u00e9o R."},"description":"Le web et la communication sont mon m\u00e9tier depuis une dizaine d'ann\u00e9es, entre r\u00e9daction, strat\u00e9gie de contenu et accompagnement de projets en ligne. J'\u00e9cris sur la cr\u00e9ation de site, le marketing digital, l'image de marque et le m\u00e9tier de r\u00e9dacteur web, avec l'envie de rendre ces sujets concrets pour les ind\u00e9pendants et les petites entreprises. J'aime expliquer comment se construit une pr\u00e9sence en ligne cr\u00e9dible, du choix des mots \u00e0 la coh\u00e9rence visuelle, sans recourir au jargon d'agence. Avant de recommander une m\u00e9thode ou un outil, je l'\u00e9prouve sur le terrain et je distingue ce qui marche vraiment des promesses \u00e0 la mode. Je me m\u00e9fie des recettes miracles en marketing, car aucune ne dispense de travail et de r\u00e9gularit\u00e9. Mon angle : donner des rep\u00e8res solides pour communiquer juste et b\u00e2tir une marque qui dure, \u00e0 hauteur de budgets r\u00e9els et d'\u00e9quipes r\u00e9duites.","url":"https:\/\/com-quotidiens.fr\/blog\/auteur\/noname\/","jobTitle":"R\u00e9dacteur en chef \u00b7 Web & Communication","knowsAbout":["Web","Communication"],"email":"theo.r@clickbuzz.fr"}]}},"_links":{"self":[{"href":"https:\/\/com-quotidiens.fr\/blog\/wp-json\/wp\/v2\/posts\/7540","targetHints":{"allow":["GET"]}}],"collection":[{"href":"https:\/\/com-quotidiens.fr\/blog\/wp-json\/wp\/v2\/posts"}],"about":[{"href":"https:\/\/com-quotidiens.fr\/blog\/wp-json\/wp\/v2\/types\/post"}],"author":[{"embeddable":true,"href":"https:\/\/com-quotidiens.fr\/blog\/wp-json\/wp\/v2\/users\/34"}],"replies":[{"embeddable":true,"href":"https:\/\/com-quotidiens.fr\/blog\/wp-json\/wp\/v2\/comments?post=7540"}],"version-history":[{"count":1,"href":"https:\/\/com-quotidiens.fr\/blog\/wp-json\/wp\/v2\/posts\/7540\/revisions"}],"predecessor-version":[{"id":7573,"href":"https:\/\/com-quotidiens.fr\/blog\/wp-json\/wp\/v2\/posts\/7540\/revisions\/7573"}],"wp:featuredmedia":[{"embeddable":true,"href":"https:\/\/com-quotidiens.fr\/blog\/wp-json\/wp\/v2\/media\/7574"}],"wp:attachment":[{"href":"https:\/\/com-quotidiens.fr\/blog\/wp-json\/wp\/v2\/media?parent=7540"}],"wp:term":[{"taxonomy":"category","embeddable":true,"href":"https:\/\/com-quotidiens.fr\/blog\/wp-json\/wp\/v2\/categories?post=7540"},{"taxonomy":"post_tag","embeddable":true,"href":"https:\/\/com-quotidiens.fr\/blog\/wp-json\/wp\/v2\/tags?post=7540"}],"curies":[{"name":"wp","href":"https:\/\/api.w.org\/{rel}","templated":true}]}}