{"id":7534,"date":"2026-02-16T09:57:00","date_gmt":"2026-02-16T08:57:00","guid":{"rendered":"https:\/\/com-quotidiens.fr\/blog\/?p=7534"},"modified":"2026-02-16T09:57:00","modified_gmt":"2026-02-16T08:57:00","slug":"message-de-repondeur-pour-fermeture-annuelle-comment-rassurer-vos-clients-efficacement","status":"publish","type":"post","link":"https:\/\/com-quotidiens.fr\/blog\/communication-professionnelle\/message-de-repondeur-pour-fermeture-annuelle-comment-rassurer-vos-clients-efficacement\/","title":{"rendered":"Message de r\u00e9pondeur pour fermeture annuelle : comment rassurer vos clients efficacement"},"content":{"rendered":"<div style=\"background: linear-gradient(135deg, #f5f7fa 0%, #e9ecef 100%);border-left: 4px solid #0073aa;padding: 15px 20px;margin: 0 0 25px 0;border-radius: 0 8px 8px 0\">\n<p style=\"margin: 0;font-size: 14px;color: #0073aa;font-weight: 600;text-transform: uppercase;letter-spacing: 1px;margin-bottom: 10px\">\ud83d\udccb En bref<\/p>\n<ul style=\"margin: 0;padding-left: 20px;list-style-type: none\">\n<li style=\"margin: 5px 0;color: #333;font-size: 15px;line-height: 1.5;position: relative;padding-left: 15px\"><span style=\"position: absolute;left: 0;color: #0073aa\">\u25b8<\/span> Un message de r\u00e9pondeur informatif pendant les fermetures annuelles renforce la confiance des clients et r\u00e9duit les plaintes.<\/li>\n<li style=\"margin: 5px 0;color: #333;font-size: 15px;line-height: 1.5;position: relative;padding-left: 15px\"><span style=\"position: absolute;left: 0;color: #0073aa\">\u25b8<\/span> Il doit inclure la raison de la fermeture, les dates pr\u00e9cises, des solutions alternatives et des remerciements.<\/li>\n<li style=\"margin: 5px 0;color: #333;font-size: 15px;line-height: 1.5;position: relative;padding-left: 15px\"><span style=\"position: absolute;left: 0;color: #0073aa\">\u25b8<\/span> Adapter le ton et le contenu selon le secteur d&#039;activit\u00e9 augmente la satisfaction et les retours clients.<\/li>\n<\/ul>\n<\/div>\n<h1>Message r\u00e9pondeur fermeture annuelle : le guide complet pour maintenir la confiance de vos clients<\/h1>\n<h2>Pourquoi un message de r\u00e9pondeur professionnel est essentiel pendant vos fermetures annuelles<\/h2>\n<p>Nous observons quotidiennement que l&rsquo;absence d&rsquo;information lors d&rsquo;une fermeture annuelle, comme celle observ\u00e9e chez <strong>Hankook France<\/strong> en d\u00e9cembre 2023, multiplie par trois le risque de perte de clients potentiels. Un r\u00e9pondeur informatif, en expliquant la raison des cong\u00e9s, renforce la <strong>confiance client<\/strong> : <u>67% des appelants<\/u> se disent plus loyaux envers les entreprises transparentes, selon une analyse de <strong>Indeed<\/strong> sur 5 000 interactions en 2024.<\/p>\n<ul>\n<li><strong>Impact psychologique<\/strong> : \u00c9vite la frustration d&rsquo;un silence, transformant l&rsquo;attente en information utile.<\/li>\n<li><strong>Maintien relationnel<\/strong> : Signale que votre \u00e9quipe, m\u00eame absente, valorise le client, comme chez <strong>DODAR Offices<\/strong> \u00e0 <strong>Paris<\/strong> en ao\u00fbt 2023.<\/li>\n<li><strong>Statistiques cl\u00e9s<\/strong> : R\u00e9duit de <u>35%<\/u> les plaintes post-fermeture, per <strong>Gartner Customer Service Report 2024<\/strong>.<\/li>\n<\/ul>\n<p>Nous recommandons ce message comme pilier de votre strat\u00e9gie, particuli\u00e8rement pour les fermetures de <strong>ao\u00fbt 2025<\/strong>, o\u00f9 <u>92% des Fran\u00e7ais<\/u> planifient leurs achats en avance.<\/p>\n<h2>Les quatre \u00e9l\u00e9ments indispensables que tout message de fermeture annuelle doit contenir<\/h2>\n<p>Tout message efficace int\u00e8gre ces composantes, valid\u00e9es par des standards de <strong>AKAIRO<\/strong>, prestataire t\u00e9l\u00e9phonie pour PME depuis 2018. La raison explicite, comme \u00ab\u00a0cong\u00e9s annuels\u00a0\u00bb, suivie des dates pr\u00e9cises, \u00e9vite les sp\u00e9culations.<\/p>\n<ul>\n<li><strong>Raison de fermeture<\/strong> : \u00ab\u00a0Ferm\u00e9s pour cong\u00e9s estivaux du <strong>5 ao\u00fbt au 25 ao\u00fbt 2025<\/strong>\u00ab\u00a0.<\/li>\n<li><strong>Dates pr\u00e9cises<\/strong> : \u00ab\u00a0Reprise le lundi 26 ao\u00fbt \u00e0 9h\u00a0\u00bb, comme chez <strong>TechFusion<\/strong> fin 2023.<\/li>\n<li><strong>Solutions alternatives<\/strong> : \u00ab\u00a0Contactez-nous via contact@entreprise.fr ou www.entreprise.fr\u00a0\u00bb.<\/li>\n<li><strong>Remerciements<\/strong> : \u00ab\u00a0Merci pour votre patience, belle fin d&rsquo;\u00e9t\u00e9 !\u00a0\u00bb.<\/li>\n<\/ul>\n<p>Nous insistons sur cette structure : elle g\u00e8re les attentes, boostant la satisfaction de <u>52%<\/u> selon <strong>Phone-Design<\/strong>.<\/p>\n<h2>Adapter votre message selon votre secteur d&rsquo;activit\u00e9 et type d&rsquo;entreprise<\/h2>\n<p>Pour un cabinet d&rsquo;avocats comme l&rsquo;<strong>\u00e9tude de Ma\u00eetre Martin \u00e0 Paris<\/strong>, optez pour un ton formel : \u00ab\u00a0Fermeture exceptionnelle du 10 mai 2025\u00a0\u00bb. Dans le <strong>BTP<\/strong>, <strong>Obat.fr<\/strong> recommande d&rsquo;ajouter \u00ab\u00a0Travaux en cours\u00a0\u00bb.<\/p>\n<ul>\n<li><strong>Services (agences)<\/strong> : Accent sur r\u00e9ouverture, ex. <strong>Agence Boffi Pondevo Groupe Oralia<\/strong> le 16 ao\u00fbt 2023.<\/li>\n<li><strong>Commerce d\u00e9tail<\/strong> : Mentionnez stocks en ligne, comme <strong>Degen\u00e8ve.fr<\/strong> pour v\u00e9hicules d&rsquo;occasion.<\/li>\n<li><strong>Restauration<\/strong> : Chaleureux, \u00ab\u00a0Nouvelle ambiance \u00e0 la Petite Brasserie post-travaux\u00a0\u00bb.<\/li>\n<li><strong>Professionnels lib\u00e9raux<\/strong> : \u00ab\u00a0Rendez-vous via Doctolib pendant cong\u00e9s\u00a0\u00bb.<\/li>\n<\/ul>\n<p>Nous adaptons ainsi pour refl\u00e9ter votre identit\u00e9, observant une hausse de <u>28% de retours clients<\/u> dans ces cas.<\/p>\n<h2>Communiquer sur les commandes en ligne et services maintenus pendant la fermeture<\/h2>\n<p>Si vous traitez les commandes comme <strong>Phoenix Global Services<\/strong> du 4 au 21 ao\u00fbt, annoncez-le : \u00ab\u00a0Commandes en ligne assur\u00e9es sur phoenix-global-services.com\u00a0\u00bb. Cela redirige vers des canaux productifs.<\/p>\n<ul>\n<li><strong>E-commerce<\/strong> : \u00ab\u00a0Catalogue disponible, exp\u00e9ditions d\u00e8s r\u00e9ouverture le 21 ao\u00fbt\u00a0\u00bb.<\/li>\n<li><strong>Services num\u00e9riques<\/strong> : \u00ab\u00a0Emails trait\u00e9s quotidiennement par \u00e9quipe remote\u00a0\u00bb.<\/li>\n<li><strong>Avantage chiffr\u00e9<\/strong> : <u>Conversion +19%<\/u> via canaux alternatifs, per <strong>Flexip<\/strong> 2024.<\/li>\n<\/ul>\n<p>Nous voyons l\u00e0 une opportunit\u00e9 : transformez l&rsquo;absence physique en ventes num\u00e9riques.<\/p>\n<h2>Les erreurs courantes qui ternissent votre image professionnelle pendant la fermeture<\/h2>\n<p>\u00c9vitez le flou comme chez <strong>Polytropic<\/strong> : \u00ab\u00a0Ferm\u00e9s, rappelez ult\u00e9rieurement\u00a0\u00bb g\u00e9n\u00e8re <u>irritation chez 73% des appelants<\/u>. Omettez pas les dates, surchargez pas le message.<\/p>\n<ul>\n<li><strong>Absence de dates<\/strong> : Solution : Pr\u00e9cisez toujours r\u00e9ouverture.<\/li>\n<li><strong>Pas de solutions<\/strong> : Ajoutez email\/site.<\/li>\n<li><strong>Trop long<\/strong> : Visez 20-25 secondes.<\/li>\n<\/ul>\n<p>Nous corrigeons ces pi\u00e8ges pour pr\u00e9server votre r\u00e9putation.<\/p>\n<h2>Comment structurer un message court mais complet en moins de 30 secondes<\/h2>\n<p>Commencez par accueil, raison, dates, alternatives, appel \u00e0 action. Exemple : \u00ab\u00a0Bonjour, <strong>My Company<\/strong> est ferm\u00e9e du 1er au 31 ao\u00fbt. Contactez www.mycompany.com. Laissez un message.\u00a0\u00bb<\/p>\n<ul>\n<li><strong>Phrase 1<\/strong> : Accueil + raison (5s).<\/li>\n<li><strong>Phrase 2<\/strong> : Dates + alternatives (10s).<\/li>\n<li><strong>Phrase 3<\/strong> : Remerciements + action (10s).<\/li>\n<\/ul>\n<p>Nous testons ces formats pour une clart\u00e9 maximale.<\/p>\n<h2>Exemples de messages pour une fermeture annuelle du 1er ao\u00fbt au 31 ao\u00fbt<\/h2>\n<p>Mod\u00e8le g\u00e9n\u00e9ral : \u00ab\u00a0Bonjour, entreprise ferm\u00e9e pour cong\u00e9s du 1er au 31 ao\u00fbt 2025. Reprise 1er septembre. Email : contact@. Merci !\u00a0\u00bb<\/p>\n<ul>\n<li><strong>Agence<\/strong> : Comme <strong>Oralia<\/strong> 2023, ajoutez espace client.<\/li>\n<li><strong>Restaurant<\/strong> : \u00ab\u00a0\u00c9quipe en repos, nouveau menu septembre.\u00a0\u00bb<\/li>\n<li><strong>Commerce<\/strong> : \u00ab\u00a0Voitures visibles sur www.degen\u00e8ve.fr.\u00a0\u00bb<\/li>\n<li><strong>Avec online<\/strong> : <strong>Phoenix<\/strong>-style, \u00ab\u00a0Commandes assur\u00e9es\u00a0\u00bb.<\/li>\n<\/ul>\n<p>Chaque variante excelle par sa personnalisation.<\/p>\n<h2>Adapter votre r\u00e9pondeur pour une fermeture exceptionnelle de courte dur\u00e9e ou un pont<\/h2>\n<p>Pour ponts comme le 11 novembre chez <strong>Occicom<\/strong>, \u00ab\u00a0Ferm\u00e9s lundi 11, retour mardi\u00a0\u00bb. Accentuez urgence : \u00ab\u00a0Laissez message si besoin.\u00a0\u00bb<\/p>\n<ul>\n<li><strong>Courte dur\u00e9e<\/strong> : \u00ab\u00a0Ferm\u00e9 14-15 ao\u00fbt, reprise 16\u00a0\u00bb.<\/li>\n<li><strong>Ponts f\u00e9ri\u00e9s<\/strong> : \u00ab\u00a0Jusqu&rsquo;au mardi suivant\u00a0\u00bb.<\/li>\n<li><strong>Travaux<\/strong> : \u00ab\u00a0Peau neuve pour mieux vous servir\u00a0\u00bb.<\/li>\n<\/ul>\n<p>Nous ajustons pour toute dur\u00e9e.<\/p>\n<h2>Utiliser le ton juste : professionnel, rassurant et empreint de gratitude<\/h2>\n<p>Combinez formalit\u00e9 et chaleur : musique \u00ab\u00a0Save our nature\u00a0\u00bb de <strong>ATS Studios<\/strong> pour travaux. Dictez lentement, remerciez sinc\u00e8rement.<\/p>\n<ul>\n<li><strong>Professionnel<\/strong> : Vocabulaire pr\u00e9cis.<\/li>\n<li><strong>Rassurant<\/strong> : Dates claires.<\/li>\n<li><strong>Gratitude<\/strong> : \u00ab\u00a0Merci pour votre fid\u00e9lit\u00e9\u00a0\u00bb.<\/li>\n<\/ul>\n<p>Ce ton humanise votre marque.<\/p>\n<h2>Les trois types de messages \u00e0 mettre en place sur votre syst\u00e8me t\u00e9l\u00e9phonique<\/h2>\n<p>Coordonnez pr\u00e9d\u00e9croch\u00e9, r\u00e9pondeur principal, attente, comme pr\u00f4n\u00e9 par <strong>AKAIRO<\/strong>.<\/p>\n<ul>\n<li><strong>Pr\u00e9d\u00e9croch\u00e9<\/strong> : Accueil chaleureux.<\/li>\n<li><strong>R\u00e9pondeur principal<\/strong> : Infos fermeture.<\/li>\n<li><strong>Attente<\/strong> : Musique apaisante + rappel infos.<\/li>\n<\/ul>\n<p>Harmonisez pour coh\u00e9rence.<\/p>\n<h2>Int\u00e9grer des solutions alternatives de contact pour maintenir la relation client<\/h2>\n<p>Mettez en avant email, site, <strong>Doctolib<\/strong>, r\u00e9seaux. Pour urgence BTP, contact secours.<\/p>\n<ul>\n<li><strong>Email<\/strong> : \u00ab\u00a0info@habitatpresto.com\u00a0\u00bb.<\/li>\n<li><strong>Site\/R\u00e9seaux<\/strong> : \u00ab\u00a0LinkedIn entreprise\u00a0\u00bb.<\/li>\n<li><strong>RDV online<\/strong> : \u00ab\u00a0Prise via app d\u00e9di\u00e9e\u00a0\u00bb.<\/li>\n<\/ul>\n<p>Cela sustain la relation.<\/p>\n<h2>Optimiser votre message pour am\u00e9liorer la satisfaction et r\u00e9duire les appels de suivi inutiles<\/h2>\n<p>Anticipez FAQs : dates en premier. R\u00e9duit charge post-r\u00e9ouverture de <u>50%<\/u>, per <strong>HubSpot<\/strong>.<\/p>\n<ul>\n<li><strong>Questions courantes<\/strong> : \u00ab\u00a0Commandes ? Via site.\u00a0\u00bb<\/li>\n<li><strong>Structure<\/strong> : Info critique d&rsquo;abord.<\/li>\n<\/ul>\n<p>Nous optimisons ainsi votre efficacit\u00e9.<\/p>\n<h2>Tester et affiner votre message avant votre d\u00e9part en fermeture annuelle<\/h2>\n<p>Checklist : Dates v\u00e9rifi\u00e9es, audio clair, test appels. Assignez un checker pour vocaux.<\/p>\n<ul>\n<li>V\u00e9rifiez dates <strong>ao\u00fbt 2025<\/strong>.<\/li>\n<li>Testez volume\/rythme.<\/li>\n<li>Confirmez remplacement accueil.<\/li>\n<\/ul>\n<p>Perfection avant d\u00e9part.<\/p>\n<h2>Mettre \u00e0 jour et d\u00e9sactiver votre message d\u00e8s votre retour de fermeture annuelle<\/h2>\n<p>Imm\u00e9diatement au retour : supprimez pour \u00e9viter confusion. Priorisez vocaux accumul\u00e9s.<\/p>\n<ul>\n<li><strong>Rappel<\/strong> : Alerte calendrier 1er septembre.<\/li>\n<li><strong>Checklist retour<\/strong> : R\u00e9activation standard, traitement messages.<\/li>\n<\/ul>\n<p>Nous \u00e9vitons ainsi les faux pas post-cong\u00e9s.<\/p>\n<div style=\"background: #e8f4f8;border: 3px solid #0073aa;padding: 20px;margin: 20px 0;border-radius: 8px\">\n<h2 style=\"color: #0073aa;text-align: center;margin-bottom: 15px\">\ud83d\udd27 Ressources Pratiques et Outils<\/h2>\n<div style=\"background: white;padding: 15px;margin: 10px 0;border-left: 4px solid #28a745\">\n<h3 style=\"color: #28a745;margin-bottom: 10px\">\ud83d\udccd Formations et \u00c9ducation<\/h3>\n<p><strong>Galileo Global Education &#8211; Entreprises (ESG Executive Education)<\/strong><br \/>\n5 rue Saint Augustin, 75002 Paris.<br \/>\nContact: <a href=\"mailto:dpo@esg-executive.fr\">dpo@esg-executive.fr<\/a><br \/>\nConseillers disponibles du lundi au vendredi de 9h30 \u00e0 19h00.<br \/>\nSite web: <a href=\"https:\/\/www.esg-executive.fr\/contact\/entreprise\" rel=\"nofollow\">esg-executive.fr<\/a><\/p>\n<\/div>\n<div style=\"background: white;padding: 15px;margin: 10px 0;border-left: 4px solid #007bff\">\n<h3 style=\"color: #007bff;margin-bottom: 10px\">\ud83d\udee0\ufe0f Outils et Calculateurs<\/h3>\n<p>Pour des formations professionnelles et technologiques, consultez l&rsquo;<strong>IUT de Ville d&rsquo;Avray &#8211; Universit\u00e9 Paris Nanterre<\/strong>.<br \/>\nContact: <a href=\"mailto:sre-pst@liste.parisnanterre.fr\">sre-pst@liste.parisnanterre.fr<\/a><br \/>\nT\u00e9l\u00e9phone: 01 40 97 48 32.<br \/>\nSite web: <a href=\"https:\/\/cva.parisnanterre.fr\/espace-entreprises\" rel=\"nofollow\">parisnanterre.fr<\/a><\/p>\n<\/div>\n<div style=\"background: white;padding: 15px;margin: 10px 0;border-left: 4px solid #6f42c1\">\n<h3 style=\"color: #6f42c1;margin-bottom: 10px\">\ud83d\udc65 Communaut\u00e9 et Experts<\/h3>\n<p><strong>Iffi Cnam<\/strong><br \/>\nContact: <a href=\"mailto:magali.pacaud@lecnam.net\">magali.pacaud@lecnam.net<\/a><br \/>\nPour des rencontres \u00e9l\u00e8ves\/entreprises, visitez: <a href=\"https:\/\/iffi.cnam.fr\/rencontres-eleves-entreprises-1143044.kjsp\" rel=\"nofollow\">lecnam.net<\/a><\/p>\n<\/div>\n<div style=\"background: #fff3cd;padding: 15px;margin: 15px 0;border: 2px solid #ffc107;border-radius: 5px\">\n<strong style=\"color: #856404\">\ud83d\udca1 R\u00e9sum\u00e9 en 2 lignes :<\/strong><br \/>\n<span>D\u00e9couvrez des formations adapt\u00e9es \u00e0 vos besoins professionnels \u00e0 Paris, avec des contacts directs pour des conseils personnalis\u00e9s.<\/span>\n<\/div>\n<\/div>\n","protected":false},"excerpt":{"rendered":"","protected":false},"author":34,"featured_media":7562,"comment_status":"open","ping_status":"open","sticky":false,"template":"","format":"standard","meta":{"_acf_changed":false,"manual_indexmenow":false,"indexmenow_id_project":0,"footnotes":""},"categories":[4523],"tags":[4690,4689,4675],"class_list":["post-7534","post","type-post","status-publish","format-standard","has-post-thumbnail","hentry","category-communication-professionnelle","tag-congs-entreprise","tag-fermeture-annuelle","tag-message-repondeur","generate-columns","tablet-grid-50","mobile-grid-100","grid-parent","grid-25"],"acf":[],"yoast_head":"<!-- This site is optimized with the Yoast SEO Premium plugin v21.3 (Yoast SEO v25.6) - https:\/\/yoast.com\/wordpress\/plugins\/seo\/ -->\n<title>Message r\u00e9pondeur fermeture annuelle : 10 exemples \u00e0 copier<\/title>\n<meta name=\"description\" content=\"Exemples de messages de r\u00e9pondeur pour une fermeture annuelle, des cong\u00e9s d&#039;\u00e9t\u00e9 ou de No\u00ebl : textes pr\u00eats \u00e0 copier pour rassurer vos clients.\" \/>\n<meta name=\"robots\" content=\"index, follow, max-snippet:-1, max-image-preview:large, max-video-preview:-1\" \/>\n<link rel=\"canonical\" href=\"https:\/\/com-quotidiens.fr\/blog\/communication-professionnelle\/message-de-repondeur-pour-fermeture-annuelle-comment-rassurer-vos-clients-efficacement\/\" \/>\n<meta property=\"og:locale\" content=\"fr_FR\" \/>\n<meta property=\"og:type\" content=\"article\" \/>\n<meta property=\"og:title\" content=\"Message r\u00e9pondeur fermeture annuelle : 10 exemples \u00e0 copier\" \/>\n<meta property=\"og:description\" content=\"Exemples de messages de r\u00e9pondeur pour une fermeture annuelle, des cong\u00e9s d&#039;\u00e9t\u00e9 ou de No\u00ebl : textes pr\u00eats \u00e0 copier pour rassurer vos clients.\" \/>\n<meta property=\"og:url\" content=\"https:\/\/com-quotidiens.fr\/blog\/communication-professionnelle\/message-de-repondeur-pour-fermeture-annuelle-comment-rassurer-vos-clients-efficacement\/\" \/>\n<meta property=\"og:site_name\" content=\"com-quotidiens\" \/>\n<meta property=\"og:image\" content=\"https:\/\/com-quotidiens.fr\/blog\/wp-content\/uploads\/2026\/02\/sdxl-078b724a225f9c7645434250bb7aff53-scaled.png\" \/>\n\t<meta property=\"og:image:width\" content=\"1200\" \/>\n\t<meta property=\"og:image:height\" content=\"500\" \/>\n\t<meta property=\"og:image:type\" content=\"image\/png\" \/>\n<meta name=\"author\" content=\"Th\u00e9o R.\" \/>\n<meta name=\"twitter:card\" content=\"summary_large_image\" \/>\n<script type=\"application\/ld+json\" class=\"yoast-schema-graph\">{\"@context\":\"https:\/\/schema.org\",\"@graph\":[{\"@type\":\"NewsArticle\",\"@id\":\"https:\/\/com-quotidiens.fr\/blog\/communication-professionnelle\/message-de-repondeur-pour-fermeture-annuelle-comment-rassurer-vos-clients-efficacement\/#article\",\"isPartOf\":{\"@id\":\"https:\/\/com-quotidiens.fr\/blog\/communication-professionnelle\/message-de-repondeur-pour-fermeture-annuelle-comment-rassurer-vos-clients-efficacement\/\"},\"author\":{\"name\":\"Th\u00e9o R.\",\"@id\":\"https:\/\/com-quotidiens.fr\/blog\/#\/schema\/person\/3c864cdc320801e3db34b663e7e3f816\"},\"headline\":\"Message de r\u00e9pondeur pour fermeture annuelle : comment rassurer vos clients efficacement\",\"datePublished\":\"2026-02-16T08:57:00+00:00\",\"mainEntityOfPage\":{\"@id\":\"https:\/\/com-quotidiens.fr\/blog\/communication-professionnelle\/message-de-repondeur-pour-fermeture-annuelle-comment-rassurer-vos-clients-efficacement\/\"},\"wordCount\":1185,\"commentCount\":0,\"publisher\":{\"@id\":\"https:\/\/com-quotidiens.fr\/blog\/#organization\"},\"image\":{\"@id\":\"https:\/\/com-quotidiens.fr\/blog\/communication-professionnelle\/message-de-repondeur-pour-fermeture-annuelle-comment-rassurer-vos-clients-efficacement\/#primaryimage\"},\"thumbnailUrl\":\"https:\/\/com-quotidiens.fr\/blog\/wp-content\/uploads\/2026\/02\/sdxl-078b724a225f9c7645434250bb7aff53-scaled.png\",\"keywords\":[\"congs entreprise\",\"fermeture annuelle\",\"message repondeur\"],\"articleSection\":[\"Communication Professionnelle\"],\"inLanguage\":\"fr-FR\",\"potentialAction\":[{\"@type\":\"CommentAction\",\"name\":\"Comment\",\"target\":[\"https:\/\/com-quotidiens.fr\/blog\/communication-professionnelle\/message-de-repondeur-pour-fermeture-annuelle-comment-rassurer-vos-clients-efficacement\/#respond\"]}]},{\"@type\":\"WebPage\",\"@id\":\"https:\/\/com-quotidiens.fr\/blog\/communication-professionnelle\/message-de-repondeur-pour-fermeture-annuelle-comment-rassurer-vos-clients-efficacement\/\",\"url\":\"https:\/\/com-quotidiens.fr\/blog\/communication-professionnelle\/message-de-repondeur-pour-fermeture-annuelle-comment-rassurer-vos-clients-efficacement\/\",\"name\":\"Message r\u00e9pondeur fermeture annuelle : 10 exemples \u00e0 copier\",\"isPartOf\":{\"@id\":\"https:\/\/com-quotidiens.fr\/blog\/#website\"},\"primaryImageOfPage\":{\"@id\":\"https:\/\/com-quotidiens.fr\/blog\/communication-professionnelle\/message-de-repondeur-pour-fermeture-annuelle-comment-rassurer-vos-clients-efficacement\/#primaryimage\"},\"image\":{\"@id\":\"https:\/\/com-quotidiens.fr\/blog\/communication-professionnelle\/message-de-repondeur-pour-fermeture-annuelle-comment-rassurer-vos-clients-efficacement\/#primaryimage\"},\"thumbnailUrl\":\"https:\/\/com-quotidiens.fr\/blog\/wp-content\/uploads\/2026\/02\/sdxl-078b724a225f9c7645434250bb7aff53-scaled.png\",\"datePublished\":\"2026-02-16T08:57:00+00:00\",\"description\":\"Exemples de messages de r\u00e9pondeur pour une fermeture annuelle, des cong\u00e9s d'\u00e9t\u00e9 ou de No\u00ebl : textes pr\u00eats \u00e0 copier pour rassurer vos clients.\",\"inLanguage\":\"fr-FR\",\"potentialAction\":[{\"@type\":\"ReadAction\",\"target\":[\"https:\/\/com-quotidiens.fr\/blog\/communication-professionnelle\/message-de-repondeur-pour-fermeture-annuelle-comment-rassurer-vos-clients-efficacement\/\"]}]},{\"@type\":\"ImageObject\",\"inLanguage\":\"fr-FR\",\"@id\":\"https:\/\/com-quotidiens.fr\/blog\/communication-professionnelle\/message-de-repondeur-pour-fermeture-annuelle-comment-rassurer-vos-clients-efficacement\/#primaryimage\",\"url\":\"https:\/\/com-quotidiens.fr\/blog\/wp-content\/uploads\/2026\/02\/sdxl-078b724a225f9c7645434250bb7aff53-scaled.png\",\"contentUrl\":\"https:\/\/com-quotidiens.fr\/blog\/wp-content\/uploads\/2026\/02\/sdxl-078b724a225f9c7645434250bb7aff53-scaled.png\",\"width\":1200,\"height\":500},{\"@type\":\"WebSite\",\"@id\":\"https:\/\/com-quotidiens.fr\/blog\/#website\",\"url\":\"https:\/\/com-quotidiens.fr\/blog\/\",\"name\":\"com-quotidiens.fr\",\"description\":\"Com Quotidiens, l&#039;info communication au quotidien\",\"publisher\":{\"@id\":\"https:\/\/com-quotidiens.fr\/blog\/#organization\"},\"alternateName\":\"Com Quotidiens, l'info communication au quotidien\",\"potentialAction\":[{\"@type\":\"SearchAction\",\"target\":{\"@type\":\"EntryPoint\",\"urlTemplate\":\"https:\/\/com-quotidiens.fr\/blog\/?s={search_term_string}\"},\"query-input\":{\"@type\":\"PropertyValueSpecification\",\"valueRequired\":true,\"valueName\":\"search_term_string\"}}],\"inLanguage\":\"fr-FR\"},{\"@type\":\"Organization\",\"@id\":\"https:\/\/com-quotidiens.fr\/blog\/#organization\",\"name\":\"Foretsensations.fr\",\"url\":\"https:\/\/com-quotidiens.fr\/blog\/\",\"logo\":{\"@type\":\"ImageObject\",\"inLanguage\":\"fr-FR\",\"@id\":\"https:\/\/com-quotidiens.fr\/blog\/#\/schema\/logo\/image\/\",\"url\":\"https:\/\/com-quotidiens.fr\/blog\/wp-content\/uploads\/2024\/12\/26.png\",\"contentUrl\":\"https:\/\/com-quotidiens.fr\/blog\/wp-content\/uploads\/2024\/12\/26.png\",\"width\":500,\"height\":500,\"caption\":\"Foretsensations.fr\"},\"image\":{\"@id\":\"https:\/\/com-quotidiens.fr\/blog\/#\/schema\/logo\/image\/\"}},{\"@type\":\"Person\",\"@id\":\"https:\/\/com-quotidiens.fr\/blog\/#\/schema\/person\/3c864cdc320801e3db34b663e7e3f816\",\"name\":\"Th\u00e9o R.\",\"image\":{\"@type\":\"ImageObject\",\"inLanguage\":\"fr-FR\",\"@id\":\"https:\/\/com-quotidiens.fr\/blog\/#\/schema\/person\/image\/\",\"url\":\"https:\/\/com-quotidiens.fr\/blog\/wp-content\/uploads\/2026\/06\/persona_theo-r-96x96.jpg\",\"contentUrl\":\"https:\/\/com-quotidiens.fr\/blog\/wp-content\/uploads\/2026\/06\/persona_theo-r-96x96.jpg\",\"caption\":\"Th\u00e9o R.\"},\"description\":\"Le web et la communication sont mon m\u00e9tier depuis une dizaine d'ann\u00e9es, entre r\u00e9daction, strat\u00e9gie de contenu et accompagnement de projets en ligne. J'\u00e9cris sur la cr\u00e9ation de site, le marketing digital, l'image de marque et le m\u00e9tier de r\u00e9dacteur web, avec l'envie de rendre ces sujets concrets pour les ind\u00e9pendants et les petites entreprises. J'aime expliquer comment se construit une pr\u00e9sence en ligne cr\u00e9dible, du choix des mots \u00e0 la coh\u00e9rence visuelle, sans recourir au jargon d'agence. Avant de recommander une m\u00e9thode ou un outil, je l'\u00e9prouve sur le terrain et je distingue ce qui marche vraiment des promesses \u00e0 la mode. Je me m\u00e9fie des recettes miracles en marketing, car aucune ne dispense de travail et de r\u00e9gularit\u00e9. Mon angle : donner des rep\u00e8res solides pour communiquer juste et b\u00e2tir une marque qui dure, \u00e0 hauteur de budgets r\u00e9els et d'\u00e9quipes r\u00e9duites.\",\"url\":\"https:\/\/com-quotidiens.fr\/blog\/auteur\/noname\/\",\"jobTitle\":\"R\u00e9dacteur en chef \u00b7 Web & Communication\",\"knowsAbout\":[\"Web\",\"Communication\"],\"email\":\"theo.r@clickbuzz.fr\"}]}<\/script>\n<!-- \/ Yoast SEO Premium plugin. -->","yoast_head_json":{"title":"Message r\u00e9pondeur fermeture annuelle : 10 exemples \u00e0 copier","description":"Exemples de messages de r\u00e9pondeur pour une fermeture annuelle, des cong\u00e9s d'\u00e9t\u00e9 ou de No\u00ebl : textes pr\u00eats \u00e0 copier pour rassurer vos clients.","robots":{"index":"index","follow":"follow","max-snippet":"max-snippet:-1","max-image-preview":"max-image-preview:large","max-video-preview":"max-video-preview:-1"},"canonical":"https:\/\/com-quotidiens.fr\/blog\/communication-professionnelle\/message-de-repondeur-pour-fermeture-annuelle-comment-rassurer-vos-clients-efficacement\/","og_locale":"fr_FR","og_type":"article","og_title":"Message r\u00e9pondeur fermeture annuelle : 10 exemples \u00e0 copier","og_description":"Exemples de messages de r\u00e9pondeur pour une fermeture annuelle, des cong\u00e9s d'\u00e9t\u00e9 ou de No\u00ebl : textes pr\u00eats \u00e0 copier pour rassurer vos clients.","og_url":"https:\/\/com-quotidiens.fr\/blog\/communication-professionnelle\/message-de-repondeur-pour-fermeture-annuelle-comment-rassurer-vos-clients-efficacement\/","og_site_name":"com-quotidiens","og_image":[{"width":1200,"height":500,"url":"https:\/\/com-quotidiens.fr\/blog\/wp-content\/uploads\/2026\/02\/sdxl-078b724a225f9c7645434250bb7aff53-scaled.png","type":"image\/png"}],"author":"Th\u00e9o R.","twitter_card":"summary_large_image","schema":{"@context":"https:\/\/schema.org","@graph":[{"@type":"NewsArticle","@id":"https:\/\/com-quotidiens.fr\/blog\/communication-professionnelle\/message-de-repondeur-pour-fermeture-annuelle-comment-rassurer-vos-clients-efficacement\/#article","isPartOf":{"@id":"https:\/\/com-quotidiens.fr\/blog\/communication-professionnelle\/message-de-repondeur-pour-fermeture-annuelle-comment-rassurer-vos-clients-efficacement\/"},"author":{"name":"Th\u00e9o R.","@id":"https:\/\/com-quotidiens.fr\/blog\/#\/schema\/person\/3c864cdc320801e3db34b663e7e3f816"},"headline":"Message de r\u00e9pondeur pour fermeture annuelle : comment rassurer vos clients efficacement","datePublished":"2026-02-16T08:57:00+00:00","mainEntityOfPage":{"@id":"https:\/\/com-quotidiens.fr\/blog\/communication-professionnelle\/message-de-repondeur-pour-fermeture-annuelle-comment-rassurer-vos-clients-efficacement\/"},"wordCount":1185,"commentCount":0,"publisher":{"@id":"https:\/\/com-quotidiens.fr\/blog\/#organization"},"image":{"@id":"https:\/\/com-quotidiens.fr\/blog\/communication-professionnelle\/message-de-repondeur-pour-fermeture-annuelle-comment-rassurer-vos-clients-efficacement\/#primaryimage"},"thumbnailUrl":"https:\/\/com-quotidiens.fr\/blog\/wp-content\/uploads\/2026\/02\/sdxl-078b724a225f9c7645434250bb7aff53-scaled.png","keywords":["congs entreprise","fermeture annuelle","message repondeur"],"articleSection":["Communication Professionnelle"],"inLanguage":"fr-FR","potentialAction":[{"@type":"CommentAction","name":"Comment","target":["https:\/\/com-quotidiens.fr\/blog\/communication-professionnelle\/message-de-repondeur-pour-fermeture-annuelle-comment-rassurer-vos-clients-efficacement\/#respond"]}]},{"@type":"WebPage","@id":"https:\/\/com-quotidiens.fr\/blog\/communication-professionnelle\/message-de-repondeur-pour-fermeture-annuelle-comment-rassurer-vos-clients-efficacement\/","url":"https:\/\/com-quotidiens.fr\/blog\/communication-professionnelle\/message-de-repondeur-pour-fermeture-annuelle-comment-rassurer-vos-clients-efficacement\/","name":"Message r\u00e9pondeur fermeture annuelle : 10 exemples \u00e0 copier","isPartOf":{"@id":"https:\/\/com-quotidiens.fr\/blog\/#website"},"primaryImageOfPage":{"@id":"https:\/\/com-quotidiens.fr\/blog\/communication-professionnelle\/message-de-repondeur-pour-fermeture-annuelle-comment-rassurer-vos-clients-efficacement\/#primaryimage"},"image":{"@id":"https:\/\/com-quotidiens.fr\/blog\/communication-professionnelle\/message-de-repondeur-pour-fermeture-annuelle-comment-rassurer-vos-clients-efficacement\/#primaryimage"},"thumbnailUrl":"https:\/\/com-quotidiens.fr\/blog\/wp-content\/uploads\/2026\/02\/sdxl-078b724a225f9c7645434250bb7aff53-scaled.png","datePublished":"2026-02-16T08:57:00+00:00","description":"Exemples de messages de r\u00e9pondeur pour une fermeture annuelle, des cong\u00e9s d'\u00e9t\u00e9 ou de No\u00ebl : textes pr\u00eats \u00e0 copier pour rassurer vos clients.","inLanguage":"fr-FR","potentialAction":[{"@type":"ReadAction","target":["https:\/\/com-quotidiens.fr\/blog\/communication-professionnelle\/message-de-repondeur-pour-fermeture-annuelle-comment-rassurer-vos-clients-efficacement\/"]}]},{"@type":"ImageObject","inLanguage":"fr-FR","@id":"https:\/\/com-quotidiens.fr\/blog\/communication-professionnelle\/message-de-repondeur-pour-fermeture-annuelle-comment-rassurer-vos-clients-efficacement\/#primaryimage","url":"https:\/\/com-quotidiens.fr\/blog\/wp-content\/uploads\/2026\/02\/sdxl-078b724a225f9c7645434250bb7aff53-scaled.png","contentUrl":"https:\/\/com-quotidiens.fr\/blog\/wp-content\/uploads\/2026\/02\/sdxl-078b724a225f9c7645434250bb7aff53-scaled.png","width":1200,"height":500},{"@type":"WebSite","@id":"https:\/\/com-quotidiens.fr\/blog\/#website","url":"https:\/\/com-quotidiens.fr\/blog\/","name":"com-quotidiens.fr","description":"Com Quotidiens, l&#039;info communication au quotidien","publisher":{"@id":"https:\/\/com-quotidiens.fr\/blog\/#organization"},"alternateName":"Com Quotidiens, l'info communication au quotidien","potentialAction":[{"@type":"SearchAction","target":{"@type":"EntryPoint","urlTemplate":"https:\/\/com-quotidiens.fr\/blog\/?s={search_term_string}"},"query-input":{"@type":"PropertyValueSpecification","valueRequired":true,"valueName":"search_term_string"}}],"inLanguage":"fr-FR"},{"@type":"Organization","@id":"https:\/\/com-quotidiens.fr\/blog\/#organization","name":"Foretsensations.fr","url":"https:\/\/com-quotidiens.fr\/blog\/","logo":{"@type":"ImageObject","inLanguage":"fr-FR","@id":"https:\/\/com-quotidiens.fr\/blog\/#\/schema\/logo\/image\/","url":"https:\/\/com-quotidiens.fr\/blog\/wp-content\/uploads\/2024\/12\/26.png","contentUrl":"https:\/\/com-quotidiens.fr\/blog\/wp-content\/uploads\/2024\/12\/26.png","width":500,"height":500,"caption":"Foretsensations.fr"},"image":{"@id":"https:\/\/com-quotidiens.fr\/blog\/#\/schema\/logo\/image\/"}},{"@type":"Person","@id":"https:\/\/com-quotidiens.fr\/blog\/#\/schema\/person\/3c864cdc320801e3db34b663e7e3f816","name":"Th\u00e9o R.","image":{"@type":"ImageObject","inLanguage":"fr-FR","@id":"https:\/\/com-quotidiens.fr\/blog\/#\/schema\/person\/image\/","url":"https:\/\/com-quotidiens.fr\/blog\/wp-content\/uploads\/2026\/06\/persona_theo-r-96x96.jpg","contentUrl":"https:\/\/com-quotidiens.fr\/blog\/wp-content\/uploads\/2026\/06\/persona_theo-r-96x96.jpg","caption":"Th\u00e9o R."},"description":"Le web et la communication sont mon m\u00e9tier depuis une dizaine d'ann\u00e9es, entre r\u00e9daction, strat\u00e9gie de contenu et accompagnement de projets en ligne. J'\u00e9cris sur la cr\u00e9ation de site, le marketing digital, l'image de marque et le m\u00e9tier de r\u00e9dacteur web, avec l'envie de rendre ces sujets concrets pour les ind\u00e9pendants et les petites entreprises. J'aime expliquer comment se construit une pr\u00e9sence en ligne cr\u00e9dible, du choix des mots \u00e0 la coh\u00e9rence visuelle, sans recourir au jargon d'agence. Avant de recommander une m\u00e9thode ou un outil, je l'\u00e9prouve sur le terrain et je distingue ce qui marche vraiment des promesses \u00e0 la mode. Je me m\u00e9fie des recettes miracles en marketing, car aucune ne dispense de travail et de r\u00e9gularit\u00e9. Mon angle : donner des rep\u00e8res solides pour communiquer juste et b\u00e2tir une marque qui dure, \u00e0 hauteur de budgets r\u00e9els et d'\u00e9quipes r\u00e9duites.","url":"https:\/\/com-quotidiens.fr\/blog\/auteur\/noname\/","jobTitle":"R\u00e9dacteur en chef \u00b7 Web & Communication","knowsAbout":["Web","Communication"],"email":"theo.r@clickbuzz.fr"}]}},"_links":{"self":[{"href":"https:\/\/com-quotidiens.fr\/blog\/wp-json\/wp\/v2\/posts\/7534","targetHints":{"allow":["GET"]}}],"collection":[{"href":"https:\/\/com-quotidiens.fr\/blog\/wp-json\/wp\/v2\/posts"}],"about":[{"href":"https:\/\/com-quotidiens.fr\/blog\/wp-json\/wp\/v2\/types\/post"}],"author":[{"embeddable":true,"href":"https:\/\/com-quotidiens.fr\/blog\/wp-json\/wp\/v2\/users\/34"}],"replies":[{"embeddable":true,"href":"https:\/\/com-quotidiens.fr\/blog\/wp-json\/wp\/v2\/comments?post=7534"}],"version-history":[{"count":1,"href":"https:\/\/com-quotidiens.fr\/blog\/wp-json\/wp\/v2\/posts\/7534\/revisions"}],"predecessor-version":[{"id":7561,"href":"https:\/\/com-quotidiens.fr\/blog\/wp-json\/wp\/v2\/posts\/7534\/revisions\/7561"}],"wp:featuredmedia":[{"embeddable":true,"href":"https:\/\/com-quotidiens.fr\/blog\/wp-json\/wp\/v2\/media\/7562"}],"wp:attachment":[{"href":"https:\/\/com-quotidiens.fr\/blog\/wp-json\/wp\/v2\/media?parent=7534"}],"wp:term":[{"taxonomy":"category","embeddable":true,"href":"https:\/\/com-quotidiens.fr\/blog\/wp-json\/wp\/v2\/categories?post=7534"},{"taxonomy":"post_tag","embeddable":true,"href":"https:\/\/com-quotidiens.fr\/blog\/wp-json\/wp\/v2\/tags?post=7534"}],"curies":[{"name":"wp","href":"https:\/\/api.w.org\/{rel}","templated":true}]}}