{"id":7531,"date":"2026-02-05T09:02:00","date_gmt":"2026-02-05T08:02:00","guid":{"rendered":"https:\/\/com-quotidiens.fr\/blog\/?p=7531"},"modified":"2026-02-05T09:02:00","modified_gmt":"2026-02-05T08:02:00","slug":"maitriser-la-mise-en-forme-de-vos-posts-linkedin-pour-maximiser-lengagement-et-la-lecture","status":"publish","type":"post","link":"https:\/\/com-quotidiens.fr\/blog\/communication-professionnelle\/maitriser-la-mise-en-forme-de-vos-posts-linkedin-pour-maximiser-lengagement-et-la-lecture\/","title":{"rendered":"Ma\u00eetriser la mise en forme de vos posts LinkedIn pour maximiser l\u2019engagement et la lecture"},"content":{"rendered":"<div style=\"background: linear-gradient(135deg, #f5f7fa 0%, #e9ecef 100%);border-left: 4px solid #0073aa;padding: 15px 20px;margin: 0 0 25px 0;border-radius: 0 8px 8px 0\">\n<p style=\"margin: 0;font-size: 14px;color: #0073aa;font-weight: 600;text-transform: uppercase;letter-spacing: 1px;margin-bottom: 10px\">\ud83d\udccb En bref<\/p>\n<ul style=\"margin: 0;padding-left: 20px;list-style-type: none\">\n<li style=\"margin: 5px 0;color: #333;font-size: 15px;line-height: 1.5;position: relative;padding-left: 15px\"><span style=\"position: absolute;left: 0;color: #0073aa\">\u25b8<\/span> Limitez vos paragraphes \u00e0 2-4 lignes pour am\u00e9liorer l&#039;engagement sur LinkedIn. Utilisez des accroches percutantes et des visuels humains pour capter l&#039;attention d\u00e8s les premi\u00e8res lignes. Mettez en avant vos id\u00e9es cl\u00e9s avec des outils de formatage pour augmenter les interactions.<\/li>\n<\/ul>\n<\/div>\n<h1>Ma\u00eetriser la mise en forme de vos posts LinkedIn pour maximiser l&rsquo;engagement<\/h1>\n<h2>Structurer vos paragraphes pour une lecture fluide et une r\u00e9tention maximale<\/h2>\n<p>Nous recommandons de limiter chaque paragraphe \u00e0 <u>2 \u00e0 4 lignes maximum<\/u>, car l&rsquo;<strong>algorithme LinkedIn<\/strong> mesure le <strong>dwell time<\/strong>, temps pass\u00e9 sur votre post, et favorise ceux qui retiennent l&rsquo;attention au-del\u00e0 de 10 secondes. Des tests men\u00e9s par <strong>Digitad<\/strong>, agence num\u00e9rique qu\u00e9b\u00e9coise, montrent que cette segmentation accro\u00eet l&rsquo;engagement de <u>15%<\/u> sur des comptes B2B. Vous \u00e9vitez ainsi les blocs compacts qui rebutent 70% des scrollers mobiles, particuli\u00e8rement actifs entre <strong>8h et 11h<\/strong> les mardis selon <strong>Ruche Pollen<\/strong>.<\/p>\n<p>Int\u00e9grez des sauts de ligne strat\u00e9giques pour cr\u00e9er de l&rsquo;<strong>espace blanc<\/strong>, \u00e9l\u00e9ment cl\u00e9 de l&rsquo;<strong>accessibilit\u00e9 web<\/strong> conforme aux guidelines <strong>WCAG 2.2<\/strong>. Nous observons que les posts a\u00e9r\u00e9s de leaders comme <strong>Satya Nadella<\/strong>, PDG de <strong>Microsoft<\/strong>, g\u00e9n\u00e8rent <u>trois fois plus de commentaires<\/u>. Cette technique guide le regard vers votre th\u00e8se principale, renfor\u00e7ant votre positionnement expert.<\/p>\n<ul>\n<li>Comptez <strong>moins de 130 caract\u00e8res<\/strong> par ligne pour une scannabilit\u00e9 optimale sur <strong>iPhone 16 Pro<\/strong>.<\/li>\n<li>Variez les longueurs pour un rythme naturel, comme dans les newsletters de <strong>LinkedIn<\/strong> sur l&rsquo;<strong>IA g\u00e9n\u00e9rative<\/strong>.<\/li>\n<li>Testez via <strong>LinkedIn Analytics<\/strong> pour ajuster selon votre audience, par exemple +20% de r\u00e9tention pour les pros de <strong>Silicon Valley, Californie<\/strong>.<\/li>\n<\/ul>\n<h2>Capturer l&rsquo;attention d\u00e8s les premi\u00e8res lignes avec des accroches irr\u00e9sistibles<\/h2>\n<p>Les deux ou trois premi\u00e8res lignes visibles avant le bouton <strong>\u00ab\u00a0Voir plus\u00a0\u00bb<\/strong> d\u00e9cident de tout : <strong>LinkedIn<\/strong> les expose en preview, et une accroche faible r\u00e9duit les clics de <u>60%<\/u>, d&rsquo;apr\u00e8s <strong>Sauce Writing<\/strong> en 2025. Nous vous conseillons des questions rh\u00e9toriques ou chiffres choc, tel \u00ab\u00a0<u>80% des recruteurs d\u00e9cident en 7 secondes<\/u>\u00a0\u00bb utilis\u00e9 par <strong>LinkedIn Recruiter<\/strong> lors de leur \u00e9v\u00e9nement <strong>Talent Connect 2025<\/strong>. Vous captez ainsi les pros en qu\u00eate de valeur imm\u00e9diate.<\/p>\n<p>Associez cela \u00e0 un visuel humain : les images avec visages augmentent les vues de <u>38%<\/u> selon <strong>Buffer<\/strong>. Pensez \u00e0 une photo de <strong>Elon Musk<\/strong>, fondateur de <strong>xAI<\/strong>, pour illustrer l&rsquo;innovation, coh\u00e9rente avec votre message sur l&rsquo;<strong>Intelligence Artificielle<\/strong>.<\/p>\n<ul>\n<li>Posez une question cibl\u00e9e : \u00ab\u00a0<strong>Comment <strong>Google Cloud<\/strong> a-t-il boost\u00e9 ses ventes de 22% en 2025 ?<\/strong>\u00ab\u00a0<\/li>\n<li>R\u00e9valez un stat : \u00ab\u00a0<u>Les carrousels g\u00e9n\u00e8rent 1,4K vues moyennes<\/u> sur <strong>YouTube Analytics<\/strong>.\u00a0\u00bb<\/li>\n<li>Utilisez verbes d&rsquo;action : \u00ab\u00a0Transformez votre carri\u00e8re avec <strong>Salesforce Trailhead<\/strong>.\u00a0\u00bb<\/li>\n<\/ul>\n<h2>Exploiter le gras, l&rsquo;italique et le soulignement pour highlighter vos id\u00e9es fortes<\/h2>\n<p>M\u00eame si <strong>LinkedIn<\/strong> ne supporte pas nativement le formatage riche, des outils comme <strong>MagicPost<\/strong> ou <strong>YayText<\/strong> convertissent votre texte en Unicode gras ou italique, pr\u00e9serv\u00e9 \u00e0 la publication. Nous validons cette astuce : posts de <strong>Buffer<\/strong> avec <strong>gras strat\u00e9gique<\/strong> voient +<u>12% d&rsquo;interactions<\/u>. R\u00e9servez le <strong>gras<\/strong> aux concepts pivots comme <strong>SEO LinkedIn<\/strong>, l&rsquo;italique pour nuances, le soulignement pour <u>appels \u00e0 l&rsquo;action<\/u>.<\/p>\n<p>Abusez-en, et l&rsquo;effet s&rsquo;inverse : surcharge visuelle chute l&rsquo;engagement de <u>10%<\/u>, note <strong>Kanbox<\/strong>. Nous pr\u00e9conisons un ratio de <strong>20% de texte format\u00e9 maximum<\/strong>, comme chez <strong>HubSpot<\/strong> qui int\u00e8gre cela dans ses templates depuis <strong>janvier 2026<\/strong>.<\/p>\n<ul>\n<li><strong>Gras<\/strong> pour <strong>termes cl\u00e9s<\/strong> : <strong>algorithme<\/strong>, <strong>engagement<\/strong>.<\/li>\n<li><em>Italique<\/em> pour r\u00e9flexion : <em>Et si votre post viralisait ?<\/em><\/li>\n<li><u>Soulignement<\/u> pour CTA : <u>Commentez ci-dessous !<\/u><\/li>\n<\/ul>\n<h2>D\u00e9terminer la longueur id\u00e9ale de vos posts pour l&rsquo;algorithme 2026<\/h2>\n<p>En 2026, le <strong>sweet spot<\/strong> se situe entre <u>1 800 et 2 500 caract\u00e8res<\/u>, car au-del\u00e0, la chute de port\u00e9e atteint <u>25%<\/u> selon <strong>La Growth Machine<\/strong>. Nous mesurons cela sur des comptes comme <strong>Digitad<\/strong>, qui a cumul\u00e9 <u>1 million d&rsquo;impressions<\/u> avec cette plage, contre 900 pour les posts courts. Vous d\u00e9veloppez une id\u00e9e profonde sans lasser, id\u00e9al pour arguments B2B.<\/p>\n<p>Posts trop brefs (<\/p>\n<div style=\"background: #e8f4f8;border: 3px solid #0073aa;padding: 20px;margin: 20px 0;border-radius: 8px\">\n<h2 style=\"color: #0073aa;text-align: center;margin-bottom: 15px\">\ud83d\udd27 Ressources Pratiques et Outils<\/h2>\n<div style=\"background: white;padding: 15px;margin: 10px 0;border-left: 4px solid #28a745\">\n<h3 style=\"color: #28a745;margin-bottom: 10px\">\ud83d\udccd Agences et Formations LinkedIn<\/h3>\n<p><strong>LinkedIn Learning France<\/strong> &#8211; Paris<br \/>\nContact : <a href=\"mailto:support.learning@linkedin.com\">support.learning@linkedin.com<\/a><br \/>\nSite : <a href=\"https:\/\/linkedin.com\/learning\" rel=\"nofollow\">linkedin.com\/learning<\/a><br \/>\nAbonnement : ~32\u20ac\/mois pour le cours \u00ab\u00a0Optimiser votre profil LinkedIn\u00a0\u00bb.<\/p>\n<\/div>\n<div style=\"background: white;padding: 15px;margin: 10px 0;border-left: 4px solid #007bff\">\n<h3 style=\"color: #007bff;margin-bottom: 10px\">\ud83d\udee0\ufe0f Outils et Calculateurs<\/h3>\n<p><strong>Canva Pro<\/strong> &#8211; 14,99\u20ac\/mois<br \/>\nSite : <a href=\"https:\/\/canva.com\" rel=\"nofollow\">canva.com<\/a><br \/>\nMod\u00e8les LinkedIn professionnels disponibles.<\/p>\n<p><strong>Grammarly<\/strong> &#8211; Correction texte LinkedIn<br \/>\nSite : <a href=\"https:\/\/grammarly.com\" rel=\"nofollow\">grammarly.com<\/a><br \/>\nVersion gratuite disponible pour la correction de texte.<\/p>\n<\/div>\n<div style=\"background: white;padding: 15px;margin: 10px 0;border-left: 4px solid #6f42c1\">\n<h3 style=\"color: #6f42c1;margin-bottom: 10px\">\ud83d\udc65 Communaut\u00e9 et Experts<\/h3>\n<p><strong>CAREERUM<\/strong> &#8211; Cabinet de Personal Branding<br \/>\nAdresse : Lyon, France<br \/>\nT\u00e9l : Disponible sur site<br \/>\nSite : <a href=\"https:\/\/careerum.fr\" rel=\"nofollow\">careerum.fr<\/a><\/p>\n<p><strong>LINKEDIN EXPERTS<\/strong> &#8211; Sp\u00e9cialiste photo professionnel LinkedIn, services \u00e0 distance.<\/p>\n<\/div>\n<div style=\"background: #fff3cd;padding: 15px;margin: 15px 0;border: 2px solid #ffc107;border-radius: 5px\">\n<strong style=\"color: #856404\">\ud83d\udca1 R\u00e9sum\u00e9 en 2 lignes :<\/strong><br \/>\n<span>Optimisez votre pr\u00e9sence sur LinkedIn avec des formations et outils adapt\u00e9s. Explorez les services de personal branding et am\u00e9liorez votre profil pour un meilleur engagement.<\/span>\n<\/div>\n<\/div>\n","protected":false},"excerpt":{"rendered":"","protected":false},"author":34,"featured_media":7556,"comment_status":"open","ping_status":"open","sticky":false,"template":"","format":"standard","meta":{"_acf_changed":false,"manual_indexmenow":false,"indexmenow_id_project":0,"footnotes":""},"categories":[4523],"tags":[4682],"class_list":["post-7531","post","type-post","status-publish","format-standard","has-post-thumbnail","hentry","category-communication-professionnelle","tag-linkedin-formatting-engagement","generate-columns","tablet-grid-50","mobile-grid-100","grid-parent","grid-25"],"acf":[],"yoast_head":"<!-- This site is optimized with the Yoast SEO Premium plugin v21.3 (Yoast SEO v25.6) - https:\/\/yoast.com\/wordpress\/plugins\/seo\/ -->\n<title>Mise en forme de vos posts LinkedIn pour plus d&#039;engagement<\/title>\n<meta name=\"description\" content=\"Limitez vos paragraphes \u00e0 2-4 lignes et soignez vos accroches pour capter l&#039;attention d\u00e8s les premi\u00e8res lignes et maximiser l&#039;engagement sur LinkedIn.\" \/>\n<meta name=\"robots\" content=\"index, follow, max-snippet:-1, max-image-preview:large, max-video-preview:-1\" \/>\n<link rel=\"canonical\" href=\"https:\/\/com-quotidiens.fr\/blog\/communication-professionnelle\/maitriser-la-mise-en-forme-de-vos-posts-linkedin-pour-maximiser-lengagement-et-la-lecture\/\" \/>\n<meta property=\"og:locale\" content=\"fr_FR\" \/>\n<meta property=\"og:type\" content=\"article\" \/>\n<meta property=\"og:title\" content=\"Mise en forme de vos posts LinkedIn pour plus d&#039;engagement\" \/>\n<meta property=\"og:description\" content=\"Limitez vos paragraphes \u00e0 2-4 lignes et soignez vos accroches pour capter l&#039;attention d\u00e8s les premi\u00e8res lignes et maximiser l&#039;engagement sur LinkedIn.\" \/>\n<meta property=\"og:url\" content=\"https:\/\/com-quotidiens.fr\/blog\/communication-professionnelle\/maitriser-la-mise-en-forme-de-vos-posts-linkedin-pour-maximiser-lengagement-et-la-lecture\/\" \/>\n<meta property=\"og:site_name\" content=\"com-quotidiens\" \/>\n<meta property=\"og:image\" content=\"https:\/\/com-quotidiens.fr\/blog\/wp-content\/uploads\/2026\/02\/sdxl-e63a524e7f2e445ea083d9f6b4883699-scaled.png\" \/>\n\t<meta property=\"og:image:width\" content=\"1200\" \/>\n\t<meta property=\"og:image:height\" content=\"500\" \/>\n\t<meta property=\"og:image:type\" content=\"image\/png\" \/>\n<meta name=\"author\" content=\"Th\u00e9o R.\" \/>\n<meta name=\"twitter:card\" content=\"summary_large_image\" \/>\n<script type=\"application\/ld+json\" class=\"yoast-schema-graph\">{\"@context\":\"https:\/\/schema.org\",\"@graph\":[{\"@type\":\"NewsArticle\",\"@id\":\"https:\/\/com-quotidiens.fr\/blog\/communication-professionnelle\/maitriser-la-mise-en-forme-de-vos-posts-linkedin-pour-maximiser-lengagement-et-la-lecture\/#article\",\"isPartOf\":{\"@id\":\"https:\/\/com-quotidiens.fr\/blog\/communication-professionnelle\/maitriser-la-mise-en-forme-de-vos-posts-linkedin-pour-maximiser-lengagement-et-la-lecture\/\"},\"author\":{\"name\":\"Th\u00e9o R.\",\"@id\":\"https:\/\/com-quotidiens.fr\/blog\/#\/schema\/person\/3c864cdc320801e3db34b663e7e3f816\"},\"headline\":\"Ma\u00eetriser la mise en forme de vos posts LinkedIn pour maximiser l\u2019engagement et la lecture\",\"datePublished\":\"2026-02-05T08:02:00+00:00\",\"mainEntityOfPage\":{\"@id\":\"https:\/\/com-quotidiens.fr\/blog\/communication-professionnelle\/maitriser-la-mise-en-forme-de-vos-posts-linkedin-pour-maximiser-lengagement-et-la-lecture\/\"},\"wordCount\":791,\"commentCount\":0,\"publisher\":{\"@id\":\"https:\/\/com-quotidiens.fr\/blog\/#organization\"},\"image\":{\"@id\":\"https:\/\/com-quotidiens.fr\/blog\/communication-professionnelle\/maitriser-la-mise-en-forme-de-vos-posts-linkedin-pour-maximiser-lengagement-et-la-lecture\/#primaryimage\"},\"thumbnailUrl\":\"https:\/\/com-quotidiens.fr\/blog\/wp-content\/uploads\/2026\/02\/sdxl-e63a524e7f2e445ea083d9f6b4883699-scaled.png\",\"keywords\":[\"linkedin formatting engagement\"],\"articleSection\":[\"Communication Professionnelle\"],\"inLanguage\":\"fr-FR\",\"potentialAction\":[{\"@type\":\"CommentAction\",\"name\":\"Comment\",\"target\":[\"https:\/\/com-quotidiens.fr\/blog\/communication-professionnelle\/maitriser-la-mise-en-forme-de-vos-posts-linkedin-pour-maximiser-lengagement-et-la-lecture\/#respond\"]}]},{\"@type\":\"WebPage\",\"@id\":\"https:\/\/com-quotidiens.fr\/blog\/communication-professionnelle\/maitriser-la-mise-en-forme-de-vos-posts-linkedin-pour-maximiser-lengagement-et-la-lecture\/\",\"url\":\"https:\/\/com-quotidiens.fr\/blog\/communication-professionnelle\/maitriser-la-mise-en-forme-de-vos-posts-linkedin-pour-maximiser-lengagement-et-la-lecture\/\",\"name\":\"Mise en forme de vos posts LinkedIn pour plus d'engagement\",\"isPartOf\":{\"@id\":\"https:\/\/com-quotidiens.fr\/blog\/#website\"},\"primaryImageOfPage\":{\"@id\":\"https:\/\/com-quotidiens.fr\/blog\/communication-professionnelle\/maitriser-la-mise-en-forme-de-vos-posts-linkedin-pour-maximiser-lengagement-et-la-lecture\/#primaryimage\"},\"image\":{\"@id\":\"https:\/\/com-quotidiens.fr\/blog\/communication-professionnelle\/maitriser-la-mise-en-forme-de-vos-posts-linkedin-pour-maximiser-lengagement-et-la-lecture\/#primaryimage\"},\"thumbnailUrl\":\"https:\/\/com-quotidiens.fr\/blog\/wp-content\/uploads\/2026\/02\/sdxl-e63a524e7f2e445ea083d9f6b4883699-scaled.png\",\"datePublished\":\"2026-02-05T08:02:00+00:00\",\"description\":\"Limitez vos paragraphes \u00e0 2-4 lignes et soignez vos accroches pour capter l'attention d\u00e8s les premi\u00e8res lignes et maximiser l'engagement sur LinkedIn.\",\"inLanguage\":\"fr-FR\",\"potentialAction\":[{\"@type\":\"ReadAction\",\"target\":[\"https:\/\/com-quotidiens.fr\/blog\/communication-professionnelle\/maitriser-la-mise-en-forme-de-vos-posts-linkedin-pour-maximiser-lengagement-et-la-lecture\/\"]}]},{\"@type\":\"ImageObject\",\"inLanguage\":\"fr-FR\",\"@id\":\"https:\/\/com-quotidiens.fr\/blog\/communication-professionnelle\/maitriser-la-mise-en-forme-de-vos-posts-linkedin-pour-maximiser-lengagement-et-la-lecture\/#primaryimage\",\"url\":\"https:\/\/com-quotidiens.fr\/blog\/wp-content\/uploads\/2026\/02\/sdxl-e63a524e7f2e445ea083d9f6b4883699-scaled.png\",\"contentUrl\":\"https:\/\/com-quotidiens.fr\/blog\/wp-content\/uploads\/2026\/02\/sdxl-e63a524e7f2e445ea083d9f6b4883699-scaled.png\",\"width\":1200,\"height\":500},{\"@type\":\"WebSite\",\"@id\":\"https:\/\/com-quotidiens.fr\/blog\/#website\",\"url\":\"https:\/\/com-quotidiens.fr\/blog\/\",\"name\":\"com-quotidiens.fr\",\"description\":\"Com Quotidiens, l&#039;info communication au quotidien\",\"publisher\":{\"@id\":\"https:\/\/com-quotidiens.fr\/blog\/#organization\"},\"alternateName\":\"Com Quotidiens, l'info communication au quotidien\",\"potentialAction\":[{\"@type\":\"SearchAction\",\"target\":{\"@type\":\"EntryPoint\",\"urlTemplate\":\"https:\/\/com-quotidiens.fr\/blog\/?s={search_term_string}\"},\"query-input\":{\"@type\":\"PropertyValueSpecification\",\"valueRequired\":true,\"valueName\":\"search_term_string\"}}],\"inLanguage\":\"fr-FR\"},{\"@type\":\"Organization\",\"@id\":\"https:\/\/com-quotidiens.fr\/blog\/#organization\",\"name\":\"Foretsensations.fr\",\"url\":\"https:\/\/com-quotidiens.fr\/blog\/\",\"logo\":{\"@type\":\"ImageObject\",\"inLanguage\":\"fr-FR\",\"@id\":\"https:\/\/com-quotidiens.fr\/blog\/#\/schema\/logo\/image\/\",\"url\":\"https:\/\/com-quotidiens.fr\/blog\/wp-content\/uploads\/2024\/12\/26.png\",\"contentUrl\":\"https:\/\/com-quotidiens.fr\/blog\/wp-content\/uploads\/2024\/12\/26.png\",\"width\":500,\"height\":500,\"caption\":\"Foretsensations.fr\"},\"image\":{\"@id\":\"https:\/\/com-quotidiens.fr\/blog\/#\/schema\/logo\/image\/\"}},{\"@type\":\"Person\",\"@id\":\"https:\/\/com-quotidiens.fr\/blog\/#\/schema\/person\/3c864cdc320801e3db34b663e7e3f816\",\"name\":\"Th\u00e9o R.\",\"image\":{\"@type\":\"ImageObject\",\"inLanguage\":\"fr-FR\",\"@id\":\"https:\/\/com-quotidiens.fr\/blog\/#\/schema\/person\/image\/\",\"url\":\"https:\/\/com-quotidiens.fr\/blog\/wp-content\/uploads\/2026\/06\/persona_theo-r-96x96.jpg\",\"contentUrl\":\"https:\/\/com-quotidiens.fr\/blog\/wp-content\/uploads\/2026\/06\/persona_theo-r-96x96.jpg\",\"caption\":\"Th\u00e9o R.\"},\"description\":\"Le web et la communication sont mon m\u00e9tier depuis une dizaine d'ann\u00e9es, entre r\u00e9daction, strat\u00e9gie de contenu et accompagnement de projets en ligne. J'\u00e9cris sur la cr\u00e9ation de site, le marketing digital, l'image de marque et le m\u00e9tier de r\u00e9dacteur web, avec l'envie de rendre ces sujets concrets pour les ind\u00e9pendants et les petites entreprises. J'aime expliquer comment se construit une pr\u00e9sence en ligne cr\u00e9dible, du choix des mots \u00e0 la coh\u00e9rence visuelle, sans recourir au jargon d'agence. Avant de recommander une m\u00e9thode ou un outil, je l'\u00e9prouve sur le terrain et je distingue ce qui marche vraiment des promesses \u00e0 la mode. Je me m\u00e9fie des recettes miracles en marketing, car aucune ne dispense de travail et de r\u00e9gularit\u00e9. Mon angle : donner des rep\u00e8res solides pour communiquer juste et b\u00e2tir une marque qui dure, \u00e0 hauteur de budgets r\u00e9els et d'\u00e9quipes r\u00e9duites.\",\"url\":\"https:\/\/com-quotidiens.fr\/blog\/auteur\/noname\/\",\"jobTitle\":\"R\u00e9dacteur en chef \u00b7 Web & Communication\",\"knowsAbout\":[\"Web\",\"Communication\"],\"email\":\"theo.r@clickbuzz.fr\"}]}<\/script>\n<!-- \/ Yoast SEO Premium plugin. -->","yoast_head_json":{"title":"Mise en forme de vos posts LinkedIn pour plus d'engagement","description":"Limitez vos paragraphes \u00e0 2-4 lignes et soignez vos accroches pour capter l'attention d\u00e8s les premi\u00e8res lignes et maximiser l'engagement sur LinkedIn.","robots":{"index":"index","follow":"follow","max-snippet":"max-snippet:-1","max-image-preview":"max-image-preview:large","max-video-preview":"max-video-preview:-1"},"canonical":"https:\/\/com-quotidiens.fr\/blog\/communication-professionnelle\/maitriser-la-mise-en-forme-de-vos-posts-linkedin-pour-maximiser-lengagement-et-la-lecture\/","og_locale":"fr_FR","og_type":"article","og_title":"Mise en forme de vos posts LinkedIn pour plus d'engagement","og_description":"Limitez vos paragraphes \u00e0 2-4 lignes et soignez vos accroches pour capter l'attention d\u00e8s les premi\u00e8res lignes et maximiser l'engagement sur LinkedIn.","og_url":"https:\/\/com-quotidiens.fr\/blog\/communication-professionnelle\/maitriser-la-mise-en-forme-de-vos-posts-linkedin-pour-maximiser-lengagement-et-la-lecture\/","og_site_name":"com-quotidiens","og_image":[{"width":1200,"height":500,"url":"https:\/\/com-quotidiens.fr\/blog\/wp-content\/uploads\/2026\/02\/sdxl-e63a524e7f2e445ea083d9f6b4883699-scaled.png","type":"image\/png"}],"author":"Th\u00e9o R.","twitter_card":"summary_large_image","schema":{"@context":"https:\/\/schema.org","@graph":[{"@type":"NewsArticle","@id":"https:\/\/com-quotidiens.fr\/blog\/communication-professionnelle\/maitriser-la-mise-en-forme-de-vos-posts-linkedin-pour-maximiser-lengagement-et-la-lecture\/#article","isPartOf":{"@id":"https:\/\/com-quotidiens.fr\/blog\/communication-professionnelle\/maitriser-la-mise-en-forme-de-vos-posts-linkedin-pour-maximiser-lengagement-et-la-lecture\/"},"author":{"name":"Th\u00e9o R.","@id":"https:\/\/com-quotidiens.fr\/blog\/#\/schema\/person\/3c864cdc320801e3db34b663e7e3f816"},"headline":"Ma\u00eetriser la mise en forme de vos posts LinkedIn pour maximiser l\u2019engagement et la lecture","datePublished":"2026-02-05T08:02:00+00:00","mainEntityOfPage":{"@id":"https:\/\/com-quotidiens.fr\/blog\/communication-professionnelle\/maitriser-la-mise-en-forme-de-vos-posts-linkedin-pour-maximiser-lengagement-et-la-lecture\/"},"wordCount":791,"commentCount":0,"publisher":{"@id":"https:\/\/com-quotidiens.fr\/blog\/#organization"},"image":{"@id":"https:\/\/com-quotidiens.fr\/blog\/communication-professionnelle\/maitriser-la-mise-en-forme-de-vos-posts-linkedin-pour-maximiser-lengagement-et-la-lecture\/#primaryimage"},"thumbnailUrl":"https:\/\/com-quotidiens.fr\/blog\/wp-content\/uploads\/2026\/02\/sdxl-e63a524e7f2e445ea083d9f6b4883699-scaled.png","keywords":["linkedin formatting engagement"],"articleSection":["Communication Professionnelle"],"inLanguage":"fr-FR","potentialAction":[{"@type":"CommentAction","name":"Comment","target":["https:\/\/com-quotidiens.fr\/blog\/communication-professionnelle\/maitriser-la-mise-en-forme-de-vos-posts-linkedin-pour-maximiser-lengagement-et-la-lecture\/#respond"]}]},{"@type":"WebPage","@id":"https:\/\/com-quotidiens.fr\/blog\/communication-professionnelle\/maitriser-la-mise-en-forme-de-vos-posts-linkedin-pour-maximiser-lengagement-et-la-lecture\/","url":"https:\/\/com-quotidiens.fr\/blog\/communication-professionnelle\/maitriser-la-mise-en-forme-de-vos-posts-linkedin-pour-maximiser-lengagement-et-la-lecture\/","name":"Mise en forme de vos posts LinkedIn pour plus d'engagement","isPartOf":{"@id":"https:\/\/com-quotidiens.fr\/blog\/#website"},"primaryImageOfPage":{"@id":"https:\/\/com-quotidiens.fr\/blog\/communication-professionnelle\/maitriser-la-mise-en-forme-de-vos-posts-linkedin-pour-maximiser-lengagement-et-la-lecture\/#primaryimage"},"image":{"@id":"https:\/\/com-quotidiens.fr\/blog\/communication-professionnelle\/maitriser-la-mise-en-forme-de-vos-posts-linkedin-pour-maximiser-lengagement-et-la-lecture\/#primaryimage"},"thumbnailUrl":"https:\/\/com-quotidiens.fr\/blog\/wp-content\/uploads\/2026\/02\/sdxl-e63a524e7f2e445ea083d9f6b4883699-scaled.png","datePublished":"2026-02-05T08:02:00+00:00","description":"Limitez vos paragraphes \u00e0 2-4 lignes et soignez vos accroches pour capter l'attention d\u00e8s les premi\u00e8res lignes et maximiser l'engagement sur LinkedIn.","inLanguage":"fr-FR","potentialAction":[{"@type":"ReadAction","target":["https:\/\/com-quotidiens.fr\/blog\/communication-professionnelle\/maitriser-la-mise-en-forme-de-vos-posts-linkedin-pour-maximiser-lengagement-et-la-lecture\/"]}]},{"@type":"ImageObject","inLanguage":"fr-FR","@id":"https:\/\/com-quotidiens.fr\/blog\/communication-professionnelle\/maitriser-la-mise-en-forme-de-vos-posts-linkedin-pour-maximiser-lengagement-et-la-lecture\/#primaryimage","url":"https:\/\/com-quotidiens.fr\/blog\/wp-content\/uploads\/2026\/02\/sdxl-e63a524e7f2e445ea083d9f6b4883699-scaled.png","contentUrl":"https:\/\/com-quotidiens.fr\/blog\/wp-content\/uploads\/2026\/02\/sdxl-e63a524e7f2e445ea083d9f6b4883699-scaled.png","width":1200,"height":500},{"@type":"WebSite","@id":"https:\/\/com-quotidiens.fr\/blog\/#website","url":"https:\/\/com-quotidiens.fr\/blog\/","name":"com-quotidiens.fr","description":"Com Quotidiens, l&#039;info communication au quotidien","publisher":{"@id":"https:\/\/com-quotidiens.fr\/blog\/#organization"},"alternateName":"Com Quotidiens, l'info communication au quotidien","potentialAction":[{"@type":"SearchAction","target":{"@type":"EntryPoint","urlTemplate":"https:\/\/com-quotidiens.fr\/blog\/?s={search_term_string}"},"query-input":{"@type":"PropertyValueSpecification","valueRequired":true,"valueName":"search_term_string"}}],"inLanguage":"fr-FR"},{"@type":"Organization","@id":"https:\/\/com-quotidiens.fr\/blog\/#organization","name":"Foretsensations.fr","url":"https:\/\/com-quotidiens.fr\/blog\/","logo":{"@type":"ImageObject","inLanguage":"fr-FR","@id":"https:\/\/com-quotidiens.fr\/blog\/#\/schema\/logo\/image\/","url":"https:\/\/com-quotidiens.fr\/blog\/wp-content\/uploads\/2024\/12\/26.png","contentUrl":"https:\/\/com-quotidiens.fr\/blog\/wp-content\/uploads\/2024\/12\/26.png","width":500,"height":500,"caption":"Foretsensations.fr"},"image":{"@id":"https:\/\/com-quotidiens.fr\/blog\/#\/schema\/logo\/image\/"}},{"@type":"Person","@id":"https:\/\/com-quotidiens.fr\/blog\/#\/schema\/person\/3c864cdc320801e3db34b663e7e3f816","name":"Th\u00e9o R.","image":{"@type":"ImageObject","inLanguage":"fr-FR","@id":"https:\/\/com-quotidiens.fr\/blog\/#\/schema\/person\/image\/","url":"https:\/\/com-quotidiens.fr\/blog\/wp-content\/uploads\/2026\/06\/persona_theo-r-96x96.jpg","contentUrl":"https:\/\/com-quotidiens.fr\/blog\/wp-content\/uploads\/2026\/06\/persona_theo-r-96x96.jpg","caption":"Th\u00e9o R."},"description":"Le web et la communication sont mon m\u00e9tier depuis une dizaine d'ann\u00e9es, entre r\u00e9daction, strat\u00e9gie de contenu et accompagnement de projets en ligne. J'\u00e9cris sur la cr\u00e9ation de site, le marketing digital, l'image de marque et le m\u00e9tier de r\u00e9dacteur web, avec l'envie de rendre ces sujets concrets pour les ind\u00e9pendants et les petites entreprises. J'aime expliquer comment se construit une pr\u00e9sence en ligne cr\u00e9dible, du choix des mots \u00e0 la coh\u00e9rence visuelle, sans recourir au jargon d'agence. Avant de recommander une m\u00e9thode ou un outil, je l'\u00e9prouve sur le terrain et je distingue ce qui marche vraiment des promesses \u00e0 la mode. Je me m\u00e9fie des recettes miracles en marketing, car aucune ne dispense de travail et de r\u00e9gularit\u00e9. Mon angle : donner des rep\u00e8res solides pour communiquer juste et b\u00e2tir une marque qui dure, \u00e0 hauteur de budgets r\u00e9els et d'\u00e9quipes r\u00e9duites.","url":"https:\/\/com-quotidiens.fr\/blog\/auteur\/noname\/","jobTitle":"R\u00e9dacteur en chef \u00b7 Web & Communication","knowsAbout":["Web","Communication"],"email":"theo.r@clickbuzz.fr"}]}},"_links":{"self":[{"href":"https:\/\/com-quotidiens.fr\/blog\/wp-json\/wp\/v2\/posts\/7531","targetHints":{"allow":["GET"]}}],"collection":[{"href":"https:\/\/com-quotidiens.fr\/blog\/wp-json\/wp\/v2\/posts"}],"about":[{"href":"https:\/\/com-quotidiens.fr\/blog\/wp-json\/wp\/v2\/types\/post"}],"author":[{"embeddable":true,"href":"https:\/\/com-quotidiens.fr\/blog\/wp-json\/wp\/v2\/users\/34"}],"replies":[{"embeddable":true,"href":"https:\/\/com-quotidiens.fr\/blog\/wp-json\/wp\/v2\/comments?post=7531"}],"version-history":[{"count":1,"href":"https:\/\/com-quotidiens.fr\/blog\/wp-json\/wp\/v2\/posts\/7531\/revisions"}],"predecessor-version":[{"id":7555,"href":"https:\/\/com-quotidiens.fr\/blog\/wp-json\/wp\/v2\/posts\/7531\/revisions\/7555"}],"wp:featuredmedia":[{"embeddable":true,"href":"https:\/\/com-quotidiens.fr\/blog\/wp-json\/wp\/v2\/media\/7556"}],"wp:attachment":[{"href":"https:\/\/com-quotidiens.fr\/blog\/wp-json\/wp\/v2\/media?parent=7531"}],"wp:term":[{"taxonomy":"category","embeddable":true,"href":"https:\/\/com-quotidiens.fr\/blog\/wp-json\/wp\/v2\/categories?post=7531"},{"taxonomy":"post_tag","embeddable":true,"href":"https:\/\/com-quotidiens.fr\/blog\/wp-json\/wp\/v2\/tags?post=7531"}],"curies":[{"name":"wp","href":"https:\/\/api.w.org\/{rel}","templated":true}]}}