{"id":7502,"date":"2026-06-19T13:46:53","date_gmt":"2026-06-19T11:46:53","guid":{"rendered":"https:\/\/com-quotidiens.fr\/blog\/?p=7502"},"modified":"2026-06-19T13:46:53","modified_gmt":"2026-06-19T11:46:53","slug":"comment-retrouver-lequilibre-entre-vie-privee-et-professionnelle-pour-eviter-le-burnout","status":"publish","type":"post","link":"https:\/\/com-quotidiens.fr\/blog\/bien-etre-et-routines\/comment-retrouver-lequilibre-entre-vie-privee-et-professionnelle-pour-eviter-le-burnout\/","title":{"rendered":"Comment retrouver l\u2019\u00e9quilibre entre vie priv\u00e9e et professionnelle pour \u00e9viter le burnout"},"content":{"rendered":"<link rel=\"stylesheet\" href=\"https:\/\/fonts.googleapis.com\/css2?family=Space+Grotesk:wght@500;600;700&#038;family=Inter:wght@400;500;600&#038;family=JetBrains+Mono:wght@500&#038;display=swap\">\n<style>\n.cq-ib-wrap{font-family:'Inter',-apple-system,BlinkMacSystemFont,'Segoe UI',sans-serif;color:#22312f;line-height:1.65;font-size:17px}\n.cq-ib-wrap h2{font-family:'Space Grotesk','Inter',sans-serif;font-weight:700;font-size:clamp(23px,3.1vw,33px);letter-spacing:-.01em;color:#15211f;margin:48px 0 16px;line-height:1.2}\n.cq-ib-wrap h3{font-family:'Space Grotesk','Inter',sans-serif;font-weight:600;font-size:clamp(18px,2.2vw,21px);color:#15211f;margin:26px 0 10px}\n.cq-ib-wrap p{margin:14px 0}\n.cq-ib-kicker{font-family:'JetBrains Mono',monospace;font-size:12px;font-weight:500;letter-spacing:.14em;text-transform:uppercase;color:#0E8A6E;display:block;margin-bottom:6px}\n.cq-ib-lead{font-size:19px;color:#3a4a47;border-left:4px solid #0E8A6E;padding:4px 0 4px 18px;margin:20px 0 28px}\n.cq-ib-brief{background:#ecf7f3;border:1px solid #c7e7dd;border-left:5px solid #0E8A6E;border-radius:14px;padding:22px 26px;margin:26px 0;box-shadow:0 1px 2px rgba(16,24,40,.05),0 12px 28px -18px rgba(14,138,110,.35)}\n.cq-ib-brief .cq-ib-bt{font-family:'Space Grotesk',sans-serif;font-weight:700;font-size:18px;color:#0b6e58;margin-bottom:8px}\n.cq-ib-brief .cq-ib-txt{font-size:17px;color:#243734}\n.cq-ib-brief ul{margin:12px 0 0;padding-left:0;list-style:none}\n.cq-ib-brief li{position:relative;padding-left:26px;margin:8px 0}\n.cq-ib-brief li::before{content:\"\u2192\";position:absolute;left:0;color:#0E8A6E;font-weight:700}\n.cq-ib-grid{display:grid;grid-template-columns:repeat(auto-fit,minmax(230px,1fr));gap:20px;margin:24px 0}\n.cq-ib-card{background:#fff;border:1px solid #e3ece9;border-top:3px solid #0E8A6E;border-radius:12px;padding:22px 22px;transition:.25s ease;box-shadow:0 1px 2px rgba(16,24,40,.05)}\n.cq-ib-card:hover{transform:translateY(-3px);box-shadow:0 14px 30px -18px rgba(14,138,110,.45)}\n.cq-ib-card .cq-ib-ct{font-family:'Space Grotesk',sans-serif;font-weight:600;font-size:18px;color:#15211f;margin-bottom:6px}\n.cq-ib-card .cq-ib-txt{font-size:15.5px;color:#3f504d}\n.cq-ib-warn{background:#fff7ec;border:1px solid #f3dcb4;border-left:5px solid #D98A19;border-radius:12px;padding:18px 22px;margin:26px 0}\n.cq-ib-warn .cq-ib-wt{font-family:'Space Grotesk',sans-serif;font-weight:700;color:#9a5e07;margin-bottom:6px}\n.cq-ib-warn .cq-ib-txt{font-size:16px;color:#4a4030}\n.cq-ib-care{background:#15211f;color:#e7f3ef;border-radius:14px;padding:22px 26px;margin:30px 0;box-shadow:0 12px 30px -18px rgba(14,138,110,.5)}\n.cq-ib-care .cq-ib-ct2{font-family:'Space Grotesk',sans-serif;font-weight:700;font-size:18px;color:#fff;margin-bottom:8px}\n.cq-ib-care .cq-ib-txt,.cq-ib-care span{color:#dcebe6!important;font-size:16px}\n.cq-ib-care strong{color:#fff!important}\n.cq-ib-retain{background:#ecf7f3;border:1px solid #c7e7dd;border-radius:14px;padding:22px 26px;margin:30px 0}\n.cq-ib-retain .cq-ib-rt{font-family:'Space Grotesk',sans-serif;font-weight:700;font-size:18px;color:#0b6e58;margin-bottom:10px}\n.cq-ib-retain ul{margin:0;padding-left:0;list-style:none}\n.cq-ib-retain li{position:relative;padding-left:28px;margin:9px 0;color:#243734}\n.cq-ib-retain li::before{content:\"\u2713\";position:absolute;left:0;color:#0E8A6E;font-weight:700}\n.cq-ib-adr{display:grid;grid-template-columns:repeat(auto-fit,minmax(250px,1fr));gap:18px;margin:24px 0}\n.cq-ib-acard{background:#fff;border:1px solid #e3ece9;border-radius:12px;padding:18px 20px;transition:.25s ease;box-shadow:0 1px 2px rgba(16,24,40,.05)}\n.cq-ib-acard:hover{transform:translateY(-3px);box-shadow:0 14px 30px -18px rgba(14,138,110,.4)}\n.cq-ib-acard .cq-ib-an{font-family:'Space Grotesk',sans-serif;font-weight:600;font-size:17px;color:#15211f}\n.cq-ib-acard .cq-ib-ad{font-size:14.5px;color:#54635f;margin:4px 0}\n.cq-ib-acard a{color:#0b6e58;font-weight:600;text-decoration:none;border-bottom:1px solid #b7ddd2}\n.cq-ib-acard a:hover{border-bottom-color:#0E8A6E}\n.cq-ib-faq{margin:18px 0}\n.cq-ib-faq details{border:1px solid #e3ece9;border-radius:12px;padding:4px 18px;margin:12px 0;background:#fff;transition:.25s ease}\n.cq-ib-faq details[open]{box-shadow:0 12px 28px -18px rgba(14,138,110,.4);border-color:#c7e7dd}\n.cq-ib-faq summary{font-family:'Space Grotesk',sans-serif;font-weight:600;font-size:17px;color:#15211f;cursor:pointer;padding:14px 0;list-style:none}\n.cq-ib-faq summary::-webkit-details-marker{display:none}\n.cq-ib-faq summary::before{content:\"+\";color:#0E8A6E;font-weight:700;margin-right:10px}\n.cq-ib-faq details[open] summary::before{content:\"\u2013\"}\n.cq-ib-faq .cq-ib-txt{padding:0 0 16px;color:#3f504d;font-size:16px}\n.cq-ib-prud{font-size:14.5px;color:#5a6764;background:#f3f7f6;border:1px dashed #c7d6d2;border-radius:10px;padding:14px 18px;margin:30px 0}\n<\/style>\n<div class=\"cq-ib-wrap\">\n<p class=\"cq-ib-lead\">Concilier vie professionnelle et vie priv\u00e9e n&rsquo;est pas un luxe, mais un levier de sant\u00e9. Quand les fronti\u00e8res s&rsquo;effacent \u2014 messages le soir, charge mentale qui d\u00e9borde, repos qui ne repose plus \u2014 le risque d&rsquo;\u00e9puisement grimpe. Voici des rep\u00e8res concrets, individuels et collectifs, pour retrouver l&rsquo;\u00e9quilibre et pr\u00e9venir le burn-out.<\/p>\n<div class=\"cq-ib-brief\">\n<div class=\"cq-ib-bt\">\u26a1 En bref<\/div>\n<div class=\"cq-ib-txt\">L&rsquo;\u00e9quilibre vie pro\u2013vie perso repose sur des <strong>fronti\u00e8res claires<\/strong> (horaires, d\u00e9connexion), une <strong>charge de travail soutenable<\/strong> et un <strong>soutien<\/strong> de l&rsquo;entourage comme de l&#8217;employeur. Le burn-out n&rsquo;est pas une simple fatigue : c&rsquo;est un \u00e9puisement durable qui s&rsquo;installe quand le d\u00e9s\u00e9quilibre dure. Agir t\u00f4t, sur les signaux d&rsquo;alerte, change tout.<\/div>\n<ul>\n<li>Posez des limites r\u00e9alistes entre travail et vie priv\u00e9e, et tenez-les.<\/li>\n<li>Exercez votre <strong>droit \u00e0 la d\u00e9connexion<\/strong> en dehors des heures de travail.<\/li>\n<li>Rep\u00e9rez les signaux d&rsquo;alerte (fatigue persistante, irritabilit\u00e9, perte de sens).<\/li>\n<li>En cas de souffrance qui dure, parlez-en \u00e0 un professionnel de sant\u00e9.<\/li>\n<\/ul>\n<\/div>\n<h2>Les Enjeux de l&rsquo;\u00c9quilibre Vie Priv\u00e9e et Professionnelle<\/h2>\n<p>Le d\u00e9r\u00e8glement des fronti\u00e8res entre travail et vie personnelle expose chacun, cadre ou non, \u00e0 des risques bien r\u00e9els : <strong>surcharge mentale continue, fatigue chronique, d\u00e9sengagement<\/strong> et, au bout du compte, \u00e9puisement professionnel. \u00c0 l&rsquo;inverse, un \u00e9quilibre pr\u00e9serv\u00e9 soutient la concentration, l&rsquo;humeur et la qualit\u00e9 des relations, au bureau comme \u00e0 la maison.<\/p>\n<p>Cet \u00e9quilibre n&rsquo;est pas qu&rsquo;une affaire individuelle. Il se construit \u00e0 deux niveaux : ce que chaque personne peut mettre en place dans son quotidien, et ce que l&rsquo;organisation du travail rend possible (souplesse des horaires, respect des temps de repos, culture du droit \u00e0 la d\u00e9connexion). Quand les deux vont dans le m\u00eame sens, le b\u00e9n\u00e9fice est durable.<\/p>\n<h2>Le R\u00f4le des Entreprises pour Favoriser un \u00c9quilibre Durable<\/h2>\n<p>Le cadre pos\u00e9 par l&#8217;employeur p\u00e8se lourd dans la balance. Plusieurs leviers, d\u00e9sormais bien identifi\u00e9s, aident \u00e0 prot\u00e9ger le temps personnel des \u00e9quipes sans nuire \u00e0 l&rsquo;activit\u00e9.<\/p>\n<div class=\"cq-ib-grid\">\n<div class=\"cq-ib-card\">\n<div class=\"cq-ib-ct\">Droit \u00e0 la d\u00e9connexion<\/div>\n<div class=\"cq-ib-txt\">Encadrer l&rsquo;usage des outils num\u00e9riques hors temps de travail : pas de messages le soir, le week-end ou pendant les cong\u00e9s, et l&rsquo;exemplarit\u00e9 de l&rsquo;encadrement.<\/div>\n<\/div>\n<div class=\"cq-ib-card\">\n<div class=\"cq-ib-ct\">Souplesse d&rsquo;organisation<\/div>\n<div class=\"cq-ib-txt\">T\u00e9l\u00e9travail, horaires am\u00e9nag\u00e9s, plages de disponibilit\u00e9 partag\u00e9es : la flexibilit\u00e9, quand elle est cadr\u00e9e, r\u00e9duit la fatigue li\u00e9e aux trajets et aux contraintes du quotidien.<\/div>\n<\/div>\n<div class=\"cq-ib-card\">\n<div class=\"cq-ib-ct\">Charge de travail soutenable<\/div>\n<div class=\"cq-ib-txt\">Ajuster les objectifs aux moyens, clarifier les priorit\u00e9s et limiter les urgences permanentes : la pr\u00e9vention commence par une charge r\u00e9aliste.<\/div>\n<\/div>\n<div class=\"cq-ib-card\">\n<div class=\"cq-ib-ct\">Espaces d&rsquo;\u00e9coute<\/div>\n<div class=\"cq-ib-txt\">Soutien psychologique, cellules d&rsquo;\u00e9coute, m\u00e9decine du travail : des relais accessibles et confidentiels pour les salari\u00e9s en difficult\u00e9.<\/div>\n<\/div>\n<\/div>\n<p>Le management de proximit\u00e9 joue un r\u00f4le cl\u00e9 : reconna\u00eetre le travail accompli, respecter les temps de repos et autoriser \u00e0 dire \u00ab non \u00bb \u00e0 une sollicitation excessive sont des signaux qui prot\u00e8gent durablement les \u00e9quipes.<\/p>\n<h2>Techniques pour la Gestion du Temps et la Productivit\u00e9<\/h2>\n<p>Mieux organiser sa journ\u00e9e all\u00e8ge la pression sans rallonger les heures. Quelques m\u00e9thodes \u00e9prouv\u00e9es aident \u00e0 prioriser et \u00e0 pr\u00e9server des plages de concentration \u2014 et donc \u00e0 finir plus serein.<\/p>\n<div class=\"cq-ib-grid\">\n<div class=\"cq-ib-card\">\n<div class=\"cq-ib-ct\">M\u00e9thode Pomodoro<\/div>\n<div class=\"cq-ib-txt\">Alterner des cycles de travail concentr\u00e9 (autour de 25 minutes) et de courtes pauses, pour soutenir l&rsquo;attention et \u00e9viter la surchauffe.<\/div>\n<\/div>\n<div class=\"cq-ib-card\">\n<div class=\"cq-ib-ct\">Matrice d&rsquo;Eisenhower<\/div>\n<div class=\"cq-ib-txt\">Trier les t\u00e2ches selon l&rsquo;urgence et l&rsquo;importance pour distinguer l&rsquo;essentiel du \u00ab bruit \u00bb et all\u00e9ger la liste \u00e0 traiter.<\/div>\n<\/div>\n<div class=\"cq-ib-card\">\n<div class=\"cq-ib-ct\">Outils de planification<\/div>\n<div class=\"cq-ib-txt\">Des applications de gestion de t\u00e2ches (de type tableau de bord partag\u00e9) aident \u00e0 visualiser l&rsquo;avancement et \u00e0 rep\u00e9rer t\u00f4t les zones de surcharge.<\/div>\n<\/div>\n<\/div>\n<p>Aucune m\u00e9thode ne remplace une charge r\u00e9aliste : ces outils servent \u00e0 mieux r\u00e9partir l&rsquo;effort, pas \u00e0 en faire toujours plus. L&rsquo;objectif reste de r\u00e9duire la pression, jamais de la d\u00e9placer.<\/p>\n<h2>D\u00e9finir des Limites Saines : Un Imp\u00e9ratif Individuel et Collectif<\/h2>\n<p>Poser des fronti\u00e8res solides entre sph\u00e8re professionnelle et priv\u00e9e cr\u00e9e un socle contre le surmenage et la fatigue d\u00e9cisionnelle. Des horaires stables, des rituels de transition entre travail et maison, et une vraie coupure le soir aident le cerveau \u00e0 \u00ab fermer \u00bb la journ\u00e9e.<\/p>\n<div class=\"cq-ib-warn\">\n<div class=\"cq-ib-wt\">\u26a0\ufe0f \u00c0 surveiller<\/div>\n<div class=\"cq-ib-txt\">Quelques signaux d&rsquo;alerte m\u00e9ritent attention quand ils s&rsquo;installent dans la dur\u00e9e : fatigue qui ne passe pas malgr\u00e9 le repos, irritabilit\u00e9, troubles du sommeil, difficult\u00e9 \u00e0 se concentrer, perte de motivation ou de sens, sentiment d&rsquo;\u00eatre d\u00e9pass\u00e9. Ils ne sont pas une fatalit\u00e9, mais un signal qu&rsquo;il est temps de lever le pied et, si besoin, d&rsquo;en parler.<\/div>\n<\/div>\n<h3>Des habitudes simples qui aident<\/h3>\n<p>Apprendre \u00e0 dire \u00ab non \u00bb aux sollicitations non prioritaires, prot\u00e9ger ses pauses repas, instaurer des rituels de transition (marche, activit\u00e9 physique, quelques minutes de calme) et pr\u00e9server le sommeil : ces gestes du quotidien, r\u00e9p\u00e9t\u00e9s, p\u00e8sent plus que les grandes r\u00e9solutions ponctuelles.<\/p>\n<h2>Lien entre Sant\u00e9 Mentale et \u00c9quilibre<\/h2>\n<p>La sant\u00e9 mentale au travail n&rsquo;est ni un sujet tabou ni un signe de faiblesse. Prendre soin de son \u00e9quilibre \u2014 sommeil, activit\u00e9 physique, vie sociale, temps pour soi \u2014 soutient la concentration, l&rsquo;humeur et la capacit\u00e9 \u00e0 faire face aux impr\u00e9vus. \u00c0 l&rsquo;inverse, un d\u00e9s\u00e9quilibre prolong\u00e9 use, et le burn-out peut s&rsquo;installer insidieusement.<\/p>\n<div style=\"border:1px solid #e6e8ee;border-radius:14px;padding:16px 18px;margin:26px 0;background:#fafbfc\">\n<div style=\"display:flex;align-items:center;gap:8px;margin-bottom:10px\">\n<span style=\"font-size:11px;font-weight:800;letter-spacing:.06em;color:#fff;background:#FF0000;padding:3px 9px;border-radius:6px\">\u25b6 YouTube<\/span><br \/>\n<span style=\"font-size:13px;color:#667085;font-weight:600\">Le Monde<\/span><br \/>\n<span style=\"margin-left:auto;font-size:13px;color:#667085\">298 k vues<\/span><\/div>\n<p><a href=\"https:\/\/www.youtube.com\/watch?v=KRsYGksCu0I\" target=\"_blank\" rel=\"noopener nofollow\" style=\"display:block;position:relative;border-radius:10px;overflow:hidden\"><br \/>\n<img decoding=\"async\" src=\"https:\/\/i.ytimg.com\/vi\/KRsYGksCu0I\/hq720.jpg?sqp=-oaymwEnCNAFEJQDSFryq4qpAxkIARUAAIhCGAHYAQHiAQoIGBACGAY4AUAB&#038;rs=AOn4CLDBVNqLk7rESfTn12c3z9C2D_N8fw\" alt=\"Comment rep\u00e9rer le burn-out et y faire face\" style=\"width:100%;display:block\"><br \/>\n<span style=\"position:absolute;inset:0;display:flex;align-items:center;justify-content:center;background:rgba(0,0,0,.18)\"><br \/>\n<span style=\"width:62px;height:62px;border-radius:50%;background:rgba(255,0,0,.92);color:#fff;font-size:24px;display:flex;align-items:center;justify-content:center\">\u25b6<\/span><\/span><\/a><\/p>\n<div style=\"font-size:14px;color:#1a1a1a;font-weight:600;margin-top:10px\">Comment rep\u00e9rer le burn-out et y faire face \u2014 Le Monde<\/div>\n<\/div>\n<h2>Ressources et Aides Professionnelles pour Maintenir l&rsquo;\u00c9quilibre<\/h2>\n<p>Plusieurs structures et plateformes accompagnent salari\u00e9s et employeurs sur la qualit\u00e9 de vie au travail et le bien-\u00eatre mental. Voici quelques acteurs et communaut\u00e9s qui peuvent servir de points d&rsquo;appui \u2014 l&rsquo;offre est \u00e0 adapter \u00e0 chaque contexte.<\/p>\n<div class=\"cq-ib-adr\">\n<div class=\"cq-ib-acard\">\n<div class=\"cq-ib-an\">Moka.Care<\/div>\n<div class=\"cq-ib-ad\">Plateforme de bien-\u00eatre mental pour les salari\u00e9s.<\/div>\n<p><a href=\"https:\/\/www.moka.care\" rel=\"nofollow\">moka.care<\/a><\/div>\n<div class=\"cq-ib-acard\">\n<div class=\"cq-ib-an\">Moodwork<\/div>\n<div class=\"cq-ib-ad\">Application de diagnostic et d&rsquo;am\u00e9lioration de la qualit\u00e9 de vie au travail.<\/div>\n<p><a href=\"https:\/\/www.moodwork.com\" rel=\"nofollow\">moodwork.com<\/a><\/div>\n<div class=\"cq-ib-acard\">\n<div class=\"cq-ib-an\">Wittyfit<\/div>\n<div class=\"cq-ib-ad\">Plateforme de mesure de l&rsquo;engagement et du bien-\u00eatre.<\/div>\n<p><a href=\"https:\/\/www.wittyfit.com\" rel=\"nofollow\">wittyfit.com<\/a><\/div>\n<div class=\"cq-ib-acard\">\n<div class=\"cq-ib-an\">Stimulus<\/div>\n<div class=\"cq-ib-ad\">Cabinet sp\u00e9cialis\u00e9 dans la sant\u00e9 psychologique au travail.<\/div>\n<p><a href=\"https:\/\/www.stimulus.fr\" rel=\"nofollow\">stimulus.fr<\/a><\/div>\n<div class=\"cq-ib-acard\">\n<div class=\"cq-ib-an\">Bloom at Work<\/div>\n<div class=\"cq-ib-ad\">Questionnaires et barom\u00e8tres de qualit\u00e9 de vie au travail.<\/div>\n<p><a href=\"https:\/\/www.bloom-at-work.com\" rel=\"nofollow\">bloom-at-work.com<\/a><\/div>\n<div class=\"cq-ib-acard\">\n<div class=\"cq-ib-an\">Mon Sherpa<\/div>\n<div class=\"cq-ib-ad\">Application mobile de soutien psychologique.<\/div>\n<p><a href=\"https:\/\/www.monsherpa.io\" rel=\"nofollow\">monsherpa.io<\/a><\/div>\n<div class=\"cq-ib-acard\">\n<div class=\"cq-ib-an\">My Happy Job<\/div>\n<div class=\"cq-ib-ad\">Communaut\u00e9, ateliers et webinaires autour du bien-\u00eatre au travail.<\/div>\n<p><a href=\"https:\/\/www.myhappyjob.fr\" rel=\"nofollow\">myhappyjob.fr<\/a><\/div>\n<div class=\"cq-ib-acard\">\n<div class=\"cq-ib-an\">HappyTech France<\/div>\n<div class=\"cq-ib-ad\">Association et meetups d\u00e9di\u00e9s \u00e0 la qualit\u00e9 de vie au travail.<\/div>\n<p><a href=\"https:\/\/www.happytech.life\" rel=\"nofollow\">happytech.life<\/a><\/div>\n<div class=\"cq-ib-acard\">\n<div class=\"cq-ib-an\">Forum Doctissimo<\/div>\n<div class=\"cq-ib-ad\">Espace d&rsquo;\u00e9change \u00ab Bien-\u00eatre au travail \u00bb.<\/div>\n<p><a href=\"https:\/\/forum.doctissimo.fr\/psychologie\/bien-etre-au-travail\" rel=\"nofollow\">doctissimo.fr<\/a><\/div>\n<\/div>\n<div class=\"cq-ib-care\">\n<div class=\"cq-ib-ct2\">\ud83e\ude7a Si vous traversez une p\u00e9riode difficile<\/div>\n<p><span>Le burn-out est un trouble s\u00e9rieux : il ne se r\u00e8gle pas seul, par la seule volont\u00e9. Si la souffrance s&rsquo;installe, n&rsquo;attendez pas pour en parler. Vous pouvez consulter votre <strong>m\u00e9decin traitant<\/strong>, solliciter le <strong>m\u00e9decin du travail<\/strong> (sa consultation est confidentielle et gratuite) ou demander \u00e0 voir un <strong>psychologue<\/strong>. En cas de d\u00e9tresse, des lignes d&rsquo;\u00e9coute existent \u2014 votre m\u00e9decin peut vous orienter vers le bon interlocuteur.<\/span>\n<\/div>\n<div class=\"cq-ib-retain\">\n<div class=\"cq-ib-rt\">\ud83c\udfaf \u00c0 retenir<\/div>\n<ul>\n<li>L&rsquo;\u00e9quilibre vie pro\u2013vie perso se joue \u00e0 deux niveaux : vos habitudes et le cadre fix\u00e9 par l&#8217;employeur.<\/li>\n<li>Le droit \u00e0 la d\u00e9connexion et des horaires stables prot\u00e8gent contre la surcharge.<\/li>\n<li>Les m\u00e9thodes d&rsquo;organisation aident \u00e0 prioriser, \u00e0 condition que la charge reste r\u00e9aliste.<\/li>\n<li>Les signaux d&rsquo;alerte (fatigue durable, perte de sens) appellent \u00e0 lever le pied t\u00f4t.<\/li>\n<li>En cas de souffrance qui dure, consulter un professionnel de sant\u00e9 n&rsquo;est jamais \u00ab trop \u00bb.<\/li>\n<\/ul>\n<\/div>\n<h2>Questions fr\u00e9quentes<\/h2>\n<div class=\"cq-ib-faq\">\n<details>\n<summary>Comment reconna\u00eetre un d\u00e9but de burn-out ?<\/summary>\n<div class=\"cq-ib-txt\">Plusieurs signaux, surtout quand ils durent et se cumulent : une fatigue qui ne passe pas malgr\u00e9 le repos, des troubles du sommeil, de l&rsquo;irritabilit\u00e9, des difficult\u00e9s de concentration, une perte de motivation ou de sens, le sentiment d&rsquo;\u00eatre d\u00e9pass\u00e9. Ce ne sont pas des diagnostics : seul un professionnel de sant\u00e9 peut \u00e9valuer la situation. En parler t\u00f4t facilite la prise en charge.<\/div>\n<\/details>\n<details>\n<summary>Qu&rsquo;est-ce que le droit \u00e0 la d\u00e9connexion ?<\/summary>\n<div class=\"cq-ib-txt\">C&rsquo;est le droit de ne pas \u00eatre joignable pour des raisons professionnelles en dehors de son temps de travail (le soir, le week-end, en cong\u00e9s). Dans les faits, il se traduit par des r\u00e8gles internes sur l&rsquo;usage des messageries et l&rsquo;exemplarit\u00e9 de l&rsquo;encadrement, afin de prot\u00e9ger les temps de repos.<\/div>\n<\/details>\n<details>\n<summary>Comment poser des limites sans nuire \u00e0 sa carri\u00e8re ?<\/summary>\n<div class=\"cq-ib-txt\">En clarifiant ses disponibilit\u00e9s, en hi\u00e9rarchisant les demandes et en proposant des alternatives plut\u00f4t qu&rsquo;un simple refus. Des limites claires et constantes sont g\u00e9n\u00e9ralement mieux re\u00e7ues qu&rsquo;une disponibilit\u00e9 permanente suivie d&rsquo;un \u00e9puisement. Le dialogue avec son manager sur les priorit\u00e9s aide \u00e0 les rendre l\u00e9gitimes.<\/div>\n<\/details>\n<details>\n<summary>Vers qui se tourner en cas de souffrance au travail ?<\/summary>\n<div class=\"cq-ib-txt\">Vers son m\u00e9decin traitant, le m\u00e9decin du travail (consultation confidentielle et gratuite), un psychologue, ou les relais internes \u00e0 l&rsquo;entreprise (cellule d&rsquo;\u00e9coute, ressources humaines, repr\u00e9sentants du personnel). En cas de d\u00e9tresse, demandez de l&rsquo;aide sans attendre : votre m\u00e9decin peut vous orienter.<\/div>\n<\/details>\n<\/div>\n<div class=\"cq-ib-prud\">Cet article est informatif et ne remplace pas l&rsquo;avis d&rsquo;un professionnel de sant\u00e9. Le burn-out est un trouble s\u00e9rieux : en cas de souffrance, rapprochez-vous de votre m\u00e9decin traitant, du m\u00e9decin du travail ou d&rsquo;un psychologue.<\/div>\n<\/div>\n","protected":false},"excerpt":{"rendered":"","protected":false},"author":34,"featured_media":7524,"comment_status":"open","ping_status":"open","sticky":false,"template":"","format":"standard","meta":{"_acf_changed":false,"manual_indexmenow":false,"indexmenow_id_project":0,"footnotes":""},"categories":[4524],"tags":[4671,4670,4660],"class_list":["post-7502","post","type-post","status-publish","format-standard","has-post-thumbnail","hentry","category-bien-etre-et-routines","tag-burnout","tag-equilibre-vie","tag-gestion-stress","generate-columns","tablet-grid-50","mobile-grid-100","grid-parent","grid-25"],"acf":[],"yoast_head":"<!-- This site is optimized with the Yoast SEO Premium plugin v21.3 (Yoast SEO v25.6) - https:\/\/yoast.com\/wordpress\/plugins\/seo\/ -->\n<title>\u00c9quilibre vie priv\u00e9e\/pro pour \u00e9viter le burnout<\/title>\n<meta name=\"description\" content=\"Concilier vie professionnelle et vie priv\u00e9e est un levier de sant\u00e9 : des rep\u00e8res concrets, individuels et collectifs, pour retrouver l&#039;\u00e9quilibre.\" \/>\n<meta name=\"robots\" content=\"index, follow, max-snippet:-1, max-image-preview:large, max-video-preview:-1\" \/>\n<link rel=\"canonical\" href=\"https:\/\/com-quotidiens.fr\/blog\/bien-etre-et-routines\/comment-retrouver-lequilibre-entre-vie-privee-et-professionnelle-pour-eviter-le-burnout\/\" \/>\n<meta property=\"og:locale\" content=\"fr_FR\" \/>\n<meta property=\"og:type\" content=\"article\" \/>\n<meta property=\"og:title\" content=\"\u00c9quilibre vie priv\u00e9e\/pro pour \u00e9viter le burnout\" \/>\n<meta property=\"og:description\" content=\"Concilier vie professionnelle et vie priv\u00e9e est un levier de sant\u00e9 : des rep\u00e8res concrets, individuels et collectifs, pour retrouver l&#039;\u00e9quilibre.\" \/>\n<meta property=\"og:url\" content=\"https:\/\/com-quotidiens.fr\/blog\/bien-etre-et-routines\/comment-retrouver-lequilibre-entre-vie-privee-et-professionnelle-pour-eviter-le-burnout\/\" \/>\n<meta property=\"og:site_name\" content=\"com-quotidiens\" \/>\n<meta property=\"og:image\" content=\"https:\/\/com-quotidiens.fr\/blog\/wp-content\/uploads\/2025\/11\/sdxl-dd42db637dd2c31cd01106d5b6ef6665-scaled.png\" \/>\n\t<meta property=\"og:image:width\" content=\"1200\" \/>\n\t<meta property=\"og:image:height\" content=\"500\" \/>\n\t<meta property=\"og:image:type\" content=\"image\/png\" \/>\n<meta name=\"author\" content=\"Th\u00e9o R.\" \/>\n<meta name=\"twitter:card\" content=\"summary_large_image\" \/>\n<script type=\"application\/ld+json\" class=\"yoast-schema-graph\">{\"@context\":\"https:\/\/schema.org\",\"@graph\":[{\"@type\":\"NewsArticle\",\"@id\":\"https:\/\/com-quotidiens.fr\/blog\/bien-etre-et-routines\/comment-retrouver-lequilibre-entre-vie-privee-et-professionnelle-pour-eviter-le-burnout\/#article\",\"isPartOf\":{\"@id\":\"https:\/\/com-quotidiens.fr\/blog\/bien-etre-et-routines\/comment-retrouver-lequilibre-entre-vie-privee-et-professionnelle-pour-eviter-le-burnout\/\"},\"author\":{\"name\":\"Th\u00e9o R.\",\"@id\":\"https:\/\/com-quotidiens.fr\/blog\/#\/schema\/person\/3c864cdc320801e3db34b663e7e3f816\"},\"headline\":\"Comment retrouver l\u2019\u00e9quilibre entre vie priv\u00e9e et professionnelle pour \u00e9viter le burnout\",\"datePublished\":\"2026-06-19T11:46:53+00:00\",\"mainEntityOfPage\":{\"@id\":\"https:\/\/com-quotidiens.fr\/blog\/bien-etre-et-routines\/comment-retrouver-lequilibre-entre-vie-privee-et-professionnelle-pour-eviter-le-burnout\/\"},\"wordCount\":1549,\"commentCount\":0,\"publisher\":{\"@id\":\"https:\/\/com-quotidiens.fr\/blog\/#organization\"},\"image\":{\"@id\":\"https:\/\/com-quotidiens.fr\/blog\/bien-etre-et-routines\/comment-retrouver-lequilibre-entre-vie-privee-et-professionnelle-pour-eviter-le-burnout\/#primaryimage\"},\"thumbnailUrl\":\"https:\/\/com-quotidiens.fr\/blog\/wp-content\/uploads\/2025\/11\/sdxl-dd42db637dd2c31cd01106d5b6ef6665-scaled.png\",\"keywords\":[\"burnout\",\"equilibre vie\",\"gestion stress\"],\"articleSection\":[\"Bien-\u00eatre et Routines\"],\"inLanguage\":\"fr-FR\",\"potentialAction\":[{\"@type\":\"CommentAction\",\"name\":\"Comment\",\"target\":[\"https:\/\/com-quotidiens.fr\/blog\/bien-etre-et-routines\/comment-retrouver-lequilibre-entre-vie-privee-et-professionnelle-pour-eviter-le-burnout\/#respond\"]}]},{\"@type\":\"WebPage\",\"@id\":\"https:\/\/com-quotidiens.fr\/blog\/bien-etre-et-routines\/comment-retrouver-lequilibre-entre-vie-privee-et-professionnelle-pour-eviter-le-burnout\/\",\"url\":\"https:\/\/com-quotidiens.fr\/blog\/bien-etre-et-routines\/comment-retrouver-lequilibre-entre-vie-privee-et-professionnelle-pour-eviter-le-burnout\/\",\"name\":\"\u00c9quilibre vie priv\u00e9e\/pro pour \u00e9viter le burnout\",\"isPartOf\":{\"@id\":\"https:\/\/com-quotidiens.fr\/blog\/#website\"},\"primaryImageOfPage\":{\"@id\":\"https:\/\/com-quotidiens.fr\/blog\/bien-etre-et-routines\/comment-retrouver-lequilibre-entre-vie-privee-et-professionnelle-pour-eviter-le-burnout\/#primaryimage\"},\"image\":{\"@id\":\"https:\/\/com-quotidiens.fr\/blog\/bien-etre-et-routines\/comment-retrouver-lequilibre-entre-vie-privee-et-professionnelle-pour-eviter-le-burnout\/#primaryimage\"},\"thumbnailUrl\":\"https:\/\/com-quotidiens.fr\/blog\/wp-content\/uploads\/2025\/11\/sdxl-dd42db637dd2c31cd01106d5b6ef6665-scaled.png\",\"datePublished\":\"2026-06-19T11:46:53+00:00\",\"description\":\"Concilier vie professionnelle et vie priv\u00e9e est un levier de sant\u00e9 : des rep\u00e8res concrets, individuels et collectifs, pour retrouver l'\u00e9quilibre.\",\"inLanguage\":\"fr-FR\",\"potentialAction\":[{\"@type\":\"ReadAction\",\"target\":[\"https:\/\/com-quotidiens.fr\/blog\/bien-etre-et-routines\/comment-retrouver-lequilibre-entre-vie-privee-et-professionnelle-pour-eviter-le-burnout\/\"]}]},{\"@type\":\"ImageObject\",\"inLanguage\":\"fr-FR\",\"@id\":\"https:\/\/com-quotidiens.fr\/blog\/bien-etre-et-routines\/comment-retrouver-lequilibre-entre-vie-privee-et-professionnelle-pour-eviter-le-burnout\/#primaryimage\",\"url\":\"https:\/\/com-quotidiens.fr\/blog\/wp-content\/uploads\/2025\/11\/sdxl-dd42db637dd2c31cd01106d5b6ef6665-scaled.png\",\"contentUrl\":\"https:\/\/com-quotidiens.fr\/blog\/wp-content\/uploads\/2025\/11\/sdxl-dd42db637dd2c31cd01106d5b6ef6665-scaled.png\",\"width\":1200,\"height\":500},{\"@type\":\"WebSite\",\"@id\":\"https:\/\/com-quotidiens.fr\/blog\/#website\",\"url\":\"https:\/\/com-quotidiens.fr\/blog\/\",\"name\":\"com-quotidiens.fr\",\"description\":\"Com Quotidiens, l&#039;info communication au quotidien\",\"publisher\":{\"@id\":\"https:\/\/com-quotidiens.fr\/blog\/#organization\"},\"alternateName\":\"Com Quotidiens, l'info communication au quotidien\",\"potentialAction\":[{\"@type\":\"SearchAction\",\"target\":{\"@type\":\"EntryPoint\",\"urlTemplate\":\"https:\/\/com-quotidiens.fr\/blog\/?s={search_term_string}\"},\"query-input\":{\"@type\":\"PropertyValueSpecification\",\"valueRequired\":true,\"valueName\":\"search_term_string\"}}],\"inLanguage\":\"fr-FR\"},{\"@type\":\"Organization\",\"@id\":\"https:\/\/com-quotidiens.fr\/blog\/#organization\",\"name\":\"Foretsensations.fr\",\"url\":\"https:\/\/com-quotidiens.fr\/blog\/\",\"logo\":{\"@type\":\"ImageObject\",\"inLanguage\":\"fr-FR\",\"@id\":\"https:\/\/com-quotidiens.fr\/blog\/#\/schema\/logo\/image\/\",\"url\":\"https:\/\/com-quotidiens.fr\/blog\/wp-content\/uploads\/2024\/12\/26.png\",\"contentUrl\":\"https:\/\/com-quotidiens.fr\/blog\/wp-content\/uploads\/2024\/12\/26.png\",\"width\":500,\"height\":500,\"caption\":\"Foretsensations.fr\"},\"image\":{\"@id\":\"https:\/\/com-quotidiens.fr\/blog\/#\/schema\/logo\/image\/\"}},{\"@type\":\"Person\",\"@id\":\"https:\/\/com-quotidiens.fr\/blog\/#\/schema\/person\/3c864cdc320801e3db34b663e7e3f816\",\"name\":\"Th\u00e9o R.\",\"image\":{\"@type\":\"ImageObject\",\"inLanguage\":\"fr-FR\",\"@id\":\"https:\/\/com-quotidiens.fr\/blog\/#\/schema\/person\/image\/\",\"url\":\"https:\/\/com-quotidiens.fr\/blog\/wp-content\/uploads\/2026\/06\/persona_theo-r-96x96.jpg\",\"contentUrl\":\"https:\/\/com-quotidiens.fr\/blog\/wp-content\/uploads\/2026\/06\/persona_theo-r-96x96.jpg\",\"caption\":\"Th\u00e9o R.\"},\"description\":\"Le web et la communication sont mon m\u00e9tier depuis une dizaine d'ann\u00e9es, entre r\u00e9daction, strat\u00e9gie de contenu et accompagnement de projets en ligne. J'\u00e9cris sur la cr\u00e9ation de site, le marketing digital, l'image de marque et le m\u00e9tier de r\u00e9dacteur web, avec l'envie de rendre ces sujets concrets pour les ind\u00e9pendants et les petites entreprises. J'aime expliquer comment se construit une pr\u00e9sence en ligne cr\u00e9dible, du choix des mots \u00e0 la coh\u00e9rence visuelle, sans recourir au jargon d'agence. Avant de recommander une m\u00e9thode ou un outil, je l'\u00e9prouve sur le terrain et je distingue ce qui marche vraiment des promesses \u00e0 la mode. Je me m\u00e9fie des recettes miracles en marketing, car aucune ne dispense de travail et de r\u00e9gularit\u00e9. Mon angle : donner des rep\u00e8res solides pour communiquer juste et b\u00e2tir une marque qui dure, \u00e0 hauteur de budgets r\u00e9els et d'\u00e9quipes r\u00e9duites.\",\"url\":\"https:\/\/com-quotidiens.fr\/blog\/auteur\/noname\/\",\"jobTitle\":\"R\u00e9dacteur en chef \u00b7 Web & Communication\",\"knowsAbout\":[\"Web\",\"Communication\"],\"email\":\"theo.r@clickbuzz.fr\"}]}<\/script>\n<!-- \/ Yoast SEO Premium plugin. -->","yoast_head_json":{"title":"\u00c9quilibre vie priv\u00e9e\/pro pour \u00e9viter le burnout","description":"Concilier vie professionnelle et vie priv\u00e9e est un levier de sant\u00e9 : des rep\u00e8res concrets, individuels et collectifs, pour retrouver l'\u00e9quilibre.","robots":{"index":"index","follow":"follow","max-snippet":"max-snippet:-1","max-image-preview":"max-image-preview:large","max-video-preview":"max-video-preview:-1"},"canonical":"https:\/\/com-quotidiens.fr\/blog\/bien-etre-et-routines\/comment-retrouver-lequilibre-entre-vie-privee-et-professionnelle-pour-eviter-le-burnout\/","og_locale":"fr_FR","og_type":"article","og_title":"\u00c9quilibre vie priv\u00e9e\/pro pour \u00e9viter le burnout","og_description":"Concilier vie professionnelle et vie priv\u00e9e est un levier de sant\u00e9 : des rep\u00e8res concrets, individuels et collectifs, pour retrouver l'\u00e9quilibre.","og_url":"https:\/\/com-quotidiens.fr\/blog\/bien-etre-et-routines\/comment-retrouver-lequilibre-entre-vie-privee-et-professionnelle-pour-eviter-le-burnout\/","og_site_name":"com-quotidiens","og_image":[{"width":1200,"height":500,"url":"https:\/\/com-quotidiens.fr\/blog\/wp-content\/uploads\/2025\/11\/sdxl-dd42db637dd2c31cd01106d5b6ef6665-scaled.png","type":"image\/png"}],"author":"Th\u00e9o R.","twitter_card":"summary_large_image","schema":{"@context":"https:\/\/schema.org","@graph":[{"@type":"NewsArticle","@id":"https:\/\/com-quotidiens.fr\/blog\/bien-etre-et-routines\/comment-retrouver-lequilibre-entre-vie-privee-et-professionnelle-pour-eviter-le-burnout\/#article","isPartOf":{"@id":"https:\/\/com-quotidiens.fr\/blog\/bien-etre-et-routines\/comment-retrouver-lequilibre-entre-vie-privee-et-professionnelle-pour-eviter-le-burnout\/"},"author":{"name":"Th\u00e9o R.","@id":"https:\/\/com-quotidiens.fr\/blog\/#\/schema\/person\/3c864cdc320801e3db34b663e7e3f816"},"headline":"Comment retrouver l\u2019\u00e9quilibre entre vie priv\u00e9e et professionnelle pour \u00e9viter le burnout","datePublished":"2026-06-19T11:46:53+00:00","mainEntityOfPage":{"@id":"https:\/\/com-quotidiens.fr\/blog\/bien-etre-et-routines\/comment-retrouver-lequilibre-entre-vie-privee-et-professionnelle-pour-eviter-le-burnout\/"},"wordCount":1549,"commentCount":0,"publisher":{"@id":"https:\/\/com-quotidiens.fr\/blog\/#organization"},"image":{"@id":"https:\/\/com-quotidiens.fr\/blog\/bien-etre-et-routines\/comment-retrouver-lequilibre-entre-vie-privee-et-professionnelle-pour-eviter-le-burnout\/#primaryimage"},"thumbnailUrl":"https:\/\/com-quotidiens.fr\/blog\/wp-content\/uploads\/2025\/11\/sdxl-dd42db637dd2c31cd01106d5b6ef6665-scaled.png","keywords":["burnout","equilibre vie","gestion stress"],"articleSection":["Bien-\u00eatre et Routines"],"inLanguage":"fr-FR","potentialAction":[{"@type":"CommentAction","name":"Comment","target":["https:\/\/com-quotidiens.fr\/blog\/bien-etre-et-routines\/comment-retrouver-lequilibre-entre-vie-privee-et-professionnelle-pour-eviter-le-burnout\/#respond"]}]},{"@type":"WebPage","@id":"https:\/\/com-quotidiens.fr\/blog\/bien-etre-et-routines\/comment-retrouver-lequilibre-entre-vie-privee-et-professionnelle-pour-eviter-le-burnout\/","url":"https:\/\/com-quotidiens.fr\/blog\/bien-etre-et-routines\/comment-retrouver-lequilibre-entre-vie-privee-et-professionnelle-pour-eviter-le-burnout\/","name":"\u00c9quilibre vie priv\u00e9e\/pro pour \u00e9viter le burnout","isPartOf":{"@id":"https:\/\/com-quotidiens.fr\/blog\/#website"},"primaryImageOfPage":{"@id":"https:\/\/com-quotidiens.fr\/blog\/bien-etre-et-routines\/comment-retrouver-lequilibre-entre-vie-privee-et-professionnelle-pour-eviter-le-burnout\/#primaryimage"},"image":{"@id":"https:\/\/com-quotidiens.fr\/blog\/bien-etre-et-routines\/comment-retrouver-lequilibre-entre-vie-privee-et-professionnelle-pour-eviter-le-burnout\/#primaryimage"},"thumbnailUrl":"https:\/\/com-quotidiens.fr\/blog\/wp-content\/uploads\/2025\/11\/sdxl-dd42db637dd2c31cd01106d5b6ef6665-scaled.png","datePublished":"2026-06-19T11:46:53+00:00","description":"Concilier vie professionnelle et vie priv\u00e9e est un levier de sant\u00e9 : des rep\u00e8res concrets, individuels et collectifs, pour retrouver l'\u00e9quilibre.","inLanguage":"fr-FR","potentialAction":[{"@type":"ReadAction","target":["https:\/\/com-quotidiens.fr\/blog\/bien-etre-et-routines\/comment-retrouver-lequilibre-entre-vie-privee-et-professionnelle-pour-eviter-le-burnout\/"]}]},{"@type":"ImageObject","inLanguage":"fr-FR","@id":"https:\/\/com-quotidiens.fr\/blog\/bien-etre-et-routines\/comment-retrouver-lequilibre-entre-vie-privee-et-professionnelle-pour-eviter-le-burnout\/#primaryimage","url":"https:\/\/com-quotidiens.fr\/blog\/wp-content\/uploads\/2025\/11\/sdxl-dd42db637dd2c31cd01106d5b6ef6665-scaled.png","contentUrl":"https:\/\/com-quotidiens.fr\/blog\/wp-content\/uploads\/2025\/11\/sdxl-dd42db637dd2c31cd01106d5b6ef6665-scaled.png","width":1200,"height":500},{"@type":"WebSite","@id":"https:\/\/com-quotidiens.fr\/blog\/#website","url":"https:\/\/com-quotidiens.fr\/blog\/","name":"com-quotidiens.fr","description":"Com Quotidiens, l&#039;info communication au quotidien","publisher":{"@id":"https:\/\/com-quotidiens.fr\/blog\/#organization"},"alternateName":"Com Quotidiens, l'info communication au quotidien","potentialAction":[{"@type":"SearchAction","target":{"@type":"EntryPoint","urlTemplate":"https:\/\/com-quotidiens.fr\/blog\/?s={search_term_string}"},"query-input":{"@type":"PropertyValueSpecification","valueRequired":true,"valueName":"search_term_string"}}],"inLanguage":"fr-FR"},{"@type":"Organization","@id":"https:\/\/com-quotidiens.fr\/blog\/#organization","name":"Foretsensations.fr","url":"https:\/\/com-quotidiens.fr\/blog\/","logo":{"@type":"ImageObject","inLanguage":"fr-FR","@id":"https:\/\/com-quotidiens.fr\/blog\/#\/schema\/logo\/image\/","url":"https:\/\/com-quotidiens.fr\/blog\/wp-content\/uploads\/2024\/12\/26.png","contentUrl":"https:\/\/com-quotidiens.fr\/blog\/wp-content\/uploads\/2024\/12\/26.png","width":500,"height":500,"caption":"Foretsensations.fr"},"image":{"@id":"https:\/\/com-quotidiens.fr\/blog\/#\/schema\/logo\/image\/"}},{"@type":"Person","@id":"https:\/\/com-quotidiens.fr\/blog\/#\/schema\/person\/3c864cdc320801e3db34b663e7e3f816","name":"Th\u00e9o R.","image":{"@type":"ImageObject","inLanguage":"fr-FR","@id":"https:\/\/com-quotidiens.fr\/blog\/#\/schema\/person\/image\/","url":"https:\/\/com-quotidiens.fr\/blog\/wp-content\/uploads\/2026\/06\/persona_theo-r-96x96.jpg","contentUrl":"https:\/\/com-quotidiens.fr\/blog\/wp-content\/uploads\/2026\/06\/persona_theo-r-96x96.jpg","caption":"Th\u00e9o R."},"description":"Le web et la communication sont mon m\u00e9tier depuis une dizaine d'ann\u00e9es, entre r\u00e9daction, strat\u00e9gie de contenu et accompagnement de projets en ligne. J'\u00e9cris sur la cr\u00e9ation de site, le marketing digital, l'image de marque et le m\u00e9tier de r\u00e9dacteur web, avec l'envie de rendre ces sujets concrets pour les ind\u00e9pendants et les petites entreprises. J'aime expliquer comment se construit une pr\u00e9sence en ligne cr\u00e9dible, du choix des mots \u00e0 la coh\u00e9rence visuelle, sans recourir au jargon d'agence. Avant de recommander une m\u00e9thode ou un outil, je l'\u00e9prouve sur le terrain et je distingue ce qui marche vraiment des promesses \u00e0 la mode. Je me m\u00e9fie des recettes miracles en marketing, car aucune ne dispense de travail et de r\u00e9gularit\u00e9. Mon angle : donner des rep\u00e8res solides pour communiquer juste et b\u00e2tir une marque qui dure, \u00e0 hauteur de budgets r\u00e9els et d'\u00e9quipes r\u00e9duites.","url":"https:\/\/com-quotidiens.fr\/blog\/auteur\/noname\/","jobTitle":"R\u00e9dacteur en chef \u00b7 Web & Communication","knowsAbout":["Web","Communication"],"email":"theo.r@clickbuzz.fr"}]}},"_links":{"self":[{"href":"https:\/\/com-quotidiens.fr\/blog\/wp-json\/wp\/v2\/posts\/7502","targetHints":{"allow":["GET"]}}],"collection":[{"href":"https:\/\/com-quotidiens.fr\/blog\/wp-json\/wp\/v2\/posts"}],"about":[{"href":"https:\/\/com-quotidiens.fr\/blog\/wp-json\/wp\/v2\/types\/post"}],"author":[{"embeddable":true,"href":"https:\/\/com-quotidiens.fr\/blog\/wp-json\/wp\/v2\/users\/34"}],"replies":[{"embeddable":true,"href":"https:\/\/com-quotidiens.fr\/blog\/wp-json\/wp\/v2\/comments?post=7502"}],"version-history":[{"count":2,"href":"https:\/\/com-quotidiens.fr\/blog\/wp-json\/wp\/v2\/posts\/7502\/revisions"}],"predecessor-version":[{"id":7618,"href":"https:\/\/com-quotidiens.fr\/blog\/wp-json\/wp\/v2\/posts\/7502\/revisions\/7618"}],"wp:featuredmedia":[{"embeddable":true,"href":"https:\/\/com-quotidiens.fr\/blog\/wp-json\/wp\/v2\/media\/7524"}],"wp:attachment":[{"href":"https:\/\/com-quotidiens.fr\/blog\/wp-json\/wp\/v2\/media?parent=7502"}],"wp:term":[{"taxonomy":"category","embeddable":true,"href":"https:\/\/com-quotidiens.fr\/blog\/wp-json\/wp\/v2\/categories?post=7502"},{"taxonomy":"post_tag","embeddable":true,"href":"https:\/\/com-quotidiens.fr\/blog\/wp-json\/wp\/v2\/tags?post=7502"}],"curies":[{"name":"wp","href":"https:\/\/api.w.org\/{rel}","templated":true}]}}