{"id":7499,"date":"2026-06-19T13:44:44","date_gmt":"2026-06-19T11:44:44","guid":{"rendered":"https:\/\/com-quotidiens.fr\/blog\/?p=7499"},"modified":"2026-06-19T13:44:44","modified_gmt":"2026-06-19T11:44:44","slug":"comment-gerer-son-stress","status":"publish","type":"post","link":"https:\/\/com-quotidiens.fr\/blog\/a-la-une\/comment-gerer-son-stress\/","title":{"rendered":"comment g\u00e9rer son stress"},"content":{"rendered":"<link rel=\"stylesheet\" href=\"https:\/\/fonts.googleapis.com\/css2?family=Space+Grotesk:wght@500;600;700&#038;family=Inter:wght@400;500;600&#038;family=JetBrains+Mono:wght@500&#038;display=swap\">\n<style>\n.cqs-stress-wrap{font-family:'Inter',system-ui,sans-serif;color:#23302c;line-height:1.65;font-size:17px;max-width:760px;margin:0 auto}\n.cqs-stress-wrap h1,.cqs-stress-wrap h2,.cqs-stress-wrap h3{font-family:'Space Grotesk','Inter',sans-serif;color:#16241f;letter-spacing:-.01em;line-height:1.2}\n.cqs-stress-wrap h1{font-size:clamp(28px,4.2vw,40px);font-weight:700;margin:0 0 14px}\n.cqs-stress-wrap h2{font-size:clamp(23px,3.2vw,32px);font-weight:700;margin:48px 0 16px}\n.cqs-stress-wrap h3{font-size:clamp(19px,2.4vw,22px);font-weight:600;margin:26px 0 10px}\n.cqs-stress-wrap a{color:#127a63;text-decoration:underline;text-underline-offset:2px}\n.cqs-stress-lead{font-size:19px;color:#3a4842;margin:0 0 26px}\n.cqs-stress-kicker{font-family:'JetBrains Mono',monospace;font-size:12px;font-weight:500;letter-spacing:.12em;text-transform:uppercase;color:#127a63;display:block;margin-bottom:6px}\n.cqs-stress-answer{background:#eef7f3;border-left:5px solid #127a63;border-radius:0 12px 12px 0;padding:22px 24px;margin:0 0 30px;box-shadow:0 1px 2px rgba(16,24,40,.05),0 12px 28px -18px rgba(16,24,40,.2)}\n.cqs-stress-answer .cqs-stress-txt{font-size:18px;color:#23302c;margin-bottom:12px}\n.cqs-stress-answer ul{margin:0;padding-left:20px}\n.cqs-stress-answer li{margin:7px 0}\n.cqs-stress-prereq{display:grid;grid-template-columns:repeat(auto-fit,minmax(150px,1fr));gap:16px;margin:26px 0}\n.cqs-stress-prereq .cqs-stress-cell{background:#fff;border:1px solid #dfe9e4;border-top:3px solid #127a63;border-radius:12px;padding:16px 18px;transition:.25s ease}\n.cqs-stress-prereq .cqs-stress-cell:hover{transform:translateY(-3px);box-shadow:0 12px 26px -16px rgba(16,24,40,.25)}\n.cqs-stress-prereq .cqs-stress-lbl{font-family:'JetBrains Mono',monospace;font-size:11px;letter-spacing:.08em;text-transform:uppercase;color:#127a63;display:block;margin-bottom:5px}\n.cqs-stress-prereq .cqs-stress-val{font-size:15px;color:#3a4842}\n.cqs-stress-grid{display:grid;grid-template-columns:repeat(auto-fit,minmax(230px,1fr));gap:20px;margin:24px 0}\n.cqs-stress-card{background:#fff;border:1px solid #dfe9e4;border-radius:14px;padding:22px;transition:.25s ease;box-shadow:0 1px 2px rgba(16,24,40,.05)}\n.cqs-stress-card:hover{transform:translateY(-3px);box-shadow:0 14px 30px -18px rgba(16,24,40,.28)}\n.cqs-stress-card h3{margin:0 0 8px;font-size:18px}\n.cqs-stress-card .cqs-stress-txt{font-size:15px;color:#46544e}\n.cqs-stress-check{list-style:none;padding:0;margin:18px 0}\n.cqs-stress-check li{position:relative;padding:8px 0 8px 30px;border-bottom:1px solid #eef2f0}\n.cqs-stress-check li:before{content:\"\u2713\";position:absolute;left:0;top:8px;color:#127a63;font-weight:700}\n.cqs-stress-avoid li:before{content:\"\u2715\";color:#b4452f}\n.cqs-stress-retain{background:#16241f;color:#e6efeb;border-radius:14px;padding:24px 26px;margin:40px 0}\n.cqs-stress-retain h2{color:#fff;margin:0 0 12px}\n.cqs-stress-retain ul{margin:0;padding-left:20px}\n.cqs-stress-retain li{margin:9px 0;color:#e6efeb!important}\n.cqs-stress-retain strong{color:#fff!important}\n.cqs-stress-faq{margin:30px 0}\n.cqs-stress-faq details{border:1px solid #dfe9e4;border-radius:12px;padding:0 20px;margin:12px 0;background:#fff;transition:.25s ease}\n.cqs-stress-faq details[open]{box-shadow:0 10px 26px -18px rgba(16,24,40,.3)}\n.cqs-stress-faq summary{font-family:'Space Grotesk',sans-serif;font-weight:600;font-size:17px;color:#16241f;cursor:pointer;padding:16px 0;list-style:none}\n.cqs-stress-faq summary:before{content:\"+\";color:#127a63;font-weight:700;margin-right:10px}\n.cqs-stress-faq details[open] summary:before{content:\"\u2013\"}\n.cqs-stress-faq .cqs-stress-txt{padding:0 0 16px;color:#46544e;font-size:15px}\n.cqs-stress-note{background:#fbf6ec;border:1px solid #e7d9b8;border-radius:12px;padding:16px 20px;margin:34px 0;font-size:14px;color:#5c5237}\n.cqs-stress-note strong{color:#7a5a18}\n.cqs-stress-adr{display:grid;grid-template-columns:repeat(auto-fit,minmax(240px,1fr));gap:18px;margin:22px 0}\n.cqs-stress-adr .cqs-stress-card .cqs-stress-txt{font-size:14px;line-height:1.55}\n<\/style>\n<div class=\"cqs-stress-wrap\">\n<h1>Comment g\u00e9rer son stress : techniques et conseils pratiques au quotidien<\/h1>\n<p class=\"cqs-stress-lead\">Apprendre \u00e0 g\u00e9rer son stress ne se r\u00e9sume pas \u00e0 \u00ab se d\u00e9tendre \u00bb. C&rsquo;est une comp\u00e9tence qui s&rsquo;entretient, avec des gestes concrets pour contr\u00f4ler son stress au quotidien, mieux dormir, s&rsquo;organiser et retrouver un sentiment de ma\u00eetrise. Voici une m\u00e9thode claire, \u00e9tape par \u00e9tape.<\/p>\n<div class=\"cqs-stress-answer\">\n<span class=\"cqs-stress-kicker\">L&rsquo;essentiel<\/span><\/p>\n<div class=\"cqs-stress-txt\">Pour g\u00e9rer son stress, on agit sur trois leviers : <strong>rep\u00e9rer ses d\u00e9clencheurs<\/strong>, <strong>apaiser le corps<\/strong> (respiration, sommeil, activit\u00e9 physique) et <strong>all\u00e9ger la charge mentale<\/strong> (organisation, soutien social). Aucun de ces leviers ne marche seul : c&rsquo;est leur combinaison, r\u00e9p\u00e9t\u00e9e, qui fait la diff\u00e9rence.<\/div>\n<ul>\n<li>Identifier ce qui d\u00e9clenche le stress est le point de d\u00e9part de toute gestion efficace.<\/li>\n<li>Des techniques simples comme la respiration lente ou la marche s&rsquo;int\u00e8grent d\u00e8s aujourd&rsquo;hui.<\/li>\n<li>Si le stress devient permanent et envahissant, en parler \u00e0 un professionnel de sant\u00e9 est la bonne d\u00e9cision.<\/li>\n<\/ul>\n<\/div>\n<h2>Ce qu&rsquo;il vous faut pour commencer<\/h2>\n<p>Bonne nouvelle : apprendre \u00e0 g\u00e9rer son stress ne demande ni mat\u00e9riel ni budget. Quelques minutes par jour, un peu de r\u00e9gularit\u00e9 et de l&rsquo;attention \u00e0 vos propres signaux suffisent pour d\u00e9marrer.<\/p>\n<div class=\"cqs-stress-prereq\">\n<div class=\"cqs-stress-cell\"><span class=\"cqs-stress-lbl\">Temps<\/span><span class=\"cqs-stress-val\">5 \u00e0 15 min par jour pour d\u00e9buter<\/span><\/div>\n<div class=\"cqs-stress-cell\"><span class=\"cqs-stress-lbl\">Niveau<\/span><span class=\"cqs-stress-val\">Accessible \u00e0 tous, sans pr\u00e9requis<\/span><\/div>\n<div class=\"cqs-stress-cell\"><span class=\"cqs-stress-lbl\">Mat\u00e9riel<\/span><span class=\"cqs-stress-val\">Aucun \u2014 un endroit calme suffit<\/span><\/div>\n<div class=\"cqs-stress-cell\"><span class=\"cqs-stress-lbl\">Cl\u00e9 de r\u00e9ussite<\/span><span class=\"cqs-stress-val\">La r\u00e9gularit\u00e9, plus que l&rsquo;intensit\u00e9<\/span><\/div>\n<\/div>\n<h2>\u00c9tape 1 \u2014 Comprendre et rep\u00e9rer les sources de stress<\/h2>\n<p>Le stress est une r\u00e9action naturelle face \u00e0 une situation per\u00e7ue comme contraignante ou impr\u00e9vue, lorsque l&rsquo;on a le sentiment de ne plus pouvoir y faire face. Il devient un probl\u00e8me quand il s&rsquo;installe dans la dur\u00e9e. On distingue ainsi le <strong>stress aigu<\/strong>, ponctuel et passager, du <strong>stress chronique<\/strong>, qui s&rsquo;inscrit dans le temps et p\u00e8se sur la sant\u00e9 mentale et physique.<\/p>\n<p>Pour le contr\u00f4ler, commencez par identifier vos d\u00e9clencheurs r\u00e9currents. Ils diff\u00e8rent d&rsquo;une personne \u00e0 l&rsquo;autre, mais on retrouve souvent quelques grandes familles.<\/p>\n<div class=\"cqs-stress-grid\">\n<div class=\"cqs-stress-card\">\n<h3>La pression professionnelle<\/h3>\n<div class=\"cqs-stress-txt\">Surcharge de travail, d\u00e9lais serr\u00e9s, manque de reconnaissance ou conflits avec des coll\u00e8gues sont des sources fr\u00e9quentes de tension.<\/div>\n<\/div>\n<div class=\"cqs-stress-card\">\n<h3>Les relations tendues<\/h3>\n<div class=\"cqs-stress-txt\">Les tensions familiales, amicales ou de couple, et les ruptures, peuvent peser durablement sur l&rsquo;\u00e9quilibre \u00e9motionnel.<\/div>\n<\/div>\n<div class=\"cqs-stress-card\">\n<h3>Les \u00e9ch\u00e9ances et examens<\/h3>\n<div class=\"cqs-stress-txt\">P\u00e9riode d&rsquo;examens, oral, entretien d&#8217;embauche : ces moments \u00ab \u00e0 enjeu \u00bb g\u00e9n\u00e8rent un stress de performance bien identifiable.<\/div>\n<\/div>\n<\/div>\n<p>Tenir quelques jours un petit carnet \u2014 quand le stress monte, dans quelle situation, avec quelle intensit\u00e9 \u2014 aide \u00e0 voir clair sur ses propres signaux. C&rsquo;est la base pour ensuite agir au bon endroit.<\/p>\n<h2>\u00c9tape 2 \u2014 Apaiser le corps : respiration, d\u00e9tente et sommeil<\/h2>\n<p>Le stress se vit d&rsquo;abord dans le corps : tension musculaire, respiration courte, c\u0153ur qui s&rsquo;acc\u00e9l\u00e8re. Agir sur le corps est donc l&rsquo;un des moyens les plus rapides de faire redescendre la pression.<\/p>\n<h3>La respiration lente<\/h3>\n<p>La respiration diaphragmatique (gonfler le ventre \u00e0 l&rsquo;inspiration, expirer lentement par la bouche) aide \u00e0 activer la r\u00e9ponse de d\u00e9tente de l&rsquo;organisme. Quelques cycles d&rsquo;inspiration sur 4 temps et d&rsquo;expiration sur 6 temps, r\u00e9p\u00e9t\u00e9s deux ou trois minutes, peuvent suffire \u00e0 apaiser une mont\u00e9e de stress, notamment avant un oral ou un examen.<\/p>\n<h3>La m\u00e9ditation de pleine conscience<\/h3>\n<p>La m\u00e9ditation de pleine conscience consiste \u00e0 ramener doucement son attention sur l&rsquo;instant pr\u00e9sent \u2014 la respiration, les sensations \u2014 sans se juger. Pratiqu\u00e9e r\u00e9guli\u00e8rement, ne serait-ce que quelques minutes par jour, elle aide beaucoup de personnes \u00e0 prendre du recul sur leurs pens\u00e9es anxieuses. Des applications de m\u00e9ditation guid\u00e9e peuvent servir de support pour d\u00e9marrer.<\/p>\n<h3>Le sommeil, alli\u00e9 central<\/h3>\n<p>Le sommeil et le stress s&rsquo;entretiennent mutuellement : mal dormir augmente la vuln\u00e9rabilit\u00e9 au stress, et le stress d\u00e9grade le sommeil. Pour briser ce cercle, quelques rep\u00e8res simples aident :<\/p>\n<ul class=\"cqs-stress-check\">\n<li>Se coucher et se lever \u00e0 des horaires r\u00e9guliers, autant que possible.<\/li>\n<li>Limiter les \u00e9crans (t\u00e9l\u00e9phone, s\u00e9ries) dans l&rsquo;heure qui pr\u00e9c\u00e8de le coucher.<\/li>\n<li>S&rsquo;offrir un rituel apaisant : lecture, \u00e9tirements doux, quelques minutes de relaxation.<\/li>\n<li>\u00c9viter caf\u00e9ine et excitants en soir\u00e9e.<\/li>\n<\/ul>\n<h3>Bouger pour \u00e9vacuer la tension<\/h3>\n<p>L&rsquo;activit\u00e9 physique est l&rsquo;un des anti-stress les plus efficaces et les plus accessibles : marche rapide, course, v\u00e9lo, natation, yoga\u2026 L&rsquo;id\u00e9e n&rsquo;est pas la performance mais la r\u00e9gularit\u00e9. Descendre un arr\u00eat plus t\u00f4t, marcher pendant un appel t\u00e9l\u00e9phonique ou s&rsquo;\u00e9tirer au poste de travail sont d\u00e9j\u00e0 des pas dans la bonne direction.<\/p>\n<h2>\u00c9tape 3 \u2014 All\u00e9ger la charge mentale et s&rsquo;organiser<\/h2>\n<p>Une bonne partie du stress du quotidien vient du sentiment d&rsquo;\u00eatre d\u00e9bord\u00e9. Mieux s&rsquo;organiser ne fait pas dispara\u00eetre les t\u00e2ches, mais redonne un sentiment de contr\u00f4le qui apaise r\u00e9ellement.<\/p>\n<div class=\"cqs-stress-grid\">\n<div class=\"cqs-stress-card\">\n<h3>Distinguer l&rsquo;urgent de l&rsquo;important<\/h3>\n<div class=\"cqs-stress-txt\">Classer ses t\u00e2ches selon leur urgence et leur importance aide \u00e0 prioriser et \u00e0 d\u00e9l\u00e9guer ou reporter ce qui n&rsquo;est pas essentiel.<\/div>\n<\/div>\n<div class=\"cqs-stress-card\">\n<h3>Travailler par tranches<\/h3>\n<div class=\"cqs-stress-txt\">Alterner des temps de concentration courts (par exemple 25 minutes) avec de vraies pauses limite la fatigue mentale et la dispersion.<\/div>\n<\/div>\n<div class=\"cqs-stress-card\">\n<h3>Apprendre \u00e0 dire non<\/h3>\n<div class=\"cqs-stress-txt\">Refuser une sollicitation non prioritaire, c&rsquo;est prot\u00e9ger son temps et son \u00e9nergie \u2014 pas un manque de volont\u00e9.<\/div>\n<\/div>\n<\/div>\n<p>Am\u00e9nager aussi son environnement aide : un espace de travail rang\u00e9, un peu de lumi\u00e8re naturelle, des plantes, une r\u00e9duction du bruit cr\u00e9ent un cadre plus apaisant. Chacun peut agir \u00e0 son \u00e9chelle pour rendre son cadre de vie plus serein.<\/p>\n<h2>\u00c9tape 4 \u2014 S&rsquo;appuyer sur les autres<\/h2>\n<p>G\u00e9rer son stress et son anxi\u00e9t\u00e9 ne se fait pas forc\u00e9ment seul. Parler de ce que l&rsquo;on traverse \u00e0 un proche de confiance soulage souvent la pression et remet les choses en perspective. Au travail, des \u00e9changes r\u00e9guliers et une communication respectueuse d\u00e9samorcent bien des tensions. Aider un proche stress\u00e9, c&rsquo;est aussi agir sur le climat collectif : \u00e9couter sans juger est d\u00e9j\u00e0 un soutien pr\u00e9cieux.<\/p>\n<h2>G\u00e9rer son stress dans les situations \u00e0 enjeu<\/h2>\n<ul class=\"cqs-stress-check\">\n<li><strong>Avant un examen<\/strong> : r\u00e9visez par s\u00e9ances courtes plut\u00f4t qu&rsquo;en marathon, dormez la veille, et respirez lentement avant de commencer.<\/li>\n<li><strong>Avant un oral<\/strong> : pr\u00e9parez votre introduction, entra\u00eenez-vous \u00e0 voix haute, et ancrez-vous par quelques respirations profondes juste avant de prendre la parole.<\/li>\n<li><strong>Au quotidien<\/strong> : rep\u00e9rez vos micro-moments de tension et glissez-y un geste apaisant (respiration, pause, marche).<\/li>\n<\/ul>\n<div class=\"cqs-stress-retain\">\n<h2>\u00c0 retenir<\/h2>\n<ul>\n<li><strong>Rep\u00e9rez vos d\u00e9clencheurs<\/strong> avant de chercher des solutions : c&rsquo;est la base.<\/li>\n<li><strong>Agissez sur le corps<\/strong> : respiration lente, sommeil r\u00e9gulier, activit\u00e9 physique.<\/li>\n<li><strong>All\u00e9gez la charge mentale<\/strong> en priorisant, en faisant des pauses et en sachant dire non.<\/li>\n<li><strong>Ne restez pas isol\u00e9<\/strong> : en parler \u00e0 un proche ou \u00e0 un professionnel aide.<\/li>\n<li>La <strong>r\u00e9gularit\u00e9<\/strong> compte plus que la perfection : quelques minutes par jour suffisent pour commencer.<\/li>\n<\/ul>\n<\/div>\n<h2>Carnet d&rsquo;adresses : ateliers et ressources<\/h2>\n<p>Si vous souhaitez \u00eatre accompagn\u00e9, notamment en entreprise, plusieurs structures proposent des ateliers d\u00e9di\u00e9s \u00e0 la gestion du stress. Renseignez-vous directement aupr\u00e8s d&rsquo;elles pour conna\u00eetre les modalit\u00e9s et tarifs actuels.<\/p>\n<div class=\"cqs-stress-adr\">\n<div class=\"cqs-stress-card\">\n<h3>\u00c9L\u00c9AS<\/h3>\n<div class=\"cqs-stress-txt\">24, rue Henri Savignat, 92310 S\u00e8vres \u2014 T\u00e9l. 01 55 64 00 34<br \/><a href=\"http:\/\/www.eleas.fr\" rel=\"nofollow\">www.eleas.fr<\/a><\/div>\n<\/div>\n<div class=\"cqs-stress-card\">\n<h3>PROEVOLUTION<\/h3>\n<div class=\"cqs-stress-txt\">1-3 Rue de l&rsquo;Industrie, 68126 Benfeld (intervient \u00e0 Paris) \u2014 T\u00e9l. 03 88 08 32 43<br \/><a href=\"http:\/\/www.proevolution.pro\" rel=\"nofollow\">www.proevolution.pro<\/a><\/div>\n<\/div>\n<div class=\"cqs-stress-card\">\n<h3>Coach Me Happy<\/h3>\n<div class=\"cqs-stress-txt\">Ateliers en entreprise \u00e0 Paris, contact via formulaire en ligne.<br \/><a href=\"http:\/\/coachmehappy.fr\" rel=\"nofollow\">coachmehappy.fr<\/a><\/div>\n<\/div>\n<div class=\"cqs-stress-card\">\n<h3>Ludovic Seringes \u2013 LS Therapy<\/h3>\n<div class=\"cqs-stress-txt\">Ateliers gestion du stress \u00e0 Paris \u2014 <a href=\"mailto:contact@ls-therapy.eu\">contact@ls-therapy.eu<\/a><br \/><a href=\"http:\/\/www.ls-therapy.eu\" rel=\"nofollow\">www.ls-therapy.eu<\/a><\/div>\n<\/div>\n<\/div>\n<div class=\"cqs-stress-faq\">\n<h2>Questions fr\u00e9quentes<\/h2>\n<details>\n<summary>Comment g\u00e9rer son stress et son anxi\u00e9t\u00e9 au quotidien ?<\/summary>\n<div class=\"cqs-stress-txt\">Combinez plusieurs gestes simples et r\u00e9guliers : respiration lente quand la tension monte, sommeil suffisant, activit\u00e9 physique, et organisation pour r\u00e9duire le sentiment d&rsquo;\u00eatre d\u00e9bord\u00e9. Si l&rsquo;anxi\u00e9t\u00e9 est intense, fr\u00e9quente ou handicape votre vie, parlez-en \u00e0 votre m\u00e9decin : elle peut n\u00e9cessiter un accompagnement adapt\u00e9.<\/div>\n<\/details>\n<details>\n<summary>Comment g\u00e9rer son stress pendant un examen ?<\/summary>\n<div class=\"cqs-stress-txt\">Pr\u00e9parez-vous par s\u00e9ances courtes plut\u00f4t qu&rsquo;en r\u00e9visant tout au dernier moment, dormez correctement la veille, et arrivez en avance pour \u00e9viter la pr\u00e9cipitation. Le jour J, quelques respirations lentes avant de commencer aident \u00e0 faire baisser la pression et \u00e0 mieux se concentrer.<\/div>\n<\/details>\n<details>\n<summary>Comment g\u00e9rer son stress avant un oral ?<\/summary>\n<div class=\"cqs-stress-txt\">Entra\u00eenez-vous \u00e0 voix haute, pr\u00e9parez surtout votre introduction pour partir sur une base solide, et juste avant de parler, prenez trois ou quatre respirations profondes en expirant lentement. Accepter qu&rsquo;un peu de trac est normal \u2014 et m\u00eame utile \u2014 aide aussi \u00e0 le vivre plus sereinement.<\/div>\n<\/details>\n<details>\n<summary>Quand faut-il consulter pour son stress ?<\/summary>\n<div class=\"cqs-stress-txt\">Si le stress devient permanent, s&rsquo;accompagne de troubles du sommeil durables, de fatigue intense, d&rsquo;irritabilit\u00e9 ou d&rsquo;un mal-\u00eatre qui dure, il est conseill\u00e9 d&rsquo;en parler \u00e0 un professionnel de sant\u00e9 (m\u00e9decin, psychologue). Demander de l&rsquo;aide n&rsquo;est pas un \u00e9chec : c&rsquo;est une d\u00e9marche efficace.<\/div>\n<\/details>\n<\/div>\n<div class=\"cqs-stress-note\"><strong>Bon \u00e0 savoir :<\/strong> cet article est informatif et ne remplace pas l&rsquo;avis d&rsquo;un professionnel de sant\u00e9. En cas de stress persistant, d&rsquo;anxi\u00e9t\u00e9 envahissante ou de mal-\u00eatre, parlez-en \u00e0 votre m\u00e9decin ou \u00e0 un psychologue.<\/div>\n<\/div>\n","protected":false},"excerpt":{"rendered":"","protected":false},"author":34,"featured_media":7519,"comment_status":"open","ping_status":"open","sticky":false,"template":"","format":"standard","meta":{"_acf_changed":false,"manual_indexmenow":false,"indexmenow_id_project":0,"footnotes":""},"categories":[1],"tags":[4665,4660,4094],"class_list":["post-7499","post","type-post","status-publish","format-standard","has-post-thumbnail","hentry","category-a-la-une","tag-bienetre","tag-gestion-stress","tag-relaxation","generate-columns","tablet-grid-50","mobile-grid-100","grid-parent","grid-25"],"acf":[],"yoast_head":"<!-- This site is optimized with the Yoast SEO Premium plugin v21.3 (Yoast SEO v25.6) - https:\/\/yoast.com\/wordpress\/plugins\/seo\/ -->\n<title>comment g\u00e9rer son stress<\/title>\n<meta name=\"description\" content=\"G\u00e9rer son stress ne se r\u00e9sume pas \u00e0 se d\u00e9tendre : une comp\u00e9tence qui s&#039;entretient, avec des gestes concrets pour mieux dormir, s&#039;organiser et s&#039;apaiser.\" \/>\n<meta name=\"robots\" content=\"index, follow, max-snippet:-1, max-image-preview:large, max-video-preview:-1\" \/>\n<link rel=\"canonical\" href=\"https:\/\/com-quotidiens.fr\/blog\/a-la-une\/comment-gerer-son-stress\/\" \/>\n<meta property=\"og:locale\" content=\"fr_FR\" \/>\n<meta property=\"og:type\" content=\"article\" \/>\n<meta property=\"og:title\" content=\"comment g\u00e9rer son stress\" \/>\n<meta property=\"og:description\" content=\"G\u00e9rer son stress ne se r\u00e9sume pas \u00e0 se d\u00e9tendre : une comp\u00e9tence qui s&#039;entretient, avec des gestes concrets pour mieux dormir, s&#039;organiser et s&#039;apaiser.\" \/>\n<meta property=\"og:url\" content=\"https:\/\/com-quotidiens.fr\/blog\/a-la-une\/comment-gerer-son-stress\/\" \/>\n<meta property=\"og:site_name\" content=\"com-quotidiens\" \/>\n<meta property=\"og:image\" content=\"https:\/\/com-quotidiens.fr\/blog\/wp-content\/uploads\/2025\/10\/sdxl-f0d2832e56fbdcb579bfb295a6f2504d-scaled.png\" \/>\n\t<meta property=\"og:image:width\" content=\"1200\" \/>\n\t<meta property=\"og:image:height\" content=\"500\" \/>\n\t<meta property=\"og:image:type\" content=\"image\/png\" \/>\n<meta name=\"author\" content=\"Th\u00e9o R.\" \/>\n<meta name=\"twitter:card\" content=\"summary_large_image\" \/>\n<script type=\"application\/ld+json\" class=\"yoast-schema-graph\">{\"@context\":\"https:\/\/schema.org\",\"@graph\":[{\"@type\":\"NewsArticle\",\"@id\":\"https:\/\/com-quotidiens.fr\/blog\/a-la-une\/comment-gerer-son-stress\/#article\",\"isPartOf\":{\"@id\":\"https:\/\/com-quotidiens.fr\/blog\/a-la-une\/comment-gerer-son-stress\/\"},\"author\":{\"name\":\"Th\u00e9o R.\",\"@id\":\"https:\/\/com-quotidiens.fr\/blog\/#\/schema\/person\/3c864cdc320801e3db34b663e7e3f816\"},\"headline\":\"comment g\u00e9rer son stress\",\"datePublished\":\"2026-06-19T11:44:44+00:00\",\"mainEntityOfPage\":{\"@id\":\"https:\/\/com-quotidiens.fr\/blog\/a-la-une\/comment-gerer-son-stress\/\"},\"wordCount\":1531,\"commentCount\":0,\"publisher\":{\"@id\":\"https:\/\/com-quotidiens.fr\/blog\/#organization\"},\"image\":{\"@id\":\"https:\/\/com-quotidiens.fr\/blog\/a-la-une\/comment-gerer-son-stress\/#primaryimage\"},\"thumbnailUrl\":\"https:\/\/com-quotidiens.fr\/blog\/wp-content\/uploads\/2025\/10\/sdxl-f0d2832e56fbdcb579bfb295a6f2504d-scaled.png\",\"keywords\":[\"bienetre\",\"gestion stress\",\"Relaxation\"],\"articleSection\":[\"\u00c0 la une\"],\"inLanguage\":\"fr-FR\",\"potentialAction\":[{\"@type\":\"CommentAction\",\"name\":\"Comment\",\"target\":[\"https:\/\/com-quotidiens.fr\/blog\/a-la-une\/comment-gerer-son-stress\/#respond\"]}]},{\"@type\":\"WebPage\",\"@id\":\"https:\/\/com-quotidiens.fr\/blog\/a-la-une\/comment-gerer-son-stress\/\",\"url\":\"https:\/\/com-quotidiens.fr\/blog\/a-la-une\/comment-gerer-son-stress\/\",\"name\":\"comment g\u00e9rer son stress\",\"isPartOf\":{\"@id\":\"https:\/\/com-quotidiens.fr\/blog\/#website\"},\"primaryImageOfPage\":{\"@id\":\"https:\/\/com-quotidiens.fr\/blog\/a-la-une\/comment-gerer-son-stress\/#primaryimage\"},\"image\":{\"@id\":\"https:\/\/com-quotidiens.fr\/blog\/a-la-une\/comment-gerer-son-stress\/#primaryimage\"},\"thumbnailUrl\":\"https:\/\/com-quotidiens.fr\/blog\/wp-content\/uploads\/2025\/10\/sdxl-f0d2832e56fbdcb579bfb295a6f2504d-scaled.png\",\"datePublished\":\"2026-06-19T11:44:44+00:00\",\"description\":\"G\u00e9rer son stress ne se r\u00e9sume pas \u00e0 se d\u00e9tendre : une comp\u00e9tence qui s'entretient, avec des gestes concrets pour mieux dormir, s'organiser et s'apaiser.\",\"inLanguage\":\"fr-FR\",\"potentialAction\":[{\"@type\":\"ReadAction\",\"target\":[\"https:\/\/com-quotidiens.fr\/blog\/a-la-une\/comment-gerer-son-stress\/\"]}]},{\"@type\":\"ImageObject\",\"inLanguage\":\"fr-FR\",\"@id\":\"https:\/\/com-quotidiens.fr\/blog\/a-la-une\/comment-gerer-son-stress\/#primaryimage\",\"url\":\"https:\/\/com-quotidiens.fr\/blog\/wp-content\/uploads\/2025\/10\/sdxl-f0d2832e56fbdcb579bfb295a6f2504d-scaled.png\",\"contentUrl\":\"https:\/\/com-quotidiens.fr\/blog\/wp-content\/uploads\/2025\/10\/sdxl-f0d2832e56fbdcb579bfb295a6f2504d-scaled.png\",\"width\":1200,\"height\":500},{\"@type\":\"WebSite\",\"@id\":\"https:\/\/com-quotidiens.fr\/blog\/#website\",\"url\":\"https:\/\/com-quotidiens.fr\/blog\/\",\"name\":\"com-quotidiens.fr\",\"description\":\"Com Quotidiens, l&#039;info communication au quotidien\",\"publisher\":{\"@id\":\"https:\/\/com-quotidiens.fr\/blog\/#organization\"},\"alternateName\":\"Com Quotidiens, l'info communication au quotidien\",\"potentialAction\":[{\"@type\":\"SearchAction\",\"target\":{\"@type\":\"EntryPoint\",\"urlTemplate\":\"https:\/\/com-quotidiens.fr\/blog\/?s={search_term_string}\"},\"query-input\":{\"@type\":\"PropertyValueSpecification\",\"valueRequired\":true,\"valueName\":\"search_term_string\"}}],\"inLanguage\":\"fr-FR\"},{\"@type\":\"Organization\",\"@id\":\"https:\/\/com-quotidiens.fr\/blog\/#organization\",\"name\":\"Foretsensations.fr\",\"url\":\"https:\/\/com-quotidiens.fr\/blog\/\",\"logo\":{\"@type\":\"ImageObject\",\"inLanguage\":\"fr-FR\",\"@id\":\"https:\/\/com-quotidiens.fr\/blog\/#\/schema\/logo\/image\/\",\"url\":\"https:\/\/com-quotidiens.fr\/blog\/wp-content\/uploads\/2024\/12\/26.png\",\"contentUrl\":\"https:\/\/com-quotidiens.fr\/blog\/wp-content\/uploads\/2024\/12\/26.png\",\"width\":500,\"height\":500,\"caption\":\"Foretsensations.fr\"},\"image\":{\"@id\":\"https:\/\/com-quotidiens.fr\/blog\/#\/schema\/logo\/image\/\"}},{\"@type\":\"Person\",\"@id\":\"https:\/\/com-quotidiens.fr\/blog\/#\/schema\/person\/3c864cdc320801e3db34b663e7e3f816\",\"name\":\"Th\u00e9o R.\",\"image\":{\"@type\":\"ImageObject\",\"inLanguage\":\"fr-FR\",\"@id\":\"https:\/\/com-quotidiens.fr\/blog\/#\/schema\/person\/image\/\",\"url\":\"https:\/\/com-quotidiens.fr\/blog\/wp-content\/uploads\/2026\/06\/persona_theo-r-96x96.jpg\",\"contentUrl\":\"https:\/\/com-quotidiens.fr\/blog\/wp-content\/uploads\/2026\/06\/persona_theo-r-96x96.jpg\",\"caption\":\"Th\u00e9o R.\"},\"description\":\"Le web et la communication sont mon m\u00e9tier depuis une dizaine d'ann\u00e9es, entre r\u00e9daction, strat\u00e9gie de contenu et accompagnement de projets en ligne. J'\u00e9cris sur la cr\u00e9ation de site, le marketing digital, l'image de marque et le m\u00e9tier de r\u00e9dacteur web, avec l'envie de rendre ces sujets concrets pour les ind\u00e9pendants et les petites entreprises. J'aime expliquer comment se construit une pr\u00e9sence en ligne cr\u00e9dible, du choix des mots \u00e0 la coh\u00e9rence visuelle, sans recourir au jargon d'agence. Avant de recommander une m\u00e9thode ou un outil, je l'\u00e9prouve sur le terrain et je distingue ce qui marche vraiment des promesses \u00e0 la mode. Je me m\u00e9fie des recettes miracles en marketing, car aucune ne dispense de travail et de r\u00e9gularit\u00e9. Mon angle : donner des rep\u00e8res solides pour communiquer juste et b\u00e2tir une marque qui dure, \u00e0 hauteur de budgets r\u00e9els et d'\u00e9quipes r\u00e9duites.\",\"url\":\"https:\/\/com-quotidiens.fr\/blog\/auteur\/noname\/\",\"jobTitle\":\"R\u00e9dacteur en chef \u00b7 Web & Communication\",\"knowsAbout\":[\"Web\",\"Communication\"],\"email\":\"theo.r@clickbuzz.fr\"}]}<\/script>\n<!-- \/ Yoast SEO Premium plugin. -->","yoast_head_json":{"title":"comment g\u00e9rer son stress","description":"G\u00e9rer son stress ne se r\u00e9sume pas \u00e0 se d\u00e9tendre : une comp\u00e9tence qui s'entretient, avec des gestes concrets pour mieux dormir, s'organiser et s'apaiser.","robots":{"index":"index","follow":"follow","max-snippet":"max-snippet:-1","max-image-preview":"max-image-preview:large","max-video-preview":"max-video-preview:-1"},"canonical":"https:\/\/com-quotidiens.fr\/blog\/a-la-une\/comment-gerer-son-stress\/","og_locale":"fr_FR","og_type":"article","og_title":"comment g\u00e9rer son stress","og_description":"G\u00e9rer son stress ne se r\u00e9sume pas \u00e0 se d\u00e9tendre : une comp\u00e9tence qui s'entretient, avec des gestes concrets pour mieux dormir, s'organiser et s'apaiser.","og_url":"https:\/\/com-quotidiens.fr\/blog\/a-la-une\/comment-gerer-son-stress\/","og_site_name":"com-quotidiens","og_image":[{"width":1200,"height":500,"url":"https:\/\/com-quotidiens.fr\/blog\/wp-content\/uploads\/2025\/10\/sdxl-f0d2832e56fbdcb579bfb295a6f2504d-scaled.png","type":"image\/png"}],"author":"Th\u00e9o R.","twitter_card":"summary_large_image","schema":{"@context":"https:\/\/schema.org","@graph":[{"@type":"NewsArticle","@id":"https:\/\/com-quotidiens.fr\/blog\/a-la-une\/comment-gerer-son-stress\/#article","isPartOf":{"@id":"https:\/\/com-quotidiens.fr\/blog\/a-la-une\/comment-gerer-son-stress\/"},"author":{"name":"Th\u00e9o R.","@id":"https:\/\/com-quotidiens.fr\/blog\/#\/schema\/person\/3c864cdc320801e3db34b663e7e3f816"},"headline":"comment g\u00e9rer son stress","datePublished":"2026-06-19T11:44:44+00:00","mainEntityOfPage":{"@id":"https:\/\/com-quotidiens.fr\/blog\/a-la-une\/comment-gerer-son-stress\/"},"wordCount":1531,"commentCount":0,"publisher":{"@id":"https:\/\/com-quotidiens.fr\/blog\/#organization"},"image":{"@id":"https:\/\/com-quotidiens.fr\/blog\/a-la-une\/comment-gerer-son-stress\/#primaryimage"},"thumbnailUrl":"https:\/\/com-quotidiens.fr\/blog\/wp-content\/uploads\/2025\/10\/sdxl-f0d2832e56fbdcb579bfb295a6f2504d-scaled.png","keywords":["bienetre","gestion stress","Relaxation"],"articleSection":["\u00c0 la une"],"inLanguage":"fr-FR","potentialAction":[{"@type":"CommentAction","name":"Comment","target":["https:\/\/com-quotidiens.fr\/blog\/a-la-une\/comment-gerer-son-stress\/#respond"]}]},{"@type":"WebPage","@id":"https:\/\/com-quotidiens.fr\/blog\/a-la-une\/comment-gerer-son-stress\/","url":"https:\/\/com-quotidiens.fr\/blog\/a-la-une\/comment-gerer-son-stress\/","name":"comment g\u00e9rer son stress","isPartOf":{"@id":"https:\/\/com-quotidiens.fr\/blog\/#website"},"primaryImageOfPage":{"@id":"https:\/\/com-quotidiens.fr\/blog\/a-la-une\/comment-gerer-son-stress\/#primaryimage"},"image":{"@id":"https:\/\/com-quotidiens.fr\/blog\/a-la-une\/comment-gerer-son-stress\/#primaryimage"},"thumbnailUrl":"https:\/\/com-quotidiens.fr\/blog\/wp-content\/uploads\/2025\/10\/sdxl-f0d2832e56fbdcb579bfb295a6f2504d-scaled.png","datePublished":"2026-06-19T11:44:44+00:00","description":"G\u00e9rer son stress ne se r\u00e9sume pas \u00e0 se d\u00e9tendre : une comp\u00e9tence qui s'entretient, avec des gestes concrets pour mieux dormir, s'organiser et s'apaiser.","inLanguage":"fr-FR","potentialAction":[{"@type":"ReadAction","target":["https:\/\/com-quotidiens.fr\/blog\/a-la-une\/comment-gerer-son-stress\/"]}]},{"@type":"ImageObject","inLanguage":"fr-FR","@id":"https:\/\/com-quotidiens.fr\/blog\/a-la-une\/comment-gerer-son-stress\/#primaryimage","url":"https:\/\/com-quotidiens.fr\/blog\/wp-content\/uploads\/2025\/10\/sdxl-f0d2832e56fbdcb579bfb295a6f2504d-scaled.png","contentUrl":"https:\/\/com-quotidiens.fr\/blog\/wp-content\/uploads\/2025\/10\/sdxl-f0d2832e56fbdcb579bfb295a6f2504d-scaled.png","width":1200,"height":500},{"@type":"WebSite","@id":"https:\/\/com-quotidiens.fr\/blog\/#website","url":"https:\/\/com-quotidiens.fr\/blog\/","name":"com-quotidiens.fr","description":"Com Quotidiens, l&#039;info communication au quotidien","publisher":{"@id":"https:\/\/com-quotidiens.fr\/blog\/#organization"},"alternateName":"Com Quotidiens, l'info communication au quotidien","potentialAction":[{"@type":"SearchAction","target":{"@type":"EntryPoint","urlTemplate":"https:\/\/com-quotidiens.fr\/blog\/?s={search_term_string}"},"query-input":{"@type":"PropertyValueSpecification","valueRequired":true,"valueName":"search_term_string"}}],"inLanguage":"fr-FR"},{"@type":"Organization","@id":"https:\/\/com-quotidiens.fr\/blog\/#organization","name":"Foretsensations.fr","url":"https:\/\/com-quotidiens.fr\/blog\/","logo":{"@type":"ImageObject","inLanguage":"fr-FR","@id":"https:\/\/com-quotidiens.fr\/blog\/#\/schema\/logo\/image\/","url":"https:\/\/com-quotidiens.fr\/blog\/wp-content\/uploads\/2024\/12\/26.png","contentUrl":"https:\/\/com-quotidiens.fr\/blog\/wp-content\/uploads\/2024\/12\/26.png","width":500,"height":500,"caption":"Foretsensations.fr"},"image":{"@id":"https:\/\/com-quotidiens.fr\/blog\/#\/schema\/logo\/image\/"}},{"@type":"Person","@id":"https:\/\/com-quotidiens.fr\/blog\/#\/schema\/person\/3c864cdc320801e3db34b663e7e3f816","name":"Th\u00e9o R.","image":{"@type":"ImageObject","inLanguage":"fr-FR","@id":"https:\/\/com-quotidiens.fr\/blog\/#\/schema\/person\/image\/","url":"https:\/\/com-quotidiens.fr\/blog\/wp-content\/uploads\/2026\/06\/persona_theo-r-96x96.jpg","contentUrl":"https:\/\/com-quotidiens.fr\/blog\/wp-content\/uploads\/2026\/06\/persona_theo-r-96x96.jpg","caption":"Th\u00e9o R."},"description":"Le web et la communication sont mon m\u00e9tier depuis une dizaine d'ann\u00e9es, entre r\u00e9daction, strat\u00e9gie de contenu et accompagnement de projets en ligne. J'\u00e9cris sur la cr\u00e9ation de site, le marketing digital, l'image de marque et le m\u00e9tier de r\u00e9dacteur web, avec l'envie de rendre ces sujets concrets pour les ind\u00e9pendants et les petites entreprises. J'aime expliquer comment se construit une pr\u00e9sence en ligne cr\u00e9dible, du choix des mots \u00e0 la coh\u00e9rence visuelle, sans recourir au jargon d'agence. Avant de recommander une m\u00e9thode ou un outil, je l'\u00e9prouve sur le terrain et je distingue ce qui marche vraiment des promesses \u00e0 la mode. Je me m\u00e9fie des recettes miracles en marketing, car aucune ne dispense de travail et de r\u00e9gularit\u00e9. Mon angle : donner des rep\u00e8res solides pour communiquer juste et b\u00e2tir une marque qui dure, \u00e0 hauteur de budgets r\u00e9els et d'\u00e9quipes r\u00e9duites.","url":"https:\/\/com-quotidiens.fr\/blog\/auteur\/noname\/","jobTitle":"R\u00e9dacteur en chef \u00b7 Web & Communication","knowsAbout":["Web","Communication"],"email":"theo.r@clickbuzz.fr"}]}},"_links":{"self":[{"href":"https:\/\/com-quotidiens.fr\/blog\/wp-json\/wp\/v2\/posts\/7499","targetHints":{"allow":["GET"]}}],"collection":[{"href":"https:\/\/com-quotidiens.fr\/blog\/wp-json\/wp\/v2\/posts"}],"about":[{"href":"https:\/\/com-quotidiens.fr\/blog\/wp-json\/wp\/v2\/types\/post"}],"author":[{"embeddable":true,"href":"https:\/\/com-quotidiens.fr\/blog\/wp-json\/wp\/v2\/users\/34"}],"replies":[{"embeddable":true,"href":"https:\/\/com-quotidiens.fr\/blog\/wp-json\/wp\/v2\/comments?post=7499"}],"version-history":[{"count":2,"href":"https:\/\/com-quotidiens.fr\/blog\/wp-json\/wp\/v2\/posts\/7499\/revisions"}],"predecessor-version":[{"id":7613,"href":"https:\/\/com-quotidiens.fr\/blog\/wp-json\/wp\/v2\/posts\/7499\/revisions\/7613"}],"wp:featuredmedia":[{"embeddable":true,"href":"https:\/\/com-quotidiens.fr\/blog\/wp-json\/wp\/v2\/media\/7519"}],"wp:attachment":[{"href":"https:\/\/com-quotidiens.fr\/blog\/wp-json\/wp\/v2\/media?parent=7499"}],"wp:term":[{"taxonomy":"category","embeddable":true,"href":"https:\/\/com-quotidiens.fr\/blog\/wp-json\/wp\/v2\/categories?post=7499"},{"taxonomy":"post_tag","embeddable":true,"href":"https:\/\/com-quotidiens.fr\/blog\/wp-json\/wp\/v2\/tags?post=7499"}],"curies":[{"name":"wp","href":"https:\/\/api.w.org\/{rel}","templated":true}]}}