{"id":7496,"date":"2026-06-19T13:54:53","date_gmt":"2026-06-19T11:54:53","guid":{"rendered":"https:\/\/com-quotidiens.fr\/blog\/?p=7496"},"modified":"2026-06-19T13:54:53","modified_gmt":"2026-06-19T11:54:53","slug":"communication-non-violente-comment-favoriser-lecoute-et-le-respect-mutuel","status":"publish","type":"post","link":"https:\/\/com-quotidiens.fr\/blog\/communication-professionnelle\/communication-non-violente-comment-favoriser-lecoute-et-le-respect-mutuel\/","title":{"rendered":"Communication Non Violente : Comment favoriser l\u2019\u00e9coute et le respect mutuel"},"content":{"rendered":"<link rel=\"stylesheet\" href=\"https:\/\/fonts.googleapis.com\/css2?family=Fraunces:opsz,wght@9..144,600;9..144,700;9..144,900&#038;family=Inter:wght@400;500;600&#038;family=JetBrains+Mono:wght@500&#038;display=swap\">\n<style>\n.cnv-brief-wrap{font-family:'Inter',-apple-system,BlinkMacSystemFont,sans-serif;color:#2a2724;line-height:1.65;font-size:17px}\n.cnv-brief-wrap h1,.cnv-brief-wrap h2,.cnv-brief-wrap h3{font-family:'Fraunces','Georgia',serif;color:#1f2a26;letter-spacing:-0.015em;line-height:1.18}\n.cnv-brief-wrap h1{font-size:clamp(28px,4.4vw,42px);font-weight:900;margin:0 0 18px}\n.cnv-brief-wrap h2{font-size:clamp(23px,3.2vw,32px);font-weight:700;margin:48px 0 16px}\n.cnv-brief-wrap h3{font-size:clamp(18px,2.2vw,21px);font-weight:600;margin:0 0 8px}\n.cnv-brief-wrap p{margin:0 0 18px}\n.cnv-brief-wrap a{color:#0c6e5d;text-decoration:underline;text-underline-offset:2px}\n.cnv-brief-kicker{font-family:'JetBrains Mono',monospace;font-size:12px;font-weight:500;letter-spacing:.12em;text-transform:uppercase;color:#0c6e5d;display:block;margin-bottom:6px}\n.cnv-brief-lead{font-size:19px;color:#4a463f;border-left:3px solid #d8cdbb;padding-left:16px;margin:0 0 30px}\n.cnv-brief-answer{background:linear-gradient(135deg,#f1f7f4,#e8f2ec);border:1px solid #cfe5da;border-left:5px solid #0c6e5d;border-radius:0 12px 12px 0;padding:22px 26px;margin:0 0 40px}\n.cnv-brief-answer .cnv-brief-kicker{margin-bottom:10px}\n.cnv-brief-answer .cnv-brief-txt{font-size:17px;color:#2a2724;margin-bottom:14px}\n.cnv-brief-answer ul{margin:0;padding:0;list-style:none}\n.cnv-brief-answer li{position:relative;padding-left:24px;margin:8px 0;font-size:15.5px;color:#33302b}\n.cnv-brief-answer li::before{content:\"\u2192\";position:absolute;left:0;color:#0c6e5d;font-weight:700}\n.cnv-brief-grid{display:grid;grid-template-columns:repeat(auto-fit,minmax(240px,1fr));gap:22px;margin:26px 0 8px}\n.cnv-brief-card{background:#fff;border:1px solid #e7dfd1;border-top:3px solid #0c6e5d;border-radius:12px;padding:22px 24px;transition:.25s ease;box-shadow:0 1px 2px rgba(31,42,38,.04)}\n.cnv-brief-card:hover{transform:translateY(-3px);box-shadow:0 1px 2px rgba(31,42,38,.05),0 16px 30px -18px rgba(12,110,93,.45);border-color:#cfe5da}\n.cnv-brief-card .cnv-brief-num{font-family:'JetBrains Mono',monospace;font-size:13px;color:#a89878;font-weight:500}\n.cnv-brief-card .cnv-brief-txt{font-size:15.5px;color:#4a463f;margin-top:6px}\n.cnv-brief-duo{display:grid;grid-template-columns:repeat(auto-fit,minmax(260px,1fr));gap:22px;margin:26px 0}\n.cnv-brief-pole{background:#fbf8f2;border:1px solid #e7dfd1;border-radius:12px;padding:22px 24px}\n.cnv-brief-pole .cnv-brief-emoji{font-size:28px;display:block;margin-bottom:6px}\n.cnv-brief-pole.cnv-brief-girafe{border-left:5px solid #0c6e5d}\n.cnv-brief-pole.cnv-brief-chacal{border-left:5px solid #b8763a}\n.cnv-brief-pole .cnv-brief-txt{font-size:15.5px;color:#4a463f}\n.cnv-brief-quote{font-family:'Fraunces',serif;font-size:clamp(20px,2.6vw,26px);font-style:italic;color:#1f2a26;border-left:4px solid #0c6e5d;padding:6px 0 6px 22px;margin:34px 0}\n.cnv-brief-attn{background:#fdf6ec;border:1px solid #ecd9b8;border-radius:12px;padding:20px 24px;margin:30px 0}\n.cnv-brief-attn .cnv-brief-kicker{color:#b8763a}\n.cnv-brief-attn .cnv-brief-txt{font-size:15.5px;color:#4a463f}\n.cnv-brief-attn ul{margin:8px 0 0;padding-left:20px}\n.cnv-brief-attn li{margin:6px 0;font-size:15.5px;color:#4a463f}\n.cnv-brief-retain{background:#1f2a26;color:#eef3f1;border-radius:14px;padding:26px 28px;margin:40px 0}\n.cnv-brief-retain .cnv-brief-kicker{color:#7fd0bc}\n.cnv-brief-retain ul{margin:6px 0 0;padding:0;list-style:none}\n.cnv-brief-retain li{position:relative;padding-left:26px;margin:11px 0;font-size:16px;color:#eef3f1!important}\n.cnv-brief-retain li::before{content:\"\u2713\";position:absolute;left:0;color:#7fd0bc;font-weight:700}\n.cnv-brief-retain strong,.cnv-brief-retain b{color:#fff!important}\n.cnv-brief-retain a,.cnv-brief-retain span{color:#eef3f1!important}\n.cnv-brief-res{background:#faf7f1;border:1px solid #e7dfd1;border-radius:14px;padding:24px 26px;margin:34px 0}\n.cnv-brief-res h3{color:#0c6e5d}\n.cnv-brief-rescard{background:#fff;border:1px solid #e7dfd1;border-left:3px solid #0c6e5d;border-radius:10px;padding:16px 18px;margin:14px 0}\n.cnv-brief-rescard .cnv-brief-txt{font-size:14.5px;color:#4a463f;line-height:1.6}\n.cnv-brief-faq details{border:1px solid #e7dfd1;border-radius:10px;padding:4px 18px;margin:12px 0;background:#fff;transition:.25s ease}\n.cnv-brief-faq details[open]{border-color:#cfe5da;box-shadow:0 12px 26px -18px rgba(12,110,93,.4)}\n.cnv-brief-faq summary{font-family:'Fraunces',serif;font-weight:600;font-size:17.5px;color:#1f2a26;cursor:pointer;padding:14px 0;list-style:none}\n.cnv-brief-faq summary::-webkit-details-marker{display:none}\n.cnv-brief-faq summary::before{content:\"+\";color:#0c6e5d;font-weight:700;margin-right:10px}\n.cnv-brief-faq details[open] summary::before{content:\"\u2013\"}\n.cnv-brief-faq .cnv-brief-txt{font-size:15.5px;color:#4a463f;padding:0 0 16px 24px}\n<\/style>\n<div class=\"cnv-brief-wrap\">\n<h1>Communication Non Violente : comment favoriser l&rsquo;\u00e9coute et le respect mutuel<\/h1>\n<div class=\"cnv-brief-lead\">D\u00e9crire une situation sans la juger, nommer ce que l&rsquo;on ressent, identifier le besoin derri\u00e8re l&rsquo;\u00e9motion, puis formuler une demande claire : c&rsquo;est tout le sens de la Communication Non Violente (CNV). Une m\u00e9thode de dialogue con\u00e7ue pour d\u00e9samorcer les conflits et r\u00e9tablir l&rsquo;\u00e9coute, au travail comme \u00e0 la maison.<\/div>\n<div class=\"cnv-brief-answer\">\n  <span class=\"cnv-brief-kicker\">En bref<\/span><\/p>\n<div class=\"cnv-brief-txt\">La <strong>Communication Non Violente<\/strong> est un processus de dialogue formalis\u00e9 par le psychologue am\u00e9ricain <strong>Marshall Rosenberg<\/strong>. Elle vise \u00e0 instaurer un climat d&rsquo;\u00e9coute, d&rsquo;authenticit\u00e9 et de respect mutuel en s&rsquo;appuyant sur quatre \u00e9tapes : <strong>Observation, Sentiment, Besoin, Demande<\/strong> (le processus OSBD). Son but n&rsquo;est pas d&rsquo;avoir raison, mais de relier les personnes en clarifiant ce que chacun vit et attend vraiment.<\/div>\n<ul>\n<li>Invent\u00e9e par Marshall Rosenberg, qui a fond\u00e9 le Center for Nonviolent Communication (CNVC).<\/li>\n<li>Quatre piliers : <strong>O<\/strong>bservation, <strong>S<\/strong>entiment, <strong>B<\/strong>esoin, <strong>D<\/strong>emande.<\/li>\n<li>Deux postures symboliques : la <strong>girafe<\/strong> (empathie) et le <strong>chacal<\/strong> (jugement).<\/li>\n<li>Objectif : r\u00e9duire la violence des \u00e9changes et favoriser la coop\u00e9ration, pas \u00ab gagner \u00bb l&rsquo;\u00e9change.<\/li>\n<\/ul>\n<\/div>\n<h2>Qu&rsquo;est-ce que la Communication Non Violente ?<\/h2>\n<p>La <strong>communication non violente<\/strong> se d\u00e9finit comme un processus de dialogue visant \u00e0 cr\u00e9er un climat d&rsquo;\u00e9coute, d&rsquo;authenticit\u00e9 et de respect mutuel. Elle s&rsquo;inscrit dans l&rsquo;h\u00e9ritage du mouvement <em>ahimsa<\/em> (non-violence) de Gandhi et s&rsquo;inspire des travaux du psychologue <strong>Carl Rogers<\/strong> sur l&#8217;empathie et l&rsquo;\u00e9coute active.<\/p>\n<p>Son principe est simple \u00e0 \u00e9noncer, exigeant \u00e0 pratiquer : remplacer le r\u00e9flexe de juger, d&rsquo;exiger ou d&rsquo;accuser par une expression honn\u00eate de ce que l&rsquo;on observe, ressent, et de ce dont on a besoin. La CNV ne cherche pas \u00e0 \u00e9viter le d\u00e9saccord, mais \u00e0 le traiter sans agressivit\u00e9 ni soumission.<\/p>\n<div class=\"cnv-brief-quote\">\u00ab Ce que je veux dans ma vie, c&rsquo;est de la compassion, un flot entre moi et les autres qui se base sur une r\u00e9ciprocit\u00e9 du c\u0153ur. \u00bb \u2014 Marshall Rosenberg<\/div>\n<p>Voici une pr\u00e9sentation p\u00e9dagogique de la CNV par Marshall Rosenberg lui-m\u00eame, en version fran\u00e7aise.<\/p>\n<div style=\"border:1px solid #e7dfd1;border-radius:14px;padding:16px 18px;margin:22px 0;background:#fbf8f2;\">\n<div style=\"display:flex;align-items:center;gap:8px;margin-bottom:10px;\">\n    <span style=\"font-size:11px;font-weight:800;letter-spacing:.06em;color:#fff;background:#FF0000;padding:3px 9px;border-radius:6px;\">\u25b6 YouTube<\/span><br \/>\n    <span style=\"font-size:13px;color:#7a7468;font-weight:600;\">c\u00e9dric EULLIOT<\/span><br \/>\n    <span style=\"margin-left:auto;font-size:13px;color:#7a7468;\">310 k vues<\/span><\/div>\n<p>  <a href=\"https:\/\/www.youtube.com\/watch?v=fl-65RPE41Y\" target=\"_blank\" rel=\"noopener nofollow\" style=\"display:block;position:relative;border-radius:10px;overflow:hidden;\"><br \/>\n    <img decoding=\"async\" src=\"https:\/\/i.ytimg.com\/vi\/fl-65RPE41Y\/hqdefault.jpg?sqp=-oaymwFBCOADEI4CSFryq4qpAzMIARUAAIhCGAHYAQHiAQoIGBACGAY4AUAB8AEB-AHUBoAC4AOKAgwIABABGGUgVihXMA8=&#038;rs=AOn4CLB9XFSTAHGO3zqc7aTreGZQcfp8jw\" alt=\"Communication non violente avec Marshall Rosenberg (VF)\" style=\"width:100%;display:block;\"><br \/>\n    <span style=\"position:absolute;inset:0;display:flex;align-items:center;justify-content:center;background:rgba(0,0,0,.18);\"><br \/>\n    <span style=\"width:62px;height:62px;border-radius:50%;background:rgba(255,0,0,.92);color:#fff;font-size:24px;display:flex;align-items:center;justify-content:center;\">\u25b6<\/span><\/span><\/a><\/p>\n<div style=\"font-size:14px;color:#1a1a1a;font-weight:600;margin-top:10px;\">Communication non violente avec Marshall Rosenberg (VF)<\/div>\n<\/div>\n<h2>Les 4 piliers de la CNV : le processus OSBD<\/h2>\n<p>Le c\u0153ur de la m\u00e9thode tient en quatre \u00e9tapes, qui s&rsquo;encha\u00eenent dans un m\u00eame \u00e9change. C&rsquo;est ce que les praticiens appellent le processus <strong>OSBD<\/strong>. Chaque \u00e9tape se distingue de son pi\u00e8ge habituel : l&rsquo;observation s&rsquo;oppose au jugement, le sentiment au reproche, le besoin \u00e0 la strat\u00e9gie impos\u00e9e, la demande \u00e0 l&rsquo;exigence.<\/p>\n<div class=\"cnv-brief-grid\">\n<div class=\"cnv-brief-card\">\n    <span class=\"cnv-brief-num\">01<\/span><\/p>\n<h3>Observation<\/h3>\n<div class=\"cnv-brief-txt\">D\u00e9crire les faits concrets, sans interpr\u00e9tation ni jugement. On dit \u00ab le rapport n&rsquo;a pas \u00e9t\u00e9 livr\u00e9 \u00e0 la date pr\u00e9vue \u00bb plut\u00f4t que \u00ab tu es n\u00e9gligent \u00bb.<\/div>\n<\/p><\/div>\n<div class=\"cnv-brief-card\">\n    <span class=\"cnv-brief-num\">02<\/span><\/p>\n<h3>Sentiment<\/h3>\n<div class=\"cnv-brief-txt\">Nommer ce que l&rsquo;on ressent face \u00e0 la situation, sans en rendre l&rsquo;autre responsable : \u00ab je suis contrari\u00e9 \u00bb plut\u00f4t que \u00ab tu me d\u00e9\u00e7ois \u00bb.<\/div>\n<\/p><\/div>\n<div class=\"cnv-brief-card\">\n    <span class=\"cnv-brief-num\">03<\/span><\/p>\n<h3>Besoin<\/h3>\n<div class=\"cnv-brief-txt\">Relier l&rsquo;\u00e9motion au besoin universel qu&rsquo;elle r\u00e9v\u00e8le : reconnaissance, s\u00e9curit\u00e9, autonomie, clart\u00e9\u2026 Le besoin n&rsquo;est pas une exigence adress\u00e9e \u00e0 quelqu&rsquo;un.<\/div>\n<\/p><\/div>\n<div class=\"cnv-brief-card\">\n    <span class=\"cnv-brief-num\">04<\/span><\/p>\n<h3>Demande<\/h3>\n<div class=\"cnv-brief-txt\">Formuler une demande claire, concr\u00e8te et n\u00e9gociable : \u00ab pourrions-nous pr\u00e9voir un point d&rsquo;\u00e9tape hebdomadaire ? \u00bb plut\u00f4t qu&rsquo;un ordre d\u00e9guis\u00e9.<\/div>\n<\/p><\/div>\n<\/div>\n<h2>Girafe et chacal : deux fa\u00e7ons de parler<\/h2>\n<p>Pour rendre la m\u00e9thode tangible, Marshall Rosenberg a popularis\u00e9 deux figures animales qui incarnent les postures oppos\u00e9es du dialogue. La girafe \u2014 l&rsquo;animal terrestre au plus grand c\u0153ur, qui voit loin \u2014 symbolise l&rsquo;\u00e9coute empathique. Le chacal, lui, incarne le r\u00e9flexe de juger et d&rsquo;attaquer.<\/p>\n<div class=\"cnv-brief-duo\">\n<div class=\"cnv-brief-pole cnv-brief-girafe\">\n    <span class=\"cnv-brief-emoji\" aria-hidden=\"true\">\ud83e\udd92<\/span><\/p>\n<h3>La girafe<\/h3>\n<div class=\"cnv-brief-txt\">Le \u00ab langage du c\u0153ur \u00bb : \u00e9couter sans interrompre, reformuler, accueillir l&rsquo;\u00e9motion de l&rsquo;autre. Exemple : \u00ab j&rsquo;entends ton inqui\u00e9tude ; de quoi aurais-tu besoin pour te sentir plus \u00e0 l&rsquo;aise ? \u00bb<\/div>\n<\/p><\/div>\n<div class=\"cnv-brief-pole cnv-brief-chacal\">\n    <span class=\"cnv-brief-emoji\" aria-hidden=\"true\">\ud83d\udc3a<\/span><\/p>\n<h3>Le chacal<\/h3>\n<div class=\"cnv-brief-txt\">Le langage du jugement et de la critique : \u00ab tu es toujours en retard ! \u00bb. La CNV propose de le traduire en girafe : \u00ab quand tu arrives apr\u00e8s l&rsquo;heure, je me sens stress\u00e9 car j&rsquo;ai besoin de fiabilit\u00e9. \u00bb<\/div>\n<\/p><\/div>\n<\/div>\n<p>D&rsquo;autres outils compl\u00e8tent la pratique : l&rsquo;<strong>auto-empathie<\/strong> (reconna\u00eetre son propre agacement avant de r\u00e9pondre), la <strong>reformulation<\/strong> des non-dits, et le <strong>silence actif<\/strong>, cette pause qui laisse place \u00e0 l&rsquo;\u00e9coute plut\u00f4t qu&rsquo;\u00e0 la r\u00e9action.<\/p>\n<h2>Des exemples concrets au quotidien<\/h2>\n<p>La force de la CNV est de fonctionner dans tous les contextes relationnels. Voici comment une m\u00eame m\u00e9canique transforme trois situations courantes.<\/p>\n<ul>\n<li><strong>Conflit de couple.<\/strong> Au lieu de \u00ab tu gaspilles notre argent ! \u00bb, on exprime : \u00ab je ressens de l&rsquo;inqui\u00e9tude car j&rsquo;ai besoin de s\u00e9curit\u00e9 financi\u00e8re ; pourrait-on d\u00e9finir ensemble une strat\u00e9gie commune ? \u00bb<\/li>\n<li><strong>Tension avec un coll\u00e8gue.<\/strong> Plut\u00f4t que \u00ab tu refuses toujours les t\u00e2ches difficiles \u00bb, on reformule : \u00ab je me sens d\u00e9bord\u00e9 car j&rsquo;ai besoin de soutien ; pourrions-nous revoir ensemble le plan de charge ? \u00bb<\/li>\n<li><strong>D\u00e9saccord avec un enfant.<\/strong> \u00ab Tu prends mes affaires ! \u00bb devient \u00ab je suis frustr\u00e9 car j&rsquo;ai besoin qu&rsquo;on respecte mes affaires ; pourrais-tu me demander avant ? \u00bb<\/li>\n<\/ul>\n<p>Dans chaque cas, le passage du reproche \u00e0 l&rsquo;expression du besoin ouvre un espace de coop\u00e9ration l\u00e0 o\u00f9 la critique fermait la discussion.<\/p>\n<h2>Limites et id\u00e9es re\u00e7ues sur la CNV<\/h2>\n<p>La CNV n&rsquo;est ni une formule magique ni une technique \u00e0 r\u00e9citer. Bien comprise, elle reste un outil parmi d&rsquo;autres pour mieux dialoguer ; mal appliqu\u00e9e, elle peut produire l&rsquo;inverse de l&rsquo;effet recherch\u00e9.<\/p>\n<div class=\"cnv-brief-attn\">\n  <span class=\"cnv-brief-kicker\">\u00c0 garder en t\u00eate<\/span><\/p>\n<div class=\"cnv-brief-txt\">Quelques pi\u00e8ges fr\u00e9quents relev\u00e9s par les praticiens :<\/div>\n<ul>\n<li><strong>L&rsquo;application m\u00e9canique<\/strong> du \u00ab tu ressens\u2026 donc tu as besoin de\u2026 \u00bb peut sonner artificiel et d\u00e9shumaniser l&rsquo;\u00e9change.<\/li>\n<li>La CNV trouve ses <strong>limites face \u00e0 la violence structurelle<\/strong> ou \u00e0 des rapports de pouvoir tr\u00e8s d\u00e9s\u00e9quilibr\u00e9s : elle ne remplace pas une protection ou une m\u00e9diation cadr\u00e9e.<\/li>\n<li>Les <strong>codes culturels diff\u00e8rent<\/strong> : l&rsquo;expression directe des \u00e9motions ne se vit pas de la m\u00eame mani\u00e8re partout, ce qui demande de l&rsquo;adaptation.<\/li>\n<li>Elle se cultive : une <strong>pratique r\u00e9guli\u00e8re<\/strong> et, si possible, un accompagnement valent mieux qu&rsquo;une lecture ponctuelle.<\/li>\n<\/ul>\n<\/div>\n<h2>\u00c0 retenir<\/h2>\n<div class=\"cnv-brief-retain\">\n  <span class=\"cnv-brief-kicker\">L&rsquo;essentiel<\/span><\/p>\n<ul>\n<li>La CNV, formalis\u00e9e par <strong>Marshall Rosenberg<\/strong>, vise l&rsquo;\u00e9coute et le respect mutuel, pas la victoire dans l&rsquo;\u00e9change.<\/li>\n<li>Sa colonne vert\u00e9brale est le processus <strong>OSBD<\/strong> : observer sans juger, exprimer son sentiment, nommer son besoin, formuler une demande claire.<\/li>\n<li>Les images de la <strong>girafe<\/strong> (empathie) et du <strong>chacal<\/strong> (jugement) aident \u00e0 rep\u00e9rer sa propre posture.<\/li>\n<li>C&rsquo;est un <strong>entra\u00eenement<\/strong> : auto-empathie, reformulation et silence actif s&rsquo;acqui\u00e8rent avec la pratique.<\/li>\n<li>Outil pr\u00e9cieux mais non universel : \u00e0 combiner avec d&rsquo;autres approches selon le contexte.<\/li>\n<\/ul>\n<\/div>\n<div class=\"cnv-brief-res\">\n<h3>Se former \u00e0 la CNV<\/h3>\n<div class=\"cnv-brief-rescard\">\n<div class=\"cnv-brief-txt\"><strong>AGECIF<\/strong> \u2014 22 rue de Picardie, 75003 Paris. Formation \u00ab \u00c9couter et se faire entendre avec la Communication Non Violente \u00bb, cycle de 2 jours. <a href=\"https:\/\/agecif.com\" rel=\"nofollow\">agecif.com<\/a><\/div>\n<\/p><\/div>\n<div class=\"cnv-brief-rescard\">\n<div class=\"cnv-brief-txt\"><strong>CFPJ<\/strong> \u2014 35 rue du Louvre, 75002 Paris. \u00ab Am\u00e9liorer son relationnel gr\u00e2ce \u00e0 la communication non-violente \u00bb, 21h sur 3 jours, en pr\u00e9sentiel ou \u00e0 distance. <a href=\"https:\/\/cfpj.com\" rel=\"nofollow\">cfpj.com<\/a><\/div>\n<\/p><\/div>\n<div class=\"cnv-brief-rescard\">\n<div class=\"cnv-brief-txt\"><strong>La Coop CNV<\/strong> \u2014 Coop\u00e9rative proposant interventions, formations et webinaires pour entreprises et particuliers toute l&rsquo;ann\u00e9e. Ressource recommand\u00e9e : l&rsquo;ouvrage \u00ab 50 exercices de Communication NonViolente \u00bb. <a href=\"https:\/\/lacoopcnv.com\" rel=\"nofollow\">lacoopcnv.com<\/a><\/div>\n<\/p><\/div>\n<\/div>\n<h2>FAQ \u2014 Communication Non Violente<\/h2>\n<div class=\"cnv-brief-faq\">\n<details>\n<summary>Quels sont les 4 piliers de la CNV ?<\/summary>\n<div class=\"cnv-brief-txt\">Ce sont les quatre \u00e9tapes du processus OSBD : l&rsquo;<strong>Observation<\/strong> (d\u00e9crire les faits sans juger), le <strong>Sentiment<\/strong> (nommer ce que l&rsquo;on ressent), le <strong>Besoin<\/strong> (identifier le besoin derri\u00e8re l&rsquo;\u00e9motion) et la <strong>Demande<\/strong> (formuler une requ\u00eate claire et n\u00e9gociable).<\/div>\n<\/details>\n<details>\n<summary>Quel est le but de la communication non violente ?<\/summary>\n<div class=\"cnv-brief-txt\">Son but est de cr\u00e9er une qualit\u00e9 de relation et de compr\u00e9hension mutuelle qui permette de satisfaire les besoins de chacun. Il ne s&rsquo;agit pas d&rsquo;avoir raison ni d&rsquo;imposer son point de vue, mais de relier les personnes et de r\u00e9duire la violence \u2014 verbale ou \u00e9motionnelle \u2014 des \u00e9changes.<\/div>\n<\/details>\n<details>\n<summary>Qui a invent\u00e9 le concept de CNV ?<\/summary>\n<div class=\"cnv-brief-txt\">La Communication Non Violente a \u00e9t\u00e9 d\u00e9velopp\u00e9e par le psychologue am\u00e9ricain <strong>Marshall Rosenberg<\/strong>, qui a fond\u00e9 le Center for Nonviolent Communication (CNVC). Sa d\u00e9marche s&rsquo;inspire de la non-violence (<em>ahimsa<\/em>) de Gandhi et des travaux de Carl Rogers sur l&#8217;empathie.<\/div>\n<\/details>\n<details>\n<summary>Que signifient la girafe et le chacal en CNV ?<\/summary>\n<div class=\"cnv-brief-txt\">Ce sont deux m\u00e9taphores : la <strong>girafe<\/strong> repr\u00e9sente le langage de l&#8217;empathie et de l&rsquo;\u00e9coute du c\u0153ur, tandis que le <strong>chacal<\/strong> symbolise le langage du jugement, de la critique et de l&rsquo;exigence. La CNV invite \u00e0 \u00ab traduire \u00bb nos r\u00e9flexes chacal en expressions girafe.<\/div>\n<\/details>\n<\/div>\n<\/div>\n","protected":false},"excerpt":{"rendered":"","protected":false},"author":34,"featured_media":7513,"comment_status":"open","ping_status":"open","sticky":false,"template":"","format":"standard","meta":{"_acf_changed":false,"manual_indexmenow":false,"indexmenow_id_project":0,"footnotes":""},"categories":[4523],"tags":[4657,4658,4659],"class_list":["post-7496","post","type-post","status-publish","format-standard","has-post-thumbnail","hentry","category-communication-professionnelle","tag-communication-non-violente","tag-coute-active","tag-respect-mutuel","generate-columns","tablet-grid-50","mobile-grid-100","grid-parent","grid-25"],"acf":[],"yoast_head":"<!-- This site is optimized with the Yoast SEO Premium plugin v21.3 (Yoast SEO v25.6) - https:\/\/yoast.com\/wordpress\/plugins\/seo\/ -->\n<title>Communication non violente : favoriser \u00e9coute et respect<\/title>\n<meta name=\"description\" content=\"La communication non violente se d\u00e9finit comme un processus de dialogue visant \u00e0 cr\u00e9er un climat d&#039;\u00e9coute, d&#039;authenticit\u00e9 et de respect mutuel.\" \/>\n<meta name=\"robots\" content=\"index, follow, max-snippet:-1, max-image-preview:large, max-video-preview:-1\" \/>\n<link rel=\"canonical\" href=\"https:\/\/com-quotidiens.fr\/blog\/communication-professionnelle\/communication-non-violente-comment-favoriser-lecoute-et-le-respect-mutuel\/\" \/>\n<meta property=\"og:locale\" content=\"fr_FR\" \/>\n<meta property=\"og:type\" content=\"article\" \/>\n<meta property=\"og:title\" content=\"Communication non violente : favoriser \u00e9coute et respect\" \/>\n<meta property=\"og:description\" content=\"La communication non violente se d\u00e9finit comme un processus de dialogue visant \u00e0 cr\u00e9er un climat d&#039;\u00e9coute, d&#039;authenticit\u00e9 et de respect mutuel.\" \/>\n<meta property=\"og:url\" content=\"https:\/\/com-quotidiens.fr\/blog\/communication-professionnelle\/communication-non-violente-comment-favoriser-lecoute-et-le-respect-mutuel\/\" \/>\n<meta property=\"og:site_name\" content=\"com-quotidiens\" \/>\n<meta property=\"og:image\" content=\"https:\/\/com-quotidiens.fr\/blog\/wp-content\/uploads\/2025\/10\/sdxl-6e963bedbcd1fd74b44fd2ac0d0d2848-scaled.png\" \/>\n\t<meta property=\"og:image:width\" content=\"1200\" \/>\n\t<meta property=\"og:image:height\" content=\"500\" \/>\n\t<meta property=\"og:image:type\" content=\"image\/png\" \/>\n<meta name=\"author\" content=\"Th\u00e9o R.\" \/>\n<meta name=\"twitter:card\" content=\"summary_large_image\" \/>\n<script type=\"application\/ld+json\" class=\"yoast-schema-graph\">{\"@context\":\"https:\/\/schema.org\",\"@graph\":[{\"@type\":\"NewsArticle\",\"@id\":\"https:\/\/com-quotidiens.fr\/blog\/communication-professionnelle\/communication-non-violente-comment-favoriser-lecoute-et-le-respect-mutuel\/#article\",\"isPartOf\":{\"@id\":\"https:\/\/com-quotidiens.fr\/blog\/communication-professionnelle\/communication-non-violente-comment-favoriser-lecoute-et-le-respect-mutuel\/\"},\"author\":{\"name\":\"Th\u00e9o R.\",\"@id\":\"https:\/\/com-quotidiens.fr\/blog\/#\/schema\/person\/3c864cdc320801e3db34b663e7e3f816\"},\"headline\":\"Communication Non Violente : Comment favoriser l\u2019\u00e9coute et le respect mutuel\",\"datePublished\":\"2026-06-19T11:54:53+00:00\",\"mainEntityOfPage\":{\"@id\":\"https:\/\/com-quotidiens.fr\/blog\/communication-professionnelle\/communication-non-violente-comment-favoriser-lecoute-et-le-respect-mutuel\/\"},\"wordCount\":1419,\"commentCount\":0,\"publisher\":{\"@id\":\"https:\/\/com-quotidiens.fr\/blog\/#organization\"},\"image\":{\"@id\":\"https:\/\/com-quotidiens.fr\/blog\/communication-professionnelle\/communication-non-violente-comment-favoriser-lecoute-et-le-respect-mutuel\/#primaryimage\"},\"thumbnailUrl\":\"https:\/\/com-quotidiens.fr\/blog\/wp-content\/uploads\/2025\/10\/sdxl-6e963bedbcd1fd74b44fd2ac0d0d2848-scaled.png\",\"keywords\":[\"communication non violente\",\"coute active\",\"respect mutuel\"],\"articleSection\":[\"Communication Professionnelle\"],\"inLanguage\":\"fr-FR\",\"potentialAction\":[{\"@type\":\"CommentAction\",\"name\":\"Comment\",\"target\":[\"https:\/\/com-quotidiens.fr\/blog\/communication-professionnelle\/communication-non-violente-comment-favoriser-lecoute-et-le-respect-mutuel\/#respond\"]}]},{\"@type\":\"WebPage\",\"@id\":\"https:\/\/com-quotidiens.fr\/blog\/communication-professionnelle\/communication-non-violente-comment-favoriser-lecoute-et-le-respect-mutuel\/\",\"url\":\"https:\/\/com-quotidiens.fr\/blog\/communication-professionnelle\/communication-non-violente-comment-favoriser-lecoute-et-le-respect-mutuel\/\",\"name\":\"Communication non violente : favoriser \u00e9coute et respect\",\"isPartOf\":{\"@id\":\"https:\/\/com-quotidiens.fr\/blog\/#website\"},\"primaryImageOfPage\":{\"@id\":\"https:\/\/com-quotidiens.fr\/blog\/communication-professionnelle\/communication-non-violente-comment-favoriser-lecoute-et-le-respect-mutuel\/#primaryimage\"},\"image\":{\"@id\":\"https:\/\/com-quotidiens.fr\/blog\/communication-professionnelle\/communication-non-violente-comment-favoriser-lecoute-et-le-respect-mutuel\/#primaryimage\"},\"thumbnailUrl\":\"https:\/\/com-quotidiens.fr\/blog\/wp-content\/uploads\/2025\/10\/sdxl-6e963bedbcd1fd74b44fd2ac0d0d2848-scaled.png\",\"datePublished\":\"2026-06-19T11:54:53+00:00\",\"description\":\"La communication non violente se d\u00e9finit comme un processus de dialogue visant \u00e0 cr\u00e9er un climat d'\u00e9coute, d'authenticit\u00e9 et de respect mutuel.\",\"inLanguage\":\"fr-FR\",\"potentialAction\":[{\"@type\":\"ReadAction\",\"target\":[\"https:\/\/com-quotidiens.fr\/blog\/communication-professionnelle\/communication-non-violente-comment-favoriser-lecoute-et-le-respect-mutuel\/\"]}]},{\"@type\":\"ImageObject\",\"inLanguage\":\"fr-FR\",\"@id\":\"https:\/\/com-quotidiens.fr\/blog\/communication-professionnelle\/communication-non-violente-comment-favoriser-lecoute-et-le-respect-mutuel\/#primaryimage\",\"url\":\"https:\/\/com-quotidiens.fr\/blog\/wp-content\/uploads\/2025\/10\/sdxl-6e963bedbcd1fd74b44fd2ac0d0d2848-scaled.png\",\"contentUrl\":\"https:\/\/com-quotidiens.fr\/blog\/wp-content\/uploads\/2025\/10\/sdxl-6e963bedbcd1fd74b44fd2ac0d0d2848-scaled.png\",\"width\":1200,\"height\":500},{\"@type\":\"WebSite\",\"@id\":\"https:\/\/com-quotidiens.fr\/blog\/#website\",\"url\":\"https:\/\/com-quotidiens.fr\/blog\/\",\"name\":\"com-quotidiens.fr\",\"description\":\"Com Quotidiens, l&#039;info communication au quotidien\",\"publisher\":{\"@id\":\"https:\/\/com-quotidiens.fr\/blog\/#organization\"},\"alternateName\":\"Com Quotidiens, l'info communication au quotidien\",\"potentialAction\":[{\"@type\":\"SearchAction\",\"target\":{\"@type\":\"EntryPoint\",\"urlTemplate\":\"https:\/\/com-quotidiens.fr\/blog\/?s={search_term_string}\"},\"query-input\":{\"@type\":\"PropertyValueSpecification\",\"valueRequired\":true,\"valueName\":\"search_term_string\"}}],\"inLanguage\":\"fr-FR\"},{\"@type\":\"Organization\",\"@id\":\"https:\/\/com-quotidiens.fr\/blog\/#organization\",\"name\":\"Foretsensations.fr\",\"url\":\"https:\/\/com-quotidiens.fr\/blog\/\",\"logo\":{\"@type\":\"ImageObject\",\"inLanguage\":\"fr-FR\",\"@id\":\"https:\/\/com-quotidiens.fr\/blog\/#\/schema\/logo\/image\/\",\"url\":\"https:\/\/com-quotidiens.fr\/blog\/wp-content\/uploads\/2024\/12\/26.png\",\"contentUrl\":\"https:\/\/com-quotidiens.fr\/blog\/wp-content\/uploads\/2024\/12\/26.png\",\"width\":500,\"height\":500,\"caption\":\"Foretsensations.fr\"},\"image\":{\"@id\":\"https:\/\/com-quotidiens.fr\/blog\/#\/schema\/logo\/image\/\"}},{\"@type\":\"Person\",\"@id\":\"https:\/\/com-quotidiens.fr\/blog\/#\/schema\/person\/3c864cdc320801e3db34b663e7e3f816\",\"name\":\"Th\u00e9o R.\",\"image\":{\"@type\":\"ImageObject\",\"inLanguage\":\"fr-FR\",\"@id\":\"https:\/\/com-quotidiens.fr\/blog\/#\/schema\/person\/image\/\",\"url\":\"https:\/\/com-quotidiens.fr\/blog\/wp-content\/uploads\/2026\/06\/persona_theo-r-96x96.jpg\",\"contentUrl\":\"https:\/\/com-quotidiens.fr\/blog\/wp-content\/uploads\/2026\/06\/persona_theo-r-96x96.jpg\",\"caption\":\"Th\u00e9o R.\"},\"description\":\"Le web et la communication sont mon m\u00e9tier depuis une dizaine d'ann\u00e9es, entre r\u00e9daction, strat\u00e9gie de contenu et accompagnement de projets en ligne. J'\u00e9cris sur la cr\u00e9ation de site, le marketing digital, l'image de marque et le m\u00e9tier de r\u00e9dacteur web, avec l'envie de rendre ces sujets concrets pour les ind\u00e9pendants et les petites entreprises. J'aime expliquer comment se construit une pr\u00e9sence en ligne cr\u00e9dible, du choix des mots \u00e0 la coh\u00e9rence visuelle, sans recourir au jargon d'agence. Avant de recommander une m\u00e9thode ou un outil, je l'\u00e9prouve sur le terrain et je distingue ce qui marche vraiment des promesses \u00e0 la mode. Je me m\u00e9fie des recettes miracles en marketing, car aucune ne dispense de travail et de r\u00e9gularit\u00e9. Mon angle : donner des rep\u00e8res solides pour communiquer juste et b\u00e2tir une marque qui dure, \u00e0 hauteur de budgets r\u00e9els et d'\u00e9quipes r\u00e9duites.\",\"url\":\"https:\/\/com-quotidiens.fr\/blog\/auteur\/noname\/\",\"jobTitle\":\"R\u00e9dacteur en chef \u00b7 Web & Communication\",\"knowsAbout\":[\"Web\",\"Communication\"],\"email\":\"theo.r@clickbuzz.fr\"}]}<\/script>\n<!-- \/ Yoast SEO Premium plugin. -->","yoast_head_json":{"title":"Communication non violente : favoriser \u00e9coute et respect","description":"La communication non violente se d\u00e9finit comme un processus de dialogue visant \u00e0 cr\u00e9er un climat d'\u00e9coute, d'authenticit\u00e9 et de respect mutuel.","robots":{"index":"index","follow":"follow","max-snippet":"max-snippet:-1","max-image-preview":"max-image-preview:large","max-video-preview":"max-video-preview:-1"},"canonical":"https:\/\/com-quotidiens.fr\/blog\/communication-professionnelle\/communication-non-violente-comment-favoriser-lecoute-et-le-respect-mutuel\/","og_locale":"fr_FR","og_type":"article","og_title":"Communication non violente : favoriser \u00e9coute et respect","og_description":"La communication non violente se d\u00e9finit comme un processus de dialogue visant \u00e0 cr\u00e9er un climat d'\u00e9coute, d'authenticit\u00e9 et de respect mutuel.","og_url":"https:\/\/com-quotidiens.fr\/blog\/communication-professionnelle\/communication-non-violente-comment-favoriser-lecoute-et-le-respect-mutuel\/","og_site_name":"com-quotidiens","og_image":[{"width":1200,"height":500,"url":"https:\/\/com-quotidiens.fr\/blog\/wp-content\/uploads\/2025\/10\/sdxl-6e963bedbcd1fd74b44fd2ac0d0d2848-scaled.png","type":"image\/png"}],"author":"Th\u00e9o R.","twitter_card":"summary_large_image","schema":{"@context":"https:\/\/schema.org","@graph":[{"@type":"NewsArticle","@id":"https:\/\/com-quotidiens.fr\/blog\/communication-professionnelle\/communication-non-violente-comment-favoriser-lecoute-et-le-respect-mutuel\/#article","isPartOf":{"@id":"https:\/\/com-quotidiens.fr\/blog\/communication-professionnelle\/communication-non-violente-comment-favoriser-lecoute-et-le-respect-mutuel\/"},"author":{"name":"Th\u00e9o R.","@id":"https:\/\/com-quotidiens.fr\/blog\/#\/schema\/person\/3c864cdc320801e3db34b663e7e3f816"},"headline":"Communication Non Violente : Comment favoriser l\u2019\u00e9coute et le respect mutuel","datePublished":"2026-06-19T11:54:53+00:00","mainEntityOfPage":{"@id":"https:\/\/com-quotidiens.fr\/blog\/communication-professionnelle\/communication-non-violente-comment-favoriser-lecoute-et-le-respect-mutuel\/"},"wordCount":1419,"commentCount":0,"publisher":{"@id":"https:\/\/com-quotidiens.fr\/blog\/#organization"},"image":{"@id":"https:\/\/com-quotidiens.fr\/blog\/communication-professionnelle\/communication-non-violente-comment-favoriser-lecoute-et-le-respect-mutuel\/#primaryimage"},"thumbnailUrl":"https:\/\/com-quotidiens.fr\/blog\/wp-content\/uploads\/2025\/10\/sdxl-6e963bedbcd1fd74b44fd2ac0d0d2848-scaled.png","keywords":["communication non violente","coute active","respect mutuel"],"articleSection":["Communication Professionnelle"],"inLanguage":"fr-FR","potentialAction":[{"@type":"CommentAction","name":"Comment","target":["https:\/\/com-quotidiens.fr\/blog\/communication-professionnelle\/communication-non-violente-comment-favoriser-lecoute-et-le-respect-mutuel\/#respond"]}]},{"@type":"WebPage","@id":"https:\/\/com-quotidiens.fr\/blog\/communication-professionnelle\/communication-non-violente-comment-favoriser-lecoute-et-le-respect-mutuel\/","url":"https:\/\/com-quotidiens.fr\/blog\/communication-professionnelle\/communication-non-violente-comment-favoriser-lecoute-et-le-respect-mutuel\/","name":"Communication non violente : favoriser \u00e9coute et respect","isPartOf":{"@id":"https:\/\/com-quotidiens.fr\/blog\/#website"},"primaryImageOfPage":{"@id":"https:\/\/com-quotidiens.fr\/blog\/communication-professionnelle\/communication-non-violente-comment-favoriser-lecoute-et-le-respect-mutuel\/#primaryimage"},"image":{"@id":"https:\/\/com-quotidiens.fr\/blog\/communication-professionnelle\/communication-non-violente-comment-favoriser-lecoute-et-le-respect-mutuel\/#primaryimage"},"thumbnailUrl":"https:\/\/com-quotidiens.fr\/blog\/wp-content\/uploads\/2025\/10\/sdxl-6e963bedbcd1fd74b44fd2ac0d0d2848-scaled.png","datePublished":"2026-06-19T11:54:53+00:00","description":"La communication non violente se d\u00e9finit comme un processus de dialogue visant \u00e0 cr\u00e9er un climat d'\u00e9coute, d'authenticit\u00e9 et de respect mutuel.","inLanguage":"fr-FR","potentialAction":[{"@type":"ReadAction","target":["https:\/\/com-quotidiens.fr\/blog\/communication-professionnelle\/communication-non-violente-comment-favoriser-lecoute-et-le-respect-mutuel\/"]}]},{"@type":"ImageObject","inLanguage":"fr-FR","@id":"https:\/\/com-quotidiens.fr\/blog\/communication-professionnelle\/communication-non-violente-comment-favoriser-lecoute-et-le-respect-mutuel\/#primaryimage","url":"https:\/\/com-quotidiens.fr\/blog\/wp-content\/uploads\/2025\/10\/sdxl-6e963bedbcd1fd74b44fd2ac0d0d2848-scaled.png","contentUrl":"https:\/\/com-quotidiens.fr\/blog\/wp-content\/uploads\/2025\/10\/sdxl-6e963bedbcd1fd74b44fd2ac0d0d2848-scaled.png","width":1200,"height":500},{"@type":"WebSite","@id":"https:\/\/com-quotidiens.fr\/blog\/#website","url":"https:\/\/com-quotidiens.fr\/blog\/","name":"com-quotidiens.fr","description":"Com Quotidiens, l&#039;info communication au quotidien","publisher":{"@id":"https:\/\/com-quotidiens.fr\/blog\/#organization"},"alternateName":"Com Quotidiens, l'info communication au quotidien","potentialAction":[{"@type":"SearchAction","target":{"@type":"EntryPoint","urlTemplate":"https:\/\/com-quotidiens.fr\/blog\/?s={search_term_string}"},"query-input":{"@type":"PropertyValueSpecification","valueRequired":true,"valueName":"search_term_string"}}],"inLanguage":"fr-FR"},{"@type":"Organization","@id":"https:\/\/com-quotidiens.fr\/blog\/#organization","name":"Foretsensations.fr","url":"https:\/\/com-quotidiens.fr\/blog\/","logo":{"@type":"ImageObject","inLanguage":"fr-FR","@id":"https:\/\/com-quotidiens.fr\/blog\/#\/schema\/logo\/image\/","url":"https:\/\/com-quotidiens.fr\/blog\/wp-content\/uploads\/2024\/12\/26.png","contentUrl":"https:\/\/com-quotidiens.fr\/blog\/wp-content\/uploads\/2024\/12\/26.png","width":500,"height":500,"caption":"Foretsensations.fr"},"image":{"@id":"https:\/\/com-quotidiens.fr\/blog\/#\/schema\/logo\/image\/"}},{"@type":"Person","@id":"https:\/\/com-quotidiens.fr\/blog\/#\/schema\/person\/3c864cdc320801e3db34b663e7e3f816","name":"Th\u00e9o R.","image":{"@type":"ImageObject","inLanguage":"fr-FR","@id":"https:\/\/com-quotidiens.fr\/blog\/#\/schema\/person\/image\/","url":"https:\/\/com-quotidiens.fr\/blog\/wp-content\/uploads\/2026\/06\/persona_theo-r-96x96.jpg","contentUrl":"https:\/\/com-quotidiens.fr\/blog\/wp-content\/uploads\/2026\/06\/persona_theo-r-96x96.jpg","caption":"Th\u00e9o R."},"description":"Le web et la communication sont mon m\u00e9tier depuis une dizaine d'ann\u00e9es, entre r\u00e9daction, strat\u00e9gie de contenu et accompagnement de projets en ligne. J'\u00e9cris sur la cr\u00e9ation de site, le marketing digital, l'image de marque et le m\u00e9tier de r\u00e9dacteur web, avec l'envie de rendre ces sujets concrets pour les ind\u00e9pendants et les petites entreprises. J'aime expliquer comment se construit une pr\u00e9sence en ligne cr\u00e9dible, du choix des mots \u00e0 la coh\u00e9rence visuelle, sans recourir au jargon d'agence. Avant de recommander une m\u00e9thode ou un outil, je l'\u00e9prouve sur le terrain et je distingue ce qui marche vraiment des promesses \u00e0 la mode. Je me m\u00e9fie des recettes miracles en marketing, car aucune ne dispense de travail et de r\u00e9gularit\u00e9. Mon angle : donner des rep\u00e8res solides pour communiquer juste et b\u00e2tir une marque qui dure, \u00e0 hauteur de budgets r\u00e9els et d'\u00e9quipes r\u00e9duites.","url":"https:\/\/com-quotidiens.fr\/blog\/auteur\/noname\/","jobTitle":"R\u00e9dacteur en chef \u00b7 Web & Communication","knowsAbout":["Web","Communication"],"email":"theo.r@clickbuzz.fr"}]}},"_links":{"self":[{"href":"https:\/\/com-quotidiens.fr\/blog\/wp-json\/wp\/v2\/posts\/7496","targetHints":{"allow":["GET"]}}],"collection":[{"href":"https:\/\/com-quotidiens.fr\/blog\/wp-json\/wp\/v2\/posts"}],"about":[{"href":"https:\/\/com-quotidiens.fr\/blog\/wp-json\/wp\/v2\/types\/post"}],"author":[{"embeddable":true,"href":"https:\/\/com-quotidiens.fr\/blog\/wp-json\/wp\/v2\/users\/34"}],"replies":[{"embeddable":true,"href":"https:\/\/com-quotidiens.fr\/blog\/wp-json\/wp\/v2\/comments?post=7496"}],"version-history":[{"count":2,"href":"https:\/\/com-quotidiens.fr\/blog\/wp-json\/wp\/v2\/posts\/7496\/revisions"}],"predecessor-version":[{"id":7629,"href":"https:\/\/com-quotidiens.fr\/blog\/wp-json\/wp\/v2\/posts\/7496\/revisions\/7629"}],"wp:featuredmedia":[{"embeddable":true,"href":"https:\/\/com-quotidiens.fr\/blog\/wp-json\/wp\/v2\/media\/7513"}],"wp:attachment":[{"href":"https:\/\/com-quotidiens.fr\/blog\/wp-json\/wp\/v2\/media?parent=7496"}],"wp:term":[{"taxonomy":"category","embeddable":true,"href":"https:\/\/com-quotidiens.fr\/blog\/wp-json\/wp\/v2\/categories?post=7496"},{"taxonomy":"post_tag","embeddable":true,"href":"https:\/\/com-quotidiens.fr\/blog\/wp-json\/wp\/v2\/tags?post=7496"}],"curies":[{"name":"wp","href":"https:\/\/api.w.org\/{rel}","templated":true}]}}