{"id":7495,"date":"2026-06-19T13:46:52","date_gmt":"2026-06-19T11:46:52","guid":{"rendered":"https:\/\/com-quotidiens.fr\/blog\/?p=7495"},"modified":"2026-06-19T13:46:52","modified_gmt":"2026-06-19T11:46:52","slug":"estime-de-soi-la-cle-pour-renforcer-votre-confiance-en-vous-des-aujourdhui","status":"publish","type":"post","link":"https:\/\/com-quotidiens.fr\/blog\/developpement-personnel\/estime-de-soi-la-cle-pour-renforcer-votre-confiance-en-vous-des-aujourdhui\/","title":{"rendered":"Estime de soi : la cl\u00e9 pour renforcer votre confiance en vous d\u00e8s aujourd&rsquo;hui"},"content":{"rendered":"<style>\n@import url('https:\/\/fonts.googleapis.com\/css2?family=Space+Grotesk:wght@500;600;700&family=Inter:wght@400;500;600&family=JetBrains+Mono:wght@500&display=swap');\n.eds-brief *{box-sizing:border-box}\n.eds-wrap{font-family:'Inter',system-ui,sans-serif;color:#23222b;line-height:1.7}\n.eds-wrap h2{font-family:'Space Grotesk','Inter',sans-serif;font-weight:700;font-size:1.55em;color:#1b1a24;margin:1.9em 0 .55em;letter-spacing:-.01em}\n.eds-wrap h3{font-family:'Space Grotesk','Inter',sans-serif;font-weight:600;font-size:1.12em;color:#1b1a24;margin:1.1em 0 .4em}\n.eds-wrap p{margin:.7em 0}\n.eds-wrap a{color:#5b3fd6;text-decoration:underline;text-underline-offset:2px}\n.eds-kicker{font-family:'JetBrains Mono',monospace;font-size:.72em;font-weight:500;letter-spacing:.16em;text-transform:uppercase;color:#5b3fd6;margin:0 0 .3em}\n.eds-brief{background:#f3effd;border:1px solid #ddd2f7;border-left:5px solid #5b3fd6;border-radius:0 14px 14px 0;padding:20px 24px;margin:24px 0}\n.eds-brief .eds-kicker{color:#5b3fd6}\n.eds-brief p.eds-lead{font-size:1.06em;font-weight:600;color:#2a2538;margin:.2em 0 .8em;font-family:'Space Grotesk','Inter',sans-serif}\n.eds-brief ul{margin:.4em 0 0;padding:0;list-style:none}\n.eds-brief li{position:relative;padding-left:24px;margin:.45em 0;font-size:.97em}\n.eds-brief li::before{content:\"\u2192\";position:absolute;left:0;color:#5b3fd6;font-weight:700}\n.eds-grid{display:grid;grid-template-columns:repeat(auto-fit,minmax(220px,1fr));gap:16px;margin:22px 0}\n.eds-card{background:#fff;border:1px solid #e8e4f2;border-top:3px solid #5b3fd6;border-radius:12px;padding:18px 20px;box-shadow:0 2px 10px rgba(91,63,214,.05);transition:transform .18s ease,box-shadow .18s ease}\n.eds-card:hover{transform:translateY(-3px);box-shadow:0 8px 22px rgba(91,63,214,.12)}\n.eds-card .eds-num{font-family:'JetBrains Mono',monospace;font-size:.8em;color:#9a8fc4;font-weight:500}\n.eds-card h3{margin-top:.2em}\n.eds-card p{font-size:.94em;color:#454152;margin:.3em 0 0}\n.eds-signs{display:grid;grid-template-columns:repeat(auto-fit,minmax(260px,1fr));gap:18px;margin:20px 0}\n.eds-col{border:1px solid #e8e4f2;border-radius:12px;padding:16px 20px;background:#fff}\n.eds-col.high{border-top:3px solid #2e9e6b}\n.eds-col.low{border-top:3px solid #c2603e}\n.eds-col h3{margin-top:0}\n.eds-col ul{margin:.3em 0;padding-left:0;list-style:none}\n.eds-col li{position:relative;padding-left:22px;margin:.4em 0;font-size:.94em}\n.eds-col.high li::before{content:\"\u2713\";position:absolute;left:0;color:#2e9e6b;font-weight:700}\n.eds-col.low li::before{content:\"\u2013\";position:absolute;left:0;color:#c2603e;font-weight:700}\n.eds-take{background:#231d33;color:#efeafa;border-radius:14px;padding:22px 26px;margin:26px 0}\n.eds-take .eds-kicker{color:#b8a6f5!important}\n.eds-take p{color:#efeafa!important;margin:.3em 0;font-size:1.02em}\n.eds-take strong{color:#fff!important}\n.eds-care{background:#fbf7ee;border:1px solid #ecdcb8;border-left:5px solid #d2a23c;border-radius:0 12px 12px 0;padding:16px 22px;margin:24px 0;font-size:.95em;color:#5e5230}\n.eds-care strong{color:#3f3514}\n.eds-faq{margin:18px 0}\n.eds-faq details{border:1px solid #e8e4f2;border-radius:10px;padding:0;margin:10px 0;background:#fff;overflow:hidden}\n.eds-faq summary{cursor:pointer;padding:15px 20px;font-family:'Space Grotesk','Inter',sans-serif;font-weight:600;color:#1b1a24;list-style:none;position:relative}\n.eds-faq summary::after{content:\"+\";position:absolute;right:20px;color:#5b3fd6;font-weight:700;font-size:1.2em}\n.eds-faq details[open] summary::after{content:\"\u2013\"}\n.eds-faq details[open] summary{border-bottom:1px solid #f0ecf8}\n.eds-faq .eds-ans{padding:6px 20px 16px;font-size:.96em;color:#454152}\n.eds-cards-adr{display:grid;grid-template-columns:repeat(auto-fit,minmax(240px,1fr));gap:16px;margin:18px 0}\n.eds-adr{border:1px solid #e8e4f2;border-radius:12px;padding:16px 20px;background:#fff;transition:transform .18s ease,box-shadow .18s ease}\n.eds-adr:hover{transform:translateY(-3px);box-shadow:0 8px 20px rgba(91,63,214,.1)}\n.eds-adr h3{margin:0 0 .35em;font-size:1.02em}\n.eds-adr .eds-meta{font-size:.9em;color:#555067;line-height:1.55}\n.eds-yt{border:1px solid #e6e1f0;border-radius:14px;padding:16px 18px;margin:24px 0;background:#faf8fd}\n<\/style>\n<div class=\"eds-wrap\">\n<p class=\"eds-kicker\">Psychologie \u00b7 D\u00e9veloppement personnel<\/p>\n<div class=\"eds-brief\">\n<p class=\"eds-kicker\">En bref<\/p>\n<p class=\"eds-lead\">L&rsquo;estime de soi est le jugement global qu&rsquo;une personne porte sur sa propre valeur : le regard que l&rsquo;on pose sur soi, ind\u00e9pendamment de ses performances ou de l&rsquo;avis des autres. C&rsquo;est une valeur intrins\u00e8que qu&rsquo;on s&rsquo;accorde, distincte de la confiance en soi (qui concerne, elle, ses capacit\u00e9s \u00e0 agir).<\/p>\n<ul>\n<li>Concept conceptualis\u00e9 d\u00e8s <strong>1890 par William James<\/strong>, l&rsquo;un des fondateurs de la psychologie moderne.<\/li>\n<li>Elle repose sur trois composantes : l&rsquo;amour de soi, la vision de soi et la confiance en soi.<\/li>\n<li>Elle se construit d\u00e8s l&rsquo;enfance et reste relativement stable, mais peut \u00eatre nourrie tout au long de la vie.<\/li>\n<li>Une estime de soi durablement tr\u00e8s basse m\u00e9rite l&rsquo;accompagnement d&rsquo;un professionnel.<\/li>\n<\/ul>\n<\/div>\n<h2>Qu&rsquo;est-ce que l&rsquo;estime de soi ?<\/h2>\n<p><strong>L&rsquo;estime de soi<\/strong> correspond au jugement global port\u00e9 sur sa propre valeur, sur ses capacit\u00e9s et son identit\u00e9, \u00e0 travers le prisme de ses propres crit\u00e8res, ind\u00e9pendamment du regard des autres. Cette d\u00e9finition, pos\u00e9e d\u00e8s <strong>1890 par William James<\/strong>, fondateur de la psychologie am\u00e9ricaine, met l&rsquo;accent sur la dimension interne et relativement stable de l&rsquo;estime de soi, qui \u00e9volue au fil de l&rsquo;accumulation de nos exp\u00e9riences.<\/p>\n<p>Il s&rsquo;agit d&rsquo;une <strong>valeur intrins\u00e8que que l&rsquo;on s&rsquo;accorde<\/strong> \u2014 le sentiment d&rsquo;avoir, ou non, de la valeur en tant que personne. C&rsquo;est ce qui la distingue de la <strong>confiance en soi<\/strong>, qui porte sur l&rsquo;id\u00e9e que l&rsquo;on se fait de ses comp\u00e9tences \u00e0 r\u00e9ussir une action donn\u00e9e. On peut \u00eatre tr\u00e8s comp\u00e9tent dans un domaine (forte confiance) tout en ayant une estime de soi fragile, et inversement.<\/p>\n<h2>Les 3 composantes de l&rsquo;estime de soi<\/h2>\n<p>Les psychologues d\u00e9crivent classiquement l&rsquo;estime de soi comme l&rsquo;articulation de trois piliers compl\u00e9mentaires. Aucun ne suffit seul : c&rsquo;est leur \u00e9quilibre qui fonde une estime de soi solide.<\/p>\n<div class=\"eds-grid\">\n<div class=\"eds-card\">\n    <span class=\"eds-num\">01<\/span><\/p>\n<h3>L&rsquo;amour de soi<\/h3>\n<p>Le pilier le plus profond : s&rsquo;estimer digne d&rsquo;\u00eatre aim\u00e9 et respect\u00e9, quoi qu&rsquo;il arrive, ind\u00e9pendamment de ses r\u00e9sultats ou de ses \u00e9checs. Il se nourrit surtout de l&rsquo;affection re\u00e7ue dans l&rsquo;enfance.<\/p>\n<\/p><\/div>\n<div class=\"eds-card\">\n    <span class=\"eds-num\">02<\/span><\/p>\n<h3>La vision de soi<\/h3>\n<p>Le regard que l&rsquo;on porte sur ses qualit\u00e9s et ses d\u00e9fauts \u2014 l&rsquo;auto-\u00e9valuation. Une vision juste permet de reconna\u00eetre objectivement ses forces et ses limites sans se d\u00e9valoriser ni se surestimer.<\/p>\n<\/p><\/div>\n<div class=\"eds-card\">\n    <span class=\"eds-num\">03<\/span><\/p>\n<h3>La confiance en soi<\/h3>\n<p>La conviction d&rsquo;\u00eatre capable d&rsquo;agir et de relever des d\u00e9fis. C&rsquo;est la composante la plus visible et la plus li\u00e9e \u00e0 l&rsquo;action \u2014 celle qui se construit par l&rsquo;exp\u00e9rience et la r\u00e9p\u00e9tition de petites r\u00e9ussites.<\/p>\n<\/p><\/div>\n<\/div>\n<h2>Comment se construit l&rsquo;estime de soi ?<\/h2>\n<p>L&rsquo;estime de soi n&rsquo;est pas inn\u00e9e : elle se fa\u00e7onne progressivement, d\u00e8s l&rsquo;enfance, \u00e0 travers le reflet que nous renvoient notre entourage et nos exp\u00e9riences. Plusieurs facteurs y contribuent de fa\u00e7on combin\u00e9e :<\/p>\n<ul>\n<li><strong>Le cadre familial<\/strong> : la pr\u00e9sence de figures de soutien qui valorisent l&rsquo;effort et l&rsquo;authenticit\u00e9 pose les bases affectives de l&rsquo;amour de soi.<\/li>\n<li><strong>Les interactions scolaires et sociales<\/strong> : les retours des enseignants et des pairs nourrissent \u2014 ou fragilisent \u2014 l&rsquo;auto-\u00e9valuation.<\/li>\n<li><strong>Les exp\u00e9riences marquantes<\/strong> : succ\u00e8s, gestion des \u00e9checs et confrontation \u00e0 de nouveaux d\u00e9fis influencent durablement le sentiment de comp\u00e9tence.<\/li>\n<li><strong>Les normes sociales et les r\u00e9seaux num\u00e9riques<\/strong> : la comparaison permanente entretenue par des plateformes comme Instagram ou TikTok peut peser sur l&rsquo;image de soi, en particulier \u00e0 l&rsquo;adolescence.<\/li>\n<\/ul>\n<div class=\"eds-yt\">\n<div style=\"display:flex;align-items:center;gap:8px;margin-bottom:10px;flex-wrap:wrap;\">\n    <span style=\"font-size:11px;font-weight:800;letter-spacing:.06em;color:#fff;background:#FF0000;padding:3px 9px;border-radius:6px;\">\u25b6 YouTube<\/span><br \/>\n    <span style=\"font-size:13px;color:#667085;font-weight:600;\">Et tout le monde s&rsquo;en fout<\/span><br \/>\n    <span style=\"margin-left:auto;font-size:13px;color:#667085;\">1,8M vues<\/span><\/div>\n<p>  <a href=\"https:\/\/www.youtube.com\/watch?v=a82VN1RZI-k\" target=\"_blank\" rel=\"noopener nofollow\" style=\"display:block;position:relative;border-radius:10px;overflow:hidden;\"><br \/>\n    <img decoding=\"async\" src=\"https:\/\/i.ytimg.com\/vi\/a82VN1RZI-k\/hq720.jpg?sqp=-oaymwEnCNAFEJQDSFryq4qpAxkIARUAAIhCGAHYAQHiAQoIGBACGAY4AUAB&#038;rs=AOn4CLBQ2ZHalVyYXHLW_oGWY8pRXjejtA\" alt=\"Et tout le monde s'en fout #11 \u2014 L'estime de soi\" style=\"width:100%;display:block;\"><br \/>\n    <span style=\"position:absolute;inset:0;display:flex;align-items:center;justify-content:center;background:rgba(0,0,0,.18);\"><br \/>\n    <span style=\"width:62px;height:62px;border-radius:50%;background:rgba(255,0,0,.92);color:#fff;font-size:24px;display:flex;align-items:center;justify-content:center;\">\u25b6<\/span><\/span><\/a><\/p>\n<div style=\"font-size:14px;color:#1a1a1a;font-weight:600;margin-top:10px;\">\u00ab Et tout le monde s&rsquo;en fout #11 \u2014 L&rsquo;estime de soi \u00bb \u2014 une approche p\u00e9dagogique et grand public du sujet.<\/div>\n<\/div>\n<h2>Estime de soi haute ou basse : les signaux<\/h2>\n<p>L&rsquo;estime de soi varie d&rsquo;une personne \u00e0 l&rsquo;autre et, chez une m\u00eame personne, au fil du temps. Rep\u00e9rer ses signaux aide \u00e0 comprendre o\u00f9 l&rsquo;on en est \u2014 sans pour autant poser un diagnostic, qui rel\u00e8ve d&rsquo;un professionnel.<\/p>\n<div class=\"eds-signs\">\n<div class=\"eds-col high\">\n<h3>Estime de soi plut\u00f4t haute<\/h3>\n<ul>\n<li>Capacit\u00e9 \u00e0 reconna\u00eetre ses qualit\u00e9s sans se vanter.<\/li>\n<li>Acceptation de ses limites sans se d\u00e9valoriser.<\/li>\n<li>Aptitude \u00e0 exprimer ses besoins et \u00e0 dire non.<\/li>\n<li>\u00c9checs v\u00e9cus comme des \u00e9tapes, non comme des verdicts.<\/li>\n<\/ul><\/div>\n<div class=\"eds-col low\">\n<h3>Estime de soi plut\u00f4t basse<\/h3>\n<ul>\n<li>Auto-critique s\u00e9v\u00e8re et difficult\u00e9 \u00e0 accepter les compliments.<\/li>\n<li>Peur du jugement et tendance au retrait social.<\/li>\n<li>Perfectionnisme ou, \u00e0 l&rsquo;inverse, renoncement et \u00e9vitement.<\/li>\n<li>Comparaison permanente aux autres, au d\u00e9triment de soi.<\/li>\n<\/ul><\/div>\n<\/div>\n<p>Une estime de soi durablement tr\u00e8s basse \u2014 qui s&rsquo;accompagne de souffrance, d&rsquo;isolement ou de pens\u00e9es d\u00e9valorisantes envahissantes \u2014 n&rsquo;est pas une fatalit\u00e9, mais elle gagne \u00e0 \u00eatre travaill\u00e9e avec un accompagnement adapt\u00e9.<\/p>\n<h2>Comment nourrir son estime de soi au quotidien<\/h2>\n<p>L&rsquo;estime de soi n&rsquo;est pas fig\u00e9e : c&rsquo;est une disposition que l&rsquo;on peut entretenir, \u00e0 condition de proc\u00e9der par petits pas r\u00e9guliers plut\u00f4t que par grandes r\u00e9solutions. Quelques pistes commun\u00e9ment recommand\u00e9es :<\/p>\n<ul>\n<li><strong>Cultiver l&rsquo;auto-bienveillance<\/strong> : se parler comme on parlerait \u00e0 un ami, accueillir ses \u00e9motions sans jugement n\u00e9gatif.<\/li>\n<li><strong>Reconna\u00eetre ses r\u00e9ussites<\/strong> : noter chaque soir quelques qualit\u00e9s ou petites victoires de la journ\u00e9e pour r\u00e9-ancrer une image de soi r\u00e9aliste.<\/li>\n<li><strong>S&rsquo;exposer progressivement \u00e0 de nouveaux d\u00e9fis<\/strong> : \u00e9largir doucement sa zone de confort renforce le sentiment de comp\u00e9tence.<\/li>\n<li><strong>Soigner ses routines<\/strong> : sommeil, activit\u00e9 physique et liens sociaux nourrissants soutiennent l&rsquo;\u00e9quilibre psychique.<\/li>\n<li><strong>Demander de l&rsquo;aide<\/strong> : parler \u00e0 un proche de confiance ou consulter un professionnel n&rsquo;est pas un aveu de faiblesse, mais un levier.<\/li>\n<\/ul>\n<div class=\"eds-take\">\n<p class=\"eds-kicker\">\ud83c\udfaf \u00c0 retenir<\/p>\n<p>L&rsquo;estime de soi est le <strong>regard que l&rsquo;on porte sur sa propre valeur<\/strong>, distinct de la confiance en soi qui concerne nos capacit\u00e9s d&rsquo;action. Elle articule <strong>amour de soi, vision de soi et confiance en soi<\/strong>, se construit d\u00e8s l&rsquo;enfance et se nourrit tout au long de la vie par l&rsquo;auto-bienveillance et l&rsquo;exp\u00e9rience.<\/p>\n<\/div>\n<h2>Se faire accompagner sur l&rsquo;estime de soi<\/h2>\n<p>Plusieurs professionnels proposent un accompagnement d\u00e9di\u00e9 \u00e0 l&rsquo;estime de soi. Voici quelques exemples de praticiens, \u00e0 titre informatif et sans recommandation particuli\u00e8re de notre part :<\/p>\n<div class=\"eds-cards-adr\">\n<div class=\"eds-adr\">\n<h3>Catherine Chavigny Coaching<\/h3>\n<p>    <span class=\"eds-meta\">140 rue de Rivoli, 75001 Paris<br \/>Coaching individuel sur-mesure, cadres et dirigeants.<br \/><a href=\"mailto:contact@catherinechavignycreative.com\">contact@catherinechavignycreative.com<\/a><br \/><a href=\"http:\/\/www.catherinechavignycreative.com\" rel=\"nofollow\">www.catherinechavignycreative.com<\/a><\/span>\n  <\/div>\n<div class=\"eds-adr\">\n<h3>Epok\u00e9<\/h3>\n<p>    <span class=\"eds-meta\">5 rue de l&rsquo;Abb\u00e9 Groult, 75015 Paris<br \/>Stage \u00ab Coaching et estime de soi, affirmer sa confiance \u00bb.<br \/><a href=\"mailto:contact@epoke.pro\">contact@epoke.pro<\/a><br \/><a href=\"http:\/\/www.epoke.pro\" rel=\"nofollow\">www.epoke.pro<\/a><\/span>\n  <\/div>\n<div class=\"eds-adr\">\n<h3>Sylvain Seyrig Coach<\/h3>\n<p>    <span class=\"eds-meta\">Paris, \u00cele de R\u00e9, La Rochelle ou en ligne.<br \/>Coaching personnalis\u00e9 sur rendez-vous.<br \/><a href=\"mailto:contact@sylvain-seyrig-coach.fr\">contact@sylvain-seyrig-coach.fr<\/a><br \/><a href=\"http:\/\/www.sylvain-seyrig-coach.fr\" rel=\"nofollow\">www.sylvain-seyrig-coach.fr<\/a><\/span>\n  <\/div>\n<\/div>\n<div class=\"eds-care\">\n  <strong>\u26a0\ufe0f Bon \u00e0 savoir.<\/strong> Cet article est informatif et ne remplace pas l&rsquo;avis d&rsquo;un professionnel de sant\u00e9. Si une estime de soi tr\u00e8s basse s&rsquo;accompagne d&rsquo;une souffrance durable, d&rsquo;isolement ou de pens\u00e9es noires, il est recommand\u00e9 d&rsquo;en parler \u00e0 un m\u00e9decin ou \u00e0 un psychologue.\n<\/div>\n<h2>FAQ \u2014 Estime de soi<\/h2>\n<div class=\"eds-faq\">\n<details>\n<summary>Quelle est la d\u00e9finition de l&rsquo;estime de soi ?<\/summary>\n<div class=\"eds-ans\">C&rsquo;est le jugement global qu&rsquo;une personne porte sur sa propre valeur : le sentiment d&rsquo;\u00eatre, ou non, digne de consid\u00e9ration et d&rsquo;amour, ind\u00e9pendamment de ses r\u00e9sultats et du regard des autres.<\/div>\n<\/details>\n<details>\n<summary>Quelles sont les 3 composantes de l&rsquo;estime de soi ?<\/summary>\n<div class=\"eds-ans\">L&rsquo;amour de soi (se sentir digne d&rsquo;\u00eatre aim\u00e9), la vision de soi (le regard port\u00e9 sur ses qualit\u00e9s et d\u00e9fauts) et la confiance en soi (la conviction d&rsquo;\u00eatre capable d&rsquo;agir).<\/div>\n<\/details>\n<details>\n<summary>Quelle diff\u00e9rence entre estime de soi et confiance en soi ?<\/summary>\n<div class=\"eds-ans\">L&rsquo;estime de soi concerne la valeur que l&rsquo;on s&rsquo;accorde en tant que personne ; la confiance en soi porte sur ses capacit\u00e9s \u00e0 r\u00e9ussir une action. La confiance en soi est l&rsquo;une des composantes de l&rsquo;estime de soi, mais ne s&rsquo;y r\u00e9sume pas.<\/div>\n<\/details>\n<details>\n<summary>Que faire en cas de perte d&rsquo;estime de soi ?<\/summary>\n<div class=\"eds-ans\">Commencer par l&rsquo;auto-bienveillance et la reconnaissance de ses petites r\u00e9ussites, s&rsquo;exposer progressivement \u00e0 de nouveaux d\u00e9fis et soigner ses routines. Si la souffrance est durable, consulter un psychologue est vivement conseill\u00e9.<\/div>\n<\/details>\n<\/div>\n<\/div>\n","protected":false},"excerpt":{"rendered":"","protected":false},"author":34,"featured_media":7511,"comment_status":"open","ping_status":"open","sticky":false,"template":"","format":"standard","meta":{"_acf_changed":false,"manual_indexmenow":false,"indexmenow_id_project":0,"footnotes":""},"categories":[4521],"tags":[4656,4654,4655],"class_list":["post-7495","post","type-post","status-publish","format-standard","has-post-thumbnail","hentry","category-developpement-personnel","tag-confiance","tag-dveloppement-personnel","tag-estime-de-soi","generate-columns","tablet-grid-50","mobile-grid-100","grid-parent","grid-25"],"acf":[],"yoast_head":"<!-- This site is optimized with the Yoast SEO Premium plugin v21.3 (Yoast SEO v25.6) - https:\/\/yoast.com\/wordpress\/plugins\/seo\/ -->\n<title>Estime de soi : la cl\u00e9 pour renforcer votre confiance<\/title>\n<meta name=\"description\" content=\"L&#039;estime de soi est le jugement qu&#039;une personne porte sur sa propre valeur, distinct de la confiance en soi. Comprendre et la renforcer au quotidien.\" \/>\n<meta name=\"robots\" content=\"index, follow, max-snippet:-1, max-image-preview:large, max-video-preview:-1\" \/>\n<link rel=\"canonical\" href=\"https:\/\/com-quotidiens.fr\/blog\/developpement-personnel\/estime-de-soi-la-cle-pour-renforcer-votre-confiance-en-vous-des-aujourdhui\/\" \/>\n<meta property=\"og:locale\" content=\"fr_FR\" \/>\n<meta property=\"og:type\" content=\"article\" \/>\n<meta property=\"og:title\" content=\"Estime de soi : la cl\u00e9 pour renforcer votre confiance\" \/>\n<meta property=\"og:description\" content=\"L&#039;estime de soi est le jugement qu&#039;une personne porte sur sa propre valeur, distinct de la confiance en soi. Comprendre et la renforcer au quotidien.\" \/>\n<meta property=\"og:url\" content=\"https:\/\/com-quotidiens.fr\/blog\/developpement-personnel\/estime-de-soi-la-cle-pour-renforcer-votre-confiance-en-vous-des-aujourdhui\/\" \/>\n<meta property=\"og:site_name\" content=\"com-quotidiens\" \/>\n<meta property=\"og:image\" content=\"https:\/\/com-quotidiens.fr\/blog\/wp-content\/uploads\/2025\/10\/sdxl-bccccfd8ddd73172c0df688a95112b86-scaled.png\" \/>\n\t<meta property=\"og:image:width\" content=\"1200\" \/>\n\t<meta property=\"og:image:height\" content=\"500\" \/>\n\t<meta property=\"og:image:type\" content=\"image\/png\" \/>\n<meta name=\"author\" content=\"Th\u00e9o R.\" \/>\n<meta name=\"twitter:card\" content=\"summary_large_image\" \/>\n<script type=\"application\/ld+json\" class=\"yoast-schema-graph\">{\"@context\":\"https:\/\/schema.org\",\"@graph\":[{\"@type\":\"NewsArticle\",\"@id\":\"https:\/\/com-quotidiens.fr\/blog\/developpement-personnel\/estime-de-soi-la-cle-pour-renforcer-votre-confiance-en-vous-des-aujourdhui\/#article\",\"isPartOf\":{\"@id\":\"https:\/\/com-quotidiens.fr\/blog\/developpement-personnel\/estime-de-soi-la-cle-pour-renforcer-votre-confiance-en-vous-des-aujourdhui\/\"},\"author\":{\"name\":\"Th\u00e9o R.\",\"@id\":\"https:\/\/com-quotidiens.fr\/blog\/#\/schema\/person\/3c864cdc320801e3db34b663e7e3f816\"},\"headline\":\"Estime de soi : la cl\u00e9 pour renforcer votre confiance en vous d\u00e8s aujourd&rsquo;hui\",\"datePublished\":\"2026-06-19T11:46:52+00:00\",\"mainEntityOfPage\":{\"@id\":\"https:\/\/com-quotidiens.fr\/blog\/developpement-personnel\/estime-de-soi-la-cle-pour-renforcer-votre-confiance-en-vous-des-aujourdhui\/\"},\"wordCount\":1379,\"commentCount\":0,\"publisher\":{\"@id\":\"https:\/\/com-quotidiens.fr\/blog\/#organization\"},\"image\":{\"@id\":\"https:\/\/com-quotidiens.fr\/blog\/developpement-personnel\/estime-de-soi-la-cle-pour-renforcer-votre-confiance-en-vous-des-aujourdhui\/#primaryimage\"},\"thumbnailUrl\":\"https:\/\/com-quotidiens.fr\/blog\/wp-content\/uploads\/2025\/10\/sdxl-bccccfd8ddd73172c0df688a95112b86-scaled.png\",\"keywords\":[\"confiance\",\"dveloppement personnel\",\"estime de soi\"],\"articleSection\":[\"D\u00e9veloppement Personnel\"],\"inLanguage\":\"fr-FR\",\"potentialAction\":[{\"@type\":\"CommentAction\",\"name\":\"Comment\",\"target\":[\"https:\/\/com-quotidiens.fr\/blog\/developpement-personnel\/estime-de-soi-la-cle-pour-renforcer-votre-confiance-en-vous-des-aujourdhui\/#respond\"]}]},{\"@type\":\"WebPage\",\"@id\":\"https:\/\/com-quotidiens.fr\/blog\/developpement-personnel\/estime-de-soi-la-cle-pour-renforcer-votre-confiance-en-vous-des-aujourdhui\/\",\"url\":\"https:\/\/com-quotidiens.fr\/blog\/developpement-personnel\/estime-de-soi-la-cle-pour-renforcer-votre-confiance-en-vous-des-aujourdhui\/\",\"name\":\"Estime de soi : la cl\u00e9 pour renforcer votre confiance\",\"isPartOf\":{\"@id\":\"https:\/\/com-quotidiens.fr\/blog\/#website\"},\"primaryImageOfPage\":{\"@id\":\"https:\/\/com-quotidiens.fr\/blog\/developpement-personnel\/estime-de-soi-la-cle-pour-renforcer-votre-confiance-en-vous-des-aujourdhui\/#primaryimage\"},\"image\":{\"@id\":\"https:\/\/com-quotidiens.fr\/blog\/developpement-personnel\/estime-de-soi-la-cle-pour-renforcer-votre-confiance-en-vous-des-aujourdhui\/#primaryimage\"},\"thumbnailUrl\":\"https:\/\/com-quotidiens.fr\/blog\/wp-content\/uploads\/2025\/10\/sdxl-bccccfd8ddd73172c0df688a95112b86-scaled.png\",\"datePublished\":\"2026-06-19T11:46:52+00:00\",\"description\":\"L'estime de soi est le jugement qu'une personne porte sur sa propre valeur, distinct de la confiance en soi. Comprendre et la renforcer au quotidien.\",\"inLanguage\":\"fr-FR\",\"potentialAction\":[{\"@type\":\"ReadAction\",\"target\":[\"https:\/\/com-quotidiens.fr\/blog\/developpement-personnel\/estime-de-soi-la-cle-pour-renforcer-votre-confiance-en-vous-des-aujourdhui\/\"]}]},{\"@type\":\"ImageObject\",\"inLanguage\":\"fr-FR\",\"@id\":\"https:\/\/com-quotidiens.fr\/blog\/developpement-personnel\/estime-de-soi-la-cle-pour-renforcer-votre-confiance-en-vous-des-aujourdhui\/#primaryimage\",\"url\":\"https:\/\/com-quotidiens.fr\/blog\/wp-content\/uploads\/2025\/10\/sdxl-bccccfd8ddd73172c0df688a95112b86-scaled.png\",\"contentUrl\":\"https:\/\/com-quotidiens.fr\/blog\/wp-content\/uploads\/2025\/10\/sdxl-bccccfd8ddd73172c0df688a95112b86-scaled.png\",\"width\":1200,\"height\":500},{\"@type\":\"WebSite\",\"@id\":\"https:\/\/com-quotidiens.fr\/blog\/#website\",\"url\":\"https:\/\/com-quotidiens.fr\/blog\/\",\"name\":\"com-quotidiens.fr\",\"description\":\"Com Quotidiens, l&#039;info communication au quotidien\",\"publisher\":{\"@id\":\"https:\/\/com-quotidiens.fr\/blog\/#organization\"},\"alternateName\":\"Com Quotidiens, l'info communication au quotidien\",\"potentialAction\":[{\"@type\":\"SearchAction\",\"target\":{\"@type\":\"EntryPoint\",\"urlTemplate\":\"https:\/\/com-quotidiens.fr\/blog\/?s={search_term_string}\"},\"query-input\":{\"@type\":\"PropertyValueSpecification\",\"valueRequired\":true,\"valueName\":\"search_term_string\"}}],\"inLanguage\":\"fr-FR\"},{\"@type\":\"Organization\",\"@id\":\"https:\/\/com-quotidiens.fr\/blog\/#organization\",\"name\":\"Foretsensations.fr\",\"url\":\"https:\/\/com-quotidiens.fr\/blog\/\",\"logo\":{\"@type\":\"ImageObject\",\"inLanguage\":\"fr-FR\",\"@id\":\"https:\/\/com-quotidiens.fr\/blog\/#\/schema\/logo\/image\/\",\"url\":\"https:\/\/com-quotidiens.fr\/blog\/wp-content\/uploads\/2024\/12\/26.png\",\"contentUrl\":\"https:\/\/com-quotidiens.fr\/blog\/wp-content\/uploads\/2024\/12\/26.png\",\"width\":500,\"height\":500,\"caption\":\"Foretsensations.fr\"},\"image\":{\"@id\":\"https:\/\/com-quotidiens.fr\/blog\/#\/schema\/logo\/image\/\"}},{\"@type\":\"Person\",\"@id\":\"https:\/\/com-quotidiens.fr\/blog\/#\/schema\/person\/3c864cdc320801e3db34b663e7e3f816\",\"name\":\"Th\u00e9o R.\",\"image\":{\"@type\":\"ImageObject\",\"inLanguage\":\"fr-FR\",\"@id\":\"https:\/\/com-quotidiens.fr\/blog\/#\/schema\/person\/image\/\",\"url\":\"https:\/\/com-quotidiens.fr\/blog\/wp-content\/uploads\/2026\/06\/persona_theo-r-96x96.jpg\",\"contentUrl\":\"https:\/\/com-quotidiens.fr\/blog\/wp-content\/uploads\/2026\/06\/persona_theo-r-96x96.jpg\",\"caption\":\"Th\u00e9o R.\"},\"description\":\"Le web et la communication sont mon m\u00e9tier depuis une dizaine d'ann\u00e9es, entre r\u00e9daction, strat\u00e9gie de contenu et accompagnement de projets en ligne. J'\u00e9cris sur la cr\u00e9ation de site, le marketing digital, l'image de marque et le m\u00e9tier de r\u00e9dacteur web, avec l'envie de rendre ces sujets concrets pour les ind\u00e9pendants et les petites entreprises. J'aime expliquer comment se construit une pr\u00e9sence en ligne cr\u00e9dible, du choix des mots \u00e0 la coh\u00e9rence visuelle, sans recourir au jargon d'agence. Avant de recommander une m\u00e9thode ou un outil, je l'\u00e9prouve sur le terrain et je distingue ce qui marche vraiment des promesses \u00e0 la mode. Je me m\u00e9fie des recettes miracles en marketing, car aucune ne dispense de travail et de r\u00e9gularit\u00e9. Mon angle : donner des rep\u00e8res solides pour communiquer juste et b\u00e2tir une marque qui dure, \u00e0 hauteur de budgets r\u00e9els et d'\u00e9quipes r\u00e9duites.\",\"url\":\"https:\/\/com-quotidiens.fr\/blog\/auteur\/noname\/\",\"jobTitle\":\"R\u00e9dacteur en chef \u00b7 Web & Communication\",\"knowsAbout\":[\"Web\",\"Communication\"],\"email\":\"theo.r@clickbuzz.fr\"}]}<\/script>\n<!-- \/ Yoast SEO Premium plugin. -->","yoast_head_json":{"title":"Estime de soi : la cl\u00e9 pour renforcer votre confiance","description":"L'estime de soi est le jugement qu'une personne porte sur sa propre valeur, distinct de la confiance en soi. Comprendre et la renforcer au quotidien.","robots":{"index":"index","follow":"follow","max-snippet":"max-snippet:-1","max-image-preview":"max-image-preview:large","max-video-preview":"max-video-preview:-1"},"canonical":"https:\/\/com-quotidiens.fr\/blog\/developpement-personnel\/estime-de-soi-la-cle-pour-renforcer-votre-confiance-en-vous-des-aujourdhui\/","og_locale":"fr_FR","og_type":"article","og_title":"Estime de soi : la cl\u00e9 pour renforcer votre confiance","og_description":"L'estime de soi est le jugement qu'une personne porte sur sa propre valeur, distinct de la confiance en soi. Comprendre et la renforcer au quotidien.","og_url":"https:\/\/com-quotidiens.fr\/blog\/developpement-personnel\/estime-de-soi-la-cle-pour-renforcer-votre-confiance-en-vous-des-aujourdhui\/","og_site_name":"com-quotidiens","og_image":[{"width":1200,"height":500,"url":"https:\/\/com-quotidiens.fr\/blog\/wp-content\/uploads\/2025\/10\/sdxl-bccccfd8ddd73172c0df688a95112b86-scaled.png","type":"image\/png"}],"author":"Th\u00e9o R.","twitter_card":"summary_large_image","schema":{"@context":"https:\/\/schema.org","@graph":[{"@type":"NewsArticle","@id":"https:\/\/com-quotidiens.fr\/blog\/developpement-personnel\/estime-de-soi-la-cle-pour-renforcer-votre-confiance-en-vous-des-aujourdhui\/#article","isPartOf":{"@id":"https:\/\/com-quotidiens.fr\/blog\/developpement-personnel\/estime-de-soi-la-cle-pour-renforcer-votre-confiance-en-vous-des-aujourdhui\/"},"author":{"name":"Th\u00e9o R.","@id":"https:\/\/com-quotidiens.fr\/blog\/#\/schema\/person\/3c864cdc320801e3db34b663e7e3f816"},"headline":"Estime de soi : la cl\u00e9 pour renforcer votre confiance en vous d\u00e8s aujourd&rsquo;hui","datePublished":"2026-06-19T11:46:52+00:00","mainEntityOfPage":{"@id":"https:\/\/com-quotidiens.fr\/blog\/developpement-personnel\/estime-de-soi-la-cle-pour-renforcer-votre-confiance-en-vous-des-aujourdhui\/"},"wordCount":1379,"commentCount":0,"publisher":{"@id":"https:\/\/com-quotidiens.fr\/blog\/#organization"},"image":{"@id":"https:\/\/com-quotidiens.fr\/blog\/developpement-personnel\/estime-de-soi-la-cle-pour-renforcer-votre-confiance-en-vous-des-aujourdhui\/#primaryimage"},"thumbnailUrl":"https:\/\/com-quotidiens.fr\/blog\/wp-content\/uploads\/2025\/10\/sdxl-bccccfd8ddd73172c0df688a95112b86-scaled.png","keywords":["confiance","dveloppement personnel","estime de soi"],"articleSection":["D\u00e9veloppement Personnel"],"inLanguage":"fr-FR","potentialAction":[{"@type":"CommentAction","name":"Comment","target":["https:\/\/com-quotidiens.fr\/blog\/developpement-personnel\/estime-de-soi-la-cle-pour-renforcer-votre-confiance-en-vous-des-aujourdhui\/#respond"]}]},{"@type":"WebPage","@id":"https:\/\/com-quotidiens.fr\/blog\/developpement-personnel\/estime-de-soi-la-cle-pour-renforcer-votre-confiance-en-vous-des-aujourdhui\/","url":"https:\/\/com-quotidiens.fr\/blog\/developpement-personnel\/estime-de-soi-la-cle-pour-renforcer-votre-confiance-en-vous-des-aujourdhui\/","name":"Estime de soi : la cl\u00e9 pour renforcer votre confiance","isPartOf":{"@id":"https:\/\/com-quotidiens.fr\/blog\/#website"},"primaryImageOfPage":{"@id":"https:\/\/com-quotidiens.fr\/blog\/developpement-personnel\/estime-de-soi-la-cle-pour-renforcer-votre-confiance-en-vous-des-aujourdhui\/#primaryimage"},"image":{"@id":"https:\/\/com-quotidiens.fr\/blog\/developpement-personnel\/estime-de-soi-la-cle-pour-renforcer-votre-confiance-en-vous-des-aujourdhui\/#primaryimage"},"thumbnailUrl":"https:\/\/com-quotidiens.fr\/blog\/wp-content\/uploads\/2025\/10\/sdxl-bccccfd8ddd73172c0df688a95112b86-scaled.png","datePublished":"2026-06-19T11:46:52+00:00","description":"L'estime de soi est le jugement qu'une personne porte sur sa propre valeur, distinct de la confiance en soi. Comprendre et la renforcer au quotidien.","inLanguage":"fr-FR","potentialAction":[{"@type":"ReadAction","target":["https:\/\/com-quotidiens.fr\/blog\/developpement-personnel\/estime-de-soi-la-cle-pour-renforcer-votre-confiance-en-vous-des-aujourdhui\/"]}]},{"@type":"ImageObject","inLanguage":"fr-FR","@id":"https:\/\/com-quotidiens.fr\/blog\/developpement-personnel\/estime-de-soi-la-cle-pour-renforcer-votre-confiance-en-vous-des-aujourdhui\/#primaryimage","url":"https:\/\/com-quotidiens.fr\/blog\/wp-content\/uploads\/2025\/10\/sdxl-bccccfd8ddd73172c0df688a95112b86-scaled.png","contentUrl":"https:\/\/com-quotidiens.fr\/blog\/wp-content\/uploads\/2025\/10\/sdxl-bccccfd8ddd73172c0df688a95112b86-scaled.png","width":1200,"height":500},{"@type":"WebSite","@id":"https:\/\/com-quotidiens.fr\/blog\/#website","url":"https:\/\/com-quotidiens.fr\/blog\/","name":"com-quotidiens.fr","description":"Com Quotidiens, l&#039;info communication au quotidien","publisher":{"@id":"https:\/\/com-quotidiens.fr\/blog\/#organization"},"alternateName":"Com Quotidiens, l'info communication au quotidien","potentialAction":[{"@type":"SearchAction","target":{"@type":"EntryPoint","urlTemplate":"https:\/\/com-quotidiens.fr\/blog\/?s={search_term_string}"},"query-input":{"@type":"PropertyValueSpecification","valueRequired":true,"valueName":"search_term_string"}}],"inLanguage":"fr-FR"},{"@type":"Organization","@id":"https:\/\/com-quotidiens.fr\/blog\/#organization","name":"Foretsensations.fr","url":"https:\/\/com-quotidiens.fr\/blog\/","logo":{"@type":"ImageObject","inLanguage":"fr-FR","@id":"https:\/\/com-quotidiens.fr\/blog\/#\/schema\/logo\/image\/","url":"https:\/\/com-quotidiens.fr\/blog\/wp-content\/uploads\/2024\/12\/26.png","contentUrl":"https:\/\/com-quotidiens.fr\/blog\/wp-content\/uploads\/2024\/12\/26.png","width":500,"height":500,"caption":"Foretsensations.fr"},"image":{"@id":"https:\/\/com-quotidiens.fr\/blog\/#\/schema\/logo\/image\/"}},{"@type":"Person","@id":"https:\/\/com-quotidiens.fr\/blog\/#\/schema\/person\/3c864cdc320801e3db34b663e7e3f816","name":"Th\u00e9o R.","image":{"@type":"ImageObject","inLanguage":"fr-FR","@id":"https:\/\/com-quotidiens.fr\/blog\/#\/schema\/person\/image\/","url":"https:\/\/com-quotidiens.fr\/blog\/wp-content\/uploads\/2026\/06\/persona_theo-r-96x96.jpg","contentUrl":"https:\/\/com-quotidiens.fr\/blog\/wp-content\/uploads\/2026\/06\/persona_theo-r-96x96.jpg","caption":"Th\u00e9o R."},"description":"Le web et la communication sont mon m\u00e9tier depuis une dizaine d'ann\u00e9es, entre r\u00e9daction, strat\u00e9gie de contenu et accompagnement de projets en ligne. J'\u00e9cris sur la cr\u00e9ation de site, le marketing digital, l'image de marque et le m\u00e9tier de r\u00e9dacteur web, avec l'envie de rendre ces sujets concrets pour les ind\u00e9pendants et les petites entreprises. J'aime expliquer comment se construit une pr\u00e9sence en ligne cr\u00e9dible, du choix des mots \u00e0 la coh\u00e9rence visuelle, sans recourir au jargon d'agence. Avant de recommander une m\u00e9thode ou un outil, je l'\u00e9prouve sur le terrain et je distingue ce qui marche vraiment des promesses \u00e0 la mode. Je me m\u00e9fie des recettes miracles en marketing, car aucune ne dispense de travail et de r\u00e9gularit\u00e9. Mon angle : donner des rep\u00e8res solides pour communiquer juste et b\u00e2tir une marque qui dure, \u00e0 hauteur de budgets r\u00e9els et d'\u00e9quipes r\u00e9duites.","url":"https:\/\/com-quotidiens.fr\/blog\/auteur\/noname\/","jobTitle":"R\u00e9dacteur en chef \u00b7 Web & Communication","knowsAbout":["Web","Communication"],"email":"theo.r@clickbuzz.fr"}]}},"_links":{"self":[{"href":"https:\/\/com-quotidiens.fr\/blog\/wp-json\/wp\/v2\/posts\/7495","targetHints":{"allow":["GET"]}}],"collection":[{"href":"https:\/\/com-quotidiens.fr\/blog\/wp-json\/wp\/v2\/posts"}],"about":[{"href":"https:\/\/com-quotidiens.fr\/blog\/wp-json\/wp\/v2\/types\/post"}],"author":[{"embeddable":true,"href":"https:\/\/com-quotidiens.fr\/blog\/wp-json\/wp\/v2\/users\/34"}],"replies":[{"embeddable":true,"href":"https:\/\/com-quotidiens.fr\/blog\/wp-json\/wp\/v2\/comments?post=7495"}],"version-history":[{"count":2,"href":"https:\/\/com-quotidiens.fr\/blog\/wp-json\/wp\/v2\/posts\/7495\/revisions"}],"predecessor-version":[{"id":7617,"href":"https:\/\/com-quotidiens.fr\/blog\/wp-json\/wp\/v2\/posts\/7495\/revisions\/7617"}],"wp:featuredmedia":[{"embeddable":true,"href":"https:\/\/com-quotidiens.fr\/blog\/wp-json\/wp\/v2\/media\/7511"}],"wp:attachment":[{"href":"https:\/\/com-quotidiens.fr\/blog\/wp-json\/wp\/v2\/media?parent=7495"}],"wp:term":[{"taxonomy":"category","embeddable":true,"href":"https:\/\/com-quotidiens.fr\/blog\/wp-json\/wp\/v2\/categories?post=7495"},{"taxonomy":"post_tag","embeddable":true,"href":"https:\/\/com-quotidiens.fr\/blog\/wp-json\/wp\/v2\/tags?post=7495"}],"curies":[{"name":"wp","href":"https:\/\/api.w.org\/{rel}","templated":true}]}}