{"id":7494,"date":"2026-06-19T13:45:19","date_gmt":"2026-06-19T11:45:19","guid":{"rendered":"https:\/\/com-quotidiens.fr\/blog\/?p=7494"},"modified":"2026-06-19T13:45:19","modified_gmt":"2026-06-19T11:45:19","slug":"les-5-dimensions-fondamentales-de-lintelligence-emotionnelle-en-2025","status":"publish","type":"post","link":"https:\/\/com-quotidiens.fr\/blog\/developpement-personnel\/les-5-dimensions-fondamentales-de-lintelligence-emotionnelle-en-2025\/","title":{"rendered":"Les 5 dimensions fondamentales de l&rsquo;intelligence \u00e9motionnelle en 2025"},"content":{"rendered":"<link rel=\"stylesheet\" href=\"https:\/\/fonts.googleapis.com\/css2?family=Space+Grotesk:wght@500;600;700&#038;family=Inter:wght@400;500;600&#038;family=JetBrains+Mono:wght@500&#038;display=swap\">\n<style>\n.cq-ib-wrap{font-family:'Inter',system-ui,sans-serif;color:#1f2a30;line-height:1.65;font-size:17px;max-width:820px;margin:0 auto}\n.cq-ib-wrap h1,.cq-ib-wrap h2,.cq-ib-wrap h3{font-family:'Space Grotesk','Inter',sans-serif;letter-spacing:-0.01em;color:#12262b;line-height:1.2}\n.cq-ib-wrap h1{font-size:clamp(28px,4.2vw,40px);font-weight:700;margin:0 0 18px}\n.cq-ib-wrap h2{font-size:clamp(23px,3.1vw,31px);font-weight:700;margin:48px 0 16px}\n.cq-ib-wrap h3{font-size:clamp(18px,2.2vw,21px);font-weight:600;margin:26px 0 10px}\n.cq-ib-wrap p{margin:0 0 16px}\n.cq-ib-lead{font-size:19px;color:#3b4a52;margin:0 0 26px}\n.cq-ib-kicker{font-family:'JetBrains Mono',monospace;font-size:12px;font-weight:500;letter-spacing:.12em;text-transform:uppercase;color:#0d8a76;margin:0 0 8px}\n.cq-ib-brief{background:#eafaf5;border-left:5px solid #0d8a76;border-radius:0 12px 12px 0;padding:22px 26px;margin:0 0 34px;box-shadow:0 12px 28px -18px rgba(13,138,118,.4)}\n.cq-ib-brief .cq-ib-kicker{color:#0a6b5c}\n.cq-ib-brief .cq-ib-ans{font-size:18px;font-weight:500;color:#12343b;margin:0 0 14px}\n.cq-ib-brief ul{margin:0;padding-left:20px}\n.cq-ib-brief li{margin:7px 0;color:#1f3a40}\n.cq-ib-grid{display:grid;grid-template-columns:repeat(auto-fit,minmax(240px,1fr));gap:20px;margin:24px 0}\n.cq-ib-card{background:#fff;border:1px solid #e2e9e8;border-top:3px solid #0d8a76;border-radius:12px;padding:22px 24px;transition:.25s ease}\n.cq-ib-card:hover{transform:translateY(-3px);box-shadow:0 14px 30px -16px rgba(16,40,38,.3)}\n.cq-ib-card h3{margin:0 0 8px;font-size:18px}\n.cq-ib-card .cq-ib-txt{font-size:15.5px;color:#46555c}\n.cq-ib-card .cq-ib-num{font-family:'JetBrains Mono',monospace;font-size:13px;color:#0d8a76;font-weight:500}\n.cq-ib-note{background:#fff7ed;border:1px solid #f2d9b8;border-radius:12px;padding:20px 24px;margin:26px 0}\n.cq-ib-note .cq-ib-kicker{color:#b9750e}\n.cq-ib-note .cq-ib-txt{font-size:16px;color:#5a4a31;margin:6px 0 0}\n.cq-ib-table-wrap{overflow:hidden;border:1px solid #e2e9e8;border-radius:12px;margin:24px 0}\n.cq-ib-wrap table{border-collapse:collapse;width:100%;font-size:15px}\n.cq-ib-wrap thead th{background:#0d8a76;color:#fff;text-align:left;padding:12px 14px;font-family:'Space Grotesk',sans-serif;font-weight:600;font-size:14px}\n.cq-ib-wrap tbody td{padding:11px 14px;border-top:1px solid #e8efee}\n.cq-ib-wrap tbody tr:nth-child(even){background:#f5faf9}\n.cq-ib-retain{background:#12343b;color:#e7f4f1;border-radius:14px;padding:26px 28px;margin:40px 0}\n.cq-ib-retain .cq-ib-kicker{color:#5bd6bd}\n.cq-ib-retain ul{margin:8px 0 0;padding-left:20px}\n.cq-ib-retain li{margin:8px 0;color:#e7f4f1}\n.cq-ib-retain strong{color:#fff}\n.cq-ib-faq{margin:30px 0}\n.cq-ib-faq details{border:1px solid #e2e9e8;border-radius:10px;padding:0;margin:0 0 12px;background:#fff;transition:.2s ease}\n.cq-ib-faq details[open]{box-shadow:0 10px 26px -18px rgba(16,40,38,.35)}\n.cq-ib-faq summary{cursor:pointer;padding:16px 20px;font-family:'Space Grotesk',sans-serif;font-weight:600;font-size:17px;color:#12262b;list-style:none}\n.cq-ib-faq summary::-webkit-details-marker{display:none}\n.cq-ib-faq summary::before{content:\"+\";color:#0d8a76;font-weight:700;margin-right:10px}\n.cq-ib-faq details[open] summary::before{content:\"\u2013\"}\n.cq-ib-faq .cq-ib-fa{padding:0 20px 18px;color:#46555c;font-size:16px}\n.cq-ib-res{display:grid;grid-template-columns:repeat(auto-fit,minmax(260px,1fr));gap:18px;margin:22px 0}\n.cq-ib-res .cq-ib-card a{color:#0d8a76;font-weight:600;text-decoration:none;border-bottom:1px solid #9fd9cd}\n.cq-ib-res .cq-ib-card a:hover{border-bottom-color:#0d8a76}\n.cq-ib-res .cq-ib-meta{font-family:'JetBrains Mono',monospace;font-size:13px;color:#62716f}\n<\/style>\n<div class=\"cq-ib-wrap\">\n<h1>Les 5 dimensions fondamentales de l&rsquo;intelligence \u00e9motionnelle en 2025<\/h1>\n<p class=\"cq-ib-lead\">L&rsquo;intelligence \u00e9motionnelle (IE) d\u00e9signe la capacit\u00e9 \u00e0 reconna\u00eetre, comprendre et r\u00e9guler ses propres \u00e9motions comme celles d&rsquo;autrui. Popularis\u00e9e par Daniel Goleman, elle s&rsquo;articule autour de cinq composantes qui se travaillent tout au long de la vie. Voici ce qu&rsquo;elle recouvre vraiment, et comment la d\u00e9velopper.<\/p>\n<div class=\"cq-ib-brief\">\n<div class=\"cq-ib-kicker\">En bref<\/div>\n<div class=\"cq-ib-ans\">L&rsquo;intelligence \u00e9motionnelle est l&rsquo;aptitude \u00e0 percevoir, comprendre et g\u00e9rer les \u00e9motions \u2014 les siennes et celles des autres. Dans le mod\u00e8le de r\u00e9f\u00e9rence de Daniel Goleman, elle repose sur cinq dimensions : la conscience de soi, la ma\u00eetrise de soi, la motivation, l&#8217;empathie et les aptitudes sociales.<\/div>\n<ul>\n<li>Concept formalis\u00e9 par les psychologues Peter Salovey et John D. Mayer, puis vulgaris\u00e9 par Daniel Goleman.<\/li>\n<li>Ce n&rsquo;est pas un trait fig\u00e9 : elle peut se d\u00e9velopper par l&rsquo;entra\u00eenement et l&rsquo;introspection.<\/li>\n<li>Elle est de plus en plus valoris\u00e9e dans le recrutement et le management aux c\u00f4t\u00e9s des comp\u00e9tences techniques.<\/li>\n<\/ul>\n<\/div>\n<h2>Qu&rsquo;est-ce que l&rsquo;intelligence \u00e9motionnelle ?<\/h2>\n<p>Le concept d&rsquo;<strong>intelligence \u00e9motionnelle<\/strong> a \u00e9t\u00e9 formalis\u00e9 au d\u00e9but des ann\u00e9es 1990 par les psychologues <strong>Peter Salovey<\/strong> (Yale) et <strong>John D. Mayer<\/strong>, qui la d\u00e9finissent comme la capacit\u00e9 \u00e0 traiter l&rsquo;information \u00e9motionnelle. Il a ensuite \u00e9t\u00e9 popularis\u00e9 aupr\u00e8s du grand public par <strong>Daniel Goleman<\/strong>, docteur en psychologie, dont l&rsquo;ouvrage <em>Emotional Intelligence<\/em> (1995) a diffus\u00e9 le mod\u00e8le des cinq composantes le plus largement utilis\u00e9 aujourd&rsquo;hui.<\/p>\n<p>La <strong>d\u00e9finition<\/strong> tient en une phrase : c&rsquo;est l&rsquo;aptitude \u00e0 identifier ses propres \u00e9tats \u00e9motionnels et ceux des autres, \u00e0 les comprendre, et \u00e0 s&rsquo;en servir pour orienter sa pens\u00e9e et son comportement. L\u00e0 o\u00f9 le quotient intellectuel (QI) mesure des capacit\u00e9s cognitives, le <strong>quotient \u00e9motionnel (QE)<\/strong> renvoie \u00e0 cette intelligence relationnelle et intra-personnelle.<\/p>\n<h2>Les 5 dimensions du mod\u00e8le de Goleman<\/h2>\n<p>Le mod\u00e8le de Daniel Goleman d\u00e9crit cinq dimensions compl\u00e9mentaires. Les deux premi\u00e8res concernent le rapport \u00e0 soi, les trois suivantes le rapport aux autres.<\/p>\n<div class=\"cq-ib-grid\">\n<div class=\"cq-ib-card\">\n<div class=\"cq-ib-num\">01<\/div>\n<h3>Conscience de soi<\/h3>\n<div class=\"cq-ib-txt\">Savoir identifier et nommer ses \u00e9motions au moment o\u00f9 elles surviennent, et reconna\u00eetre leur effet sur ses d\u00e9cisions et ses relations.<\/div>\n<\/p><\/div>\n<div class=\"cq-ib-card\">\n<div class=\"cq-ib-num\">02<\/div>\n<h3>Ma\u00eetrise de soi<\/h3>\n<div class=\"cq-ib-txt\">R\u00e9guler ses impulsions et ses r\u00e9actions, g\u00e9rer le stress et reprendre le contr\u00f4le plut\u00f4t que de subir ses \u00e9tats \u00e9motionnels.<\/div>\n<\/p><\/div>\n<div class=\"cq-ib-card\">\n<div class=\"cq-ib-num\">03<\/div>\n<h3>Motivation<\/h3>\n<div class=\"cq-ib-txt\">Mobiliser ses \u00e9motions au service d&rsquo;un objectif, faire preuve de pers\u00e9v\u00e9rance et chercher le progr\u00e8s au-del\u00e0 des seules r\u00e9compenses ext\u00e9rieures.<\/div>\n<\/p><\/div>\n<div class=\"cq-ib-card\">\n<div class=\"cq-ib-num\">04<\/div>\n<h3>Empathie<\/h3>\n<div class=\"cq-ib-txt\">Percevoir et comprendre les \u00e9motions d&rsquo;autrui, se mettre \u00e0 sa place et tenir compte de son ressenti dans la relation.<\/div>\n<\/p><\/div>\n<div class=\"cq-ib-card\">\n<div class=\"cq-ib-num\">05<\/div>\n<h3>Aptitudes sociales<\/h3>\n<div class=\"cq-ib-txt\">Construire et entretenir des relations de qualit\u00e9 : communiquer, coop\u00e9rer, influencer positivement et g\u00e9rer les conflits.<\/div>\n<\/p><\/div>\n<\/div>\n<h2>Comment \u00e7a marche : \u00e9motions et cerveau<\/h2>\n<p>L&rsquo;intelligence \u00e9motionnelle s&rsquo;appuie sur l&rsquo;interaction entre les r\u00e9gions du cerveau qui traitent les \u00e9motions et celles qui g\u00e8rent le raisonnement. L&rsquo;amygdale est associ\u00e9e au d\u00e9clenchement rapide des r\u00e9actions \u00e9motionnelles (la peur, l&rsquo;alerte), tandis que le cortex pr\u00e9frontal intervient dans le contr\u00f4le des impulsions, l&rsquo;\u00e9valuation et la prise de recul.<\/p>\n<p>L&rsquo;id\u00e9e centrale est celle de la <strong>plasticit\u00e9 c\u00e9r\u00e9brale<\/strong> : le cerveau adulte reste capable de se r\u00e9organiser avec l&rsquo;exp\u00e9rience. C&rsquo;est ce qui explique que les comp\u00e9tences \u00e9motionnelles puissent \u00eatre renforc\u00e9es par la pratique, \u00e0 tout \u00e2ge \u2014 l&rsquo;IE n&rsquo;est ni inn\u00e9e ni d\u00e9finitivement acquise.<\/p>\n<h2>Comment d\u00e9velopper son intelligence \u00e9motionnelle<\/h2>\n<p>D\u00e9velopper son IE rel\u00e8ve d&rsquo;une d\u00e9marche volontaire, qui combine observation de soi et mise en situation. Quelques pratiques reviennent r\u00e9guli\u00e8rement dans les programmes de formation et le coaching.<\/p>\n<h3>La pleine conscience (mindfulness)<\/h3>\n<p>La m\u00e9ditation de pleine conscience entra\u00eene \u00e0 observer ses \u00e9motions sans r\u00e9agir imm\u00e9diatement. C&rsquo;est l&rsquo;esprit de programmes comme \u00ab Search Inside Yourself \u00bb, initialement con\u00e7u chez Google par Chade-Meng Tan, qui associent attention, r\u00e9flexion et \u00e9coute.<\/p>\n<h3>Le journal \u00e9motionnel<\/h3>\n<p>Noter r\u00e9guli\u00e8rement ses ressentis et les situations qui les d\u00e9clenchent aide \u00e0 rep\u00e9rer ses sch\u00e9mas de r\u00e9action et \u00e0 mieux nommer ce que l&rsquo;on vit \u2014 premi\u00e8re marche de la conscience de soi.<\/p>\n<h3>Le feedback authentique<\/h3>\n<p>Demander et recevoir des retours sinc\u00e8res, dans un cadre bienveillant, permet de mesurer l&rsquo;\u00e9cart entre l&rsquo;image que l&rsquo;on a de soi et la perception des autres, et de progresser sur les aptitudes sociales.<\/p>\n<h3>La gestion du stress<\/h3>\n<p>Des techniques comme la respiration ou la coh\u00e9rence cardiaque aident \u00e0 r\u00e9guler l&rsquo;activation \u00e9motionnelle dans les moments de tension, et donc \u00e0 renforcer la ma\u00eetrise de soi.<\/p>\n<h2>Comment l&rsquo;utiliser au travail<\/h2>\n<p>En contexte professionnel, l&rsquo;intelligence \u00e9motionnelle se traduit tr\u00e8s concr\u00e8tement. Un manager qui sait nommer ses \u00e9motions et lire celles de son \u00e9quipe d\u00e9samorce plus facilement les tensions, communique plus clairement et entretient l&rsquo;engagement. C&rsquo;est pourquoi elle figure de plus en plus parmi les comp\u00e9tences recherch\u00e9es, aux c\u00f4t\u00e9s des savoir-faire techniques.<\/p>\n<p>Elle sert aussi bien la <strong>r\u00e9solution de conflits<\/strong> (\u00e9coute, m\u00e9diation, recadrage apais\u00e9) que la <strong>collaboration<\/strong> et la cr\u00e9ativit\u00e9 collective, o\u00f9 la confiance et la s\u00e9curit\u00e9 relationnelle lib\u00e8rent la parole. \u00c0 l&rsquo;heure o\u00f9 l&rsquo;automatisation prend en charge une part croissante des t\u00e2ches, ces comp\u00e9tences proprement humaines deviennent un atout distinctif.<\/p>\n<div class=\"cq-ib-note\">\n<div class=\"cq-ib-kicker\">Id\u00e9es re\u00e7ues<\/div>\n<h3 style=\"margin:0\">Trois mythes \u00e0 d\u00e9passer<\/h3>\n<div class=\"cq-ib-txt\"><strong>\u00ab L&rsquo;IE est inn\u00e9e. \u00bb<\/strong> Faux : gr\u00e2ce \u00e0 la plasticit\u00e9 c\u00e9r\u00e9brale, elle se travaille \u00e0 tout \u00e2ge.<br \/><strong>\u00ab Seuls les extravertis en ont. \u00bb<\/strong> Non : des profils introvertis peuvent \u00eatre tr\u00e8s \u00e0 l&rsquo;\u00e9coute et fins dans la gestion du stress.<br \/><strong>\u00ab Elle ne sert pas dans les m\u00e9tiers techniques. \u00bb<\/strong> Au contraire : coop\u00e9ration et communication comptent dans toutes les \u00e9quipes.<\/div>\n<\/div>\n<h2>Comment mesurer son quotient \u00e9motionnel (QE) ?<\/h2>\n<p>Plusieurs outils psychom\u00e9triques, valid\u00e9s par la recherche, permettent d&rsquo;\u00e9valuer l&rsquo;intelligence \u00e9motionnelle. Ils sont surtout fiables lorsqu&rsquo;ils sont pass\u00e9s et interpr\u00e9t\u00e9s avec l&rsquo;accompagnement d&rsquo;un praticien : un test ne remplace ni un \u00e9change humain ni une analyse du comportement r\u00e9el.<\/p>\n<div class=\"cq-ib-table-wrap\">\n<table>\n<thead>\n<tr>\n<th>Outil d&rsquo;\u00e9valuation<\/th>\n<th>Cr\u00e9ateur(s)<\/th>\n<th>Sp\u00e9cificit\u00e9<\/th>\n<\/tr>\n<\/thead>\n<tbody>\n<tr>\n<td><strong>MSCEIT<\/strong><\/td>\n<td>Mayer, Salovey, Caruso<\/td>\n<td>Test de performance : \u00e9preuves objectives de perception et de r\u00e9gulation des \u00e9motions<\/td>\n<\/tr>\n<tr>\n<td><strong>EQ-i 2.0<\/strong><\/td>\n<td>Reuven Bar-On<\/td>\n<td>Auto-questionnaire structur\u00e9 en plusieurs sous-\u00e9chelles<\/td>\n<\/tr>\n<tr>\n<td><strong>TEIQue<\/strong><\/td>\n<td>K. V. Petrides (London Psychometric Laboratory)<\/td>\n<td>Mesure des traits et dispositions \u00e9motionnels<\/td>\n<\/tr>\n<\/tbody>\n<\/table>\n<\/div>\n<p>Le meilleur diagnostic combine g\u00e9n\u00e9ralement le r\u00e9sultat d&rsquo;un test standardis\u00e9 avec des retours qualitatifs de terrain (coaching, entretiens, feedback \u00e0 360\u00b0). C&rsquo;est cette mise en perspective qui permet de b\u00e2tir un vrai plan de progression.<\/p>\n<div class=\"cq-ib-retain\">\n<div class=\"cq-ib-kicker\">\u00c0 retenir<\/div>\n<ul>\n<li>L&rsquo;intelligence \u00e9motionnelle, c&rsquo;est <strong>percevoir, comprendre et r\u00e9guler les \u00e9motions<\/strong> \u2014 les siennes et celles des autres.<\/li>\n<li>Le mod\u00e8le de Goleman repose sur <strong>5 dimensions<\/strong> : conscience de soi, ma\u00eetrise de soi, motivation, empathie, aptitudes sociales.<\/li>\n<li>Elle <strong>se d\u00e9veloppe<\/strong> : pleine conscience, journal \u00e9motionnel, feedback et gestion du stress sont des leviers accessibles.<\/li>\n<li>Des outils comme le <strong>MSCEIT<\/strong>, l&rsquo;<strong>EQ-i 2.0<\/strong> ou le <strong>TEIQue<\/strong> aident \u00e0 l&rsquo;\u00e9valuer, id\u00e9alement avec un praticien.<\/li>\n<\/ul>\n<\/div>\n<h2>Questions fr\u00e9quentes<\/h2>\n<div class=\"cq-ib-faq\">\n<details>\n<summary>Quelle est la d\u00e9finition de l&rsquo;intelligence \u00e9motionnelle ?<\/summary>\n<div class=\"cq-ib-fa\">C&rsquo;est la capacit\u00e9 \u00e0 reconna\u00eetre, comprendre et g\u00e9rer ses propres \u00e9motions ainsi que celles des autres, et \u00e0 s&rsquo;en servir pour guider sa pens\u00e9e et son comportement. On la distingue du quotient intellectuel (QI), qui mesure des capacit\u00e9s cognitives.<\/div>\n<\/details>\n<details>\n<summary>Quelles sont les principales caract\u00e9ristiques de l&rsquo;intelligence \u00e9motionnelle ?<\/summary>\n<div class=\"cq-ib-fa\">Dans le mod\u00e8le de Daniel Goleman, elle comprend cinq composantes : la conscience de soi, la ma\u00eetrise de soi, la motivation, l&#8217;empathie et les aptitudes sociales. Les deux premi\u00e8res portent sur le rapport \u00e0 soi, les trois autres sur la relation aux autres.<\/div>\n<\/details>\n<details>\n<summary>Comment d\u00e9velopper son intelligence \u00e9motionnelle ?<\/summary>\n<div class=\"cq-ib-fa\">Par une pratique r\u00e9guli\u00e8re : la pleine conscience pour observer ses \u00e9motions, le journal \u00e9motionnel pour rep\u00e9rer ses d\u00e9clencheurs, le feedback sinc\u00e8re pour ajuster sa perception de soi, et des techniques de gestion du stress pour mieux se r\u00e9guler. La plasticit\u00e9 du cerveau rend cette progression possible \u00e0 tout \u00e2ge.<\/div>\n<\/details>\n<details>\n<summary>Comment utiliser l&rsquo;intelligence \u00e9motionnelle au quotidien ?<\/summary>\n<div class=\"cq-ib-fa\">En l&rsquo;appliquant \u00e0 ses relations : prendre un instant pour identifier ce que l&rsquo;on ressent avant de r\u00e9agir, \u00e9couter activement, reformuler les besoins de l&rsquo;autre, et adapter sa communication. Au travail, elle aide \u00e0 d\u00e9samorcer les conflits, \u00e0 coop\u00e9rer et \u00e0 f\u00e9d\u00e9rer une \u00e9quipe.<\/div>\n<\/details>\n<details>\n<summary>Peut-on mesurer son quotient \u00e9motionnel (QE) ?<\/summary>\n<div class=\"cq-ib-fa\">Oui, \u00e0 l&rsquo;aide d&rsquo;outils valid\u00e9s comme le MSCEIT, l&rsquo;EQ-i 2.0 ou le TEIQue. Ils donnent des rep\u00e8res utiles mais ne se suffisent pas \u00e0 eux-m\u00eames : leur interpr\u00e9tation gagne \u00e0 \u00eatre accompagn\u00e9e par un professionnel et crois\u00e9e avec des observations de terrain.<\/div>\n<\/details>\n<\/div>\n<h2>Pour aller plus loin : ressources et formations<\/h2>\n<div class=\"cq-ib-res\">\n<div class=\"cq-ib-card\">\n<h3>IFOD \u2014 Intelligence \u00e9motionnelle<\/h3>\n<div class=\"cq-ib-txt\">Parcours individuels ou collectifs autour de l&rsquo;intelligence \u00e9motionnelle, \u00e0 Paris.<\/div>\n<div class=\"cq-ib-meta\">12 rue d&rsquo;Argenteuil, 75001 Paris \u00b7 01 44 52 99 00<\/div>\n<div style=\"margin-top:8px\"><a href=\"http:\/\/www.ifod.fr\" rel=\"nofollow\">www.ifod.fr<\/a><\/div>\n<\/p><\/div>\n<div class=\"cq-ib-card\">\n<h3>Centre Intelligence \u00c9motionnelle<\/h3>\n<div class=\"cq-ib-txt\">Formations \u00ab Les essentiels de l&rsquo;intelligence \u00e9motionnelle \u00bb, en pr\u00e9sentiel ou \u00e0 distance.<\/div>\n<div class=\"cq-ib-meta\">31 rue de Sur\u00e8ne, 75008 Paris \u00b7 06 40 55 31 02<\/div>\n<div style=\"margin-top:8px\"><a href=\"http:\/\/www.centreintelligenceemotionnelle.com\" rel=\"nofollow\">www.centreintelligenceemotionnelle.com<\/a><\/div>\n<\/p><\/div>\n<\/div>\n<\/div>\n","protected":false},"excerpt":{"rendered":"","protected":false},"author":34,"featured_media":7506,"comment_status":"open","ping_status":"open","sticky":false,"template":"","format":"standard","meta":{"_acf_changed":false,"manual_indexmenow":false,"indexmenow_id_project":0,"footnotes":""},"categories":[4521],"tags":[4654,4652,4653],"class_list":["post-7494","post","type-post","status-publish","format-standard","has-post-thumbnail","hentry","category-developpement-personnel","tag-dveloppement-personnel","tag-intelligence-motionnelle","tag-psychologie","generate-columns","tablet-grid-50","mobile-grid-100","grid-parent","grid-25"],"acf":[],"yoast_head":"<!-- This site is optimized with the Yoast SEO Premium plugin v21.3 (Yoast SEO v25.6) - https:\/\/yoast.com\/wordpress\/plugins\/seo\/ -->\n<title>Les 5 dimensions de l&#039;intelligence \u00e9motionnelle en 2025<\/title>\n<meta name=\"description\" content=\"L&#039;intelligence \u00e9motionnelle (IE) d\u00e9signe la capacit\u00e9 \u00e0 reconna\u00eetre, comprendre et r\u00e9guler ses propres \u00e9motions comme celles d&#039;autrui.\" \/>\n<meta name=\"robots\" content=\"index, follow, max-snippet:-1, max-image-preview:large, max-video-preview:-1\" \/>\n<link rel=\"canonical\" href=\"https:\/\/com-quotidiens.fr\/blog\/developpement-personnel\/les-5-dimensions-fondamentales-de-lintelligence-emotionnelle-en-2025\/\" \/>\n<meta property=\"og:locale\" content=\"fr_FR\" \/>\n<meta property=\"og:type\" content=\"article\" \/>\n<meta property=\"og:title\" content=\"Les 5 dimensions de l&#039;intelligence \u00e9motionnelle en 2025\" \/>\n<meta property=\"og:description\" content=\"L&#039;intelligence \u00e9motionnelle (IE) d\u00e9signe la capacit\u00e9 \u00e0 reconna\u00eetre, comprendre et r\u00e9guler ses propres \u00e9motions comme celles d&#039;autrui.\" \/>\n<meta property=\"og:url\" content=\"https:\/\/com-quotidiens.fr\/blog\/developpement-personnel\/les-5-dimensions-fondamentales-de-lintelligence-emotionnelle-en-2025\/\" \/>\n<meta property=\"og:site_name\" content=\"com-quotidiens\" \/>\n<meta property=\"og:image\" content=\"https:\/\/com-quotidiens.fr\/blog\/wp-content\/uploads\/2025\/10\/sdxl-8c423c8de6c46522a587ceb117afe4f3-scaled.png\" \/>\n\t<meta property=\"og:image:width\" content=\"1200\" \/>\n\t<meta property=\"og:image:height\" content=\"500\" \/>\n\t<meta property=\"og:image:type\" content=\"image\/png\" \/>\n<meta name=\"author\" content=\"Th\u00e9o R.\" \/>\n<meta name=\"twitter:card\" content=\"summary_large_image\" \/>\n<script type=\"application\/ld+json\" class=\"yoast-schema-graph\">{\"@context\":\"https:\/\/schema.org\",\"@graph\":[{\"@type\":\"NewsArticle\",\"@id\":\"https:\/\/com-quotidiens.fr\/blog\/developpement-personnel\/les-5-dimensions-fondamentales-de-lintelligence-emotionnelle-en-2025\/#article\",\"isPartOf\":{\"@id\":\"https:\/\/com-quotidiens.fr\/blog\/developpement-personnel\/les-5-dimensions-fondamentales-de-lintelligence-emotionnelle-en-2025\/\"},\"author\":{\"name\":\"Th\u00e9o R.\",\"@id\":\"https:\/\/com-quotidiens.fr\/blog\/#\/schema\/person\/3c864cdc320801e3db34b663e7e3f816\"},\"headline\":\"Les 5 dimensions fondamentales de l&rsquo;intelligence \u00e9motionnelle en 2025\",\"datePublished\":\"2026-06-19T11:45:19+00:00\",\"mainEntityOfPage\":{\"@id\":\"https:\/\/com-quotidiens.fr\/blog\/developpement-personnel\/les-5-dimensions-fondamentales-de-lintelligence-emotionnelle-en-2025\/\"},\"wordCount\":1519,\"commentCount\":0,\"publisher\":{\"@id\":\"https:\/\/com-quotidiens.fr\/blog\/#organization\"},\"image\":{\"@id\":\"https:\/\/com-quotidiens.fr\/blog\/developpement-personnel\/les-5-dimensions-fondamentales-de-lintelligence-emotionnelle-en-2025\/#primaryimage\"},\"thumbnailUrl\":\"https:\/\/com-quotidiens.fr\/blog\/wp-content\/uploads\/2025\/10\/sdxl-8c423c8de6c46522a587ceb117afe4f3-scaled.png\",\"keywords\":[\"dveloppement personnel\",\"intelligence motionnelle\",\"psychologie\"],\"articleSection\":[\"D\u00e9veloppement Personnel\"],\"inLanguage\":\"fr-FR\",\"potentialAction\":[{\"@type\":\"CommentAction\",\"name\":\"Comment\",\"target\":[\"https:\/\/com-quotidiens.fr\/blog\/developpement-personnel\/les-5-dimensions-fondamentales-de-lintelligence-emotionnelle-en-2025\/#respond\"]}]},{\"@type\":\"WebPage\",\"@id\":\"https:\/\/com-quotidiens.fr\/blog\/developpement-personnel\/les-5-dimensions-fondamentales-de-lintelligence-emotionnelle-en-2025\/\",\"url\":\"https:\/\/com-quotidiens.fr\/blog\/developpement-personnel\/les-5-dimensions-fondamentales-de-lintelligence-emotionnelle-en-2025\/\",\"name\":\"Les 5 dimensions de l'intelligence \u00e9motionnelle en 2025\",\"isPartOf\":{\"@id\":\"https:\/\/com-quotidiens.fr\/blog\/#website\"},\"primaryImageOfPage\":{\"@id\":\"https:\/\/com-quotidiens.fr\/blog\/developpement-personnel\/les-5-dimensions-fondamentales-de-lintelligence-emotionnelle-en-2025\/#primaryimage\"},\"image\":{\"@id\":\"https:\/\/com-quotidiens.fr\/blog\/developpement-personnel\/les-5-dimensions-fondamentales-de-lintelligence-emotionnelle-en-2025\/#primaryimage\"},\"thumbnailUrl\":\"https:\/\/com-quotidiens.fr\/blog\/wp-content\/uploads\/2025\/10\/sdxl-8c423c8de6c46522a587ceb117afe4f3-scaled.png\",\"datePublished\":\"2026-06-19T11:45:19+00:00\",\"description\":\"L'intelligence \u00e9motionnelle (IE) d\u00e9signe la capacit\u00e9 \u00e0 reconna\u00eetre, comprendre et r\u00e9guler ses propres \u00e9motions comme celles d'autrui.\",\"inLanguage\":\"fr-FR\",\"potentialAction\":[{\"@type\":\"ReadAction\",\"target\":[\"https:\/\/com-quotidiens.fr\/blog\/developpement-personnel\/les-5-dimensions-fondamentales-de-lintelligence-emotionnelle-en-2025\/\"]}]},{\"@type\":\"ImageObject\",\"inLanguage\":\"fr-FR\",\"@id\":\"https:\/\/com-quotidiens.fr\/blog\/developpement-personnel\/les-5-dimensions-fondamentales-de-lintelligence-emotionnelle-en-2025\/#primaryimage\",\"url\":\"https:\/\/com-quotidiens.fr\/blog\/wp-content\/uploads\/2025\/10\/sdxl-8c423c8de6c46522a587ceb117afe4f3-scaled.png\",\"contentUrl\":\"https:\/\/com-quotidiens.fr\/blog\/wp-content\/uploads\/2025\/10\/sdxl-8c423c8de6c46522a587ceb117afe4f3-scaled.png\",\"width\":1200,\"height\":500},{\"@type\":\"WebSite\",\"@id\":\"https:\/\/com-quotidiens.fr\/blog\/#website\",\"url\":\"https:\/\/com-quotidiens.fr\/blog\/\",\"name\":\"com-quotidiens.fr\",\"description\":\"Com Quotidiens, l&#039;info communication au quotidien\",\"publisher\":{\"@id\":\"https:\/\/com-quotidiens.fr\/blog\/#organization\"},\"alternateName\":\"Com Quotidiens, l'info communication au quotidien\",\"potentialAction\":[{\"@type\":\"SearchAction\",\"target\":{\"@type\":\"EntryPoint\",\"urlTemplate\":\"https:\/\/com-quotidiens.fr\/blog\/?s={search_term_string}\"},\"query-input\":{\"@type\":\"PropertyValueSpecification\",\"valueRequired\":true,\"valueName\":\"search_term_string\"}}],\"inLanguage\":\"fr-FR\"},{\"@type\":\"Organization\",\"@id\":\"https:\/\/com-quotidiens.fr\/blog\/#organization\",\"name\":\"Foretsensations.fr\",\"url\":\"https:\/\/com-quotidiens.fr\/blog\/\",\"logo\":{\"@type\":\"ImageObject\",\"inLanguage\":\"fr-FR\",\"@id\":\"https:\/\/com-quotidiens.fr\/blog\/#\/schema\/logo\/image\/\",\"url\":\"https:\/\/com-quotidiens.fr\/blog\/wp-content\/uploads\/2024\/12\/26.png\",\"contentUrl\":\"https:\/\/com-quotidiens.fr\/blog\/wp-content\/uploads\/2024\/12\/26.png\",\"width\":500,\"height\":500,\"caption\":\"Foretsensations.fr\"},\"image\":{\"@id\":\"https:\/\/com-quotidiens.fr\/blog\/#\/schema\/logo\/image\/\"}},{\"@type\":\"Person\",\"@id\":\"https:\/\/com-quotidiens.fr\/blog\/#\/schema\/person\/3c864cdc320801e3db34b663e7e3f816\",\"name\":\"Th\u00e9o R.\",\"image\":{\"@type\":\"ImageObject\",\"inLanguage\":\"fr-FR\",\"@id\":\"https:\/\/com-quotidiens.fr\/blog\/#\/schema\/person\/image\/\",\"url\":\"https:\/\/com-quotidiens.fr\/blog\/wp-content\/uploads\/2026\/06\/persona_theo-r-96x96.jpg\",\"contentUrl\":\"https:\/\/com-quotidiens.fr\/blog\/wp-content\/uploads\/2026\/06\/persona_theo-r-96x96.jpg\",\"caption\":\"Th\u00e9o R.\"},\"description\":\"Le web et la communication sont mon m\u00e9tier depuis une dizaine d'ann\u00e9es, entre r\u00e9daction, strat\u00e9gie de contenu et accompagnement de projets en ligne. J'\u00e9cris sur la cr\u00e9ation de site, le marketing digital, l'image de marque et le m\u00e9tier de r\u00e9dacteur web, avec l'envie de rendre ces sujets concrets pour les ind\u00e9pendants et les petites entreprises. J'aime expliquer comment se construit une pr\u00e9sence en ligne cr\u00e9dible, du choix des mots \u00e0 la coh\u00e9rence visuelle, sans recourir au jargon d'agence. Avant de recommander une m\u00e9thode ou un outil, je l'\u00e9prouve sur le terrain et je distingue ce qui marche vraiment des promesses \u00e0 la mode. Je me m\u00e9fie des recettes miracles en marketing, car aucune ne dispense de travail et de r\u00e9gularit\u00e9. Mon angle : donner des rep\u00e8res solides pour communiquer juste et b\u00e2tir une marque qui dure, \u00e0 hauteur de budgets r\u00e9els et d'\u00e9quipes r\u00e9duites.\",\"url\":\"https:\/\/com-quotidiens.fr\/blog\/auteur\/noname\/\",\"jobTitle\":\"R\u00e9dacteur en chef \u00b7 Web & Communication\",\"knowsAbout\":[\"Web\",\"Communication\"],\"email\":\"theo.r@clickbuzz.fr\"}]}<\/script>\n<!-- \/ Yoast SEO Premium plugin. -->","yoast_head_json":{"title":"Les 5 dimensions de l'intelligence \u00e9motionnelle en 2025","description":"L'intelligence \u00e9motionnelle (IE) d\u00e9signe la capacit\u00e9 \u00e0 reconna\u00eetre, comprendre et r\u00e9guler ses propres \u00e9motions comme celles d'autrui.","robots":{"index":"index","follow":"follow","max-snippet":"max-snippet:-1","max-image-preview":"max-image-preview:large","max-video-preview":"max-video-preview:-1"},"canonical":"https:\/\/com-quotidiens.fr\/blog\/developpement-personnel\/les-5-dimensions-fondamentales-de-lintelligence-emotionnelle-en-2025\/","og_locale":"fr_FR","og_type":"article","og_title":"Les 5 dimensions de l'intelligence \u00e9motionnelle en 2025","og_description":"L'intelligence \u00e9motionnelle (IE) d\u00e9signe la capacit\u00e9 \u00e0 reconna\u00eetre, comprendre et r\u00e9guler ses propres \u00e9motions comme celles d'autrui.","og_url":"https:\/\/com-quotidiens.fr\/blog\/developpement-personnel\/les-5-dimensions-fondamentales-de-lintelligence-emotionnelle-en-2025\/","og_site_name":"com-quotidiens","og_image":[{"width":1200,"height":500,"url":"https:\/\/com-quotidiens.fr\/blog\/wp-content\/uploads\/2025\/10\/sdxl-8c423c8de6c46522a587ceb117afe4f3-scaled.png","type":"image\/png"}],"author":"Th\u00e9o R.","twitter_card":"summary_large_image","schema":{"@context":"https:\/\/schema.org","@graph":[{"@type":"NewsArticle","@id":"https:\/\/com-quotidiens.fr\/blog\/developpement-personnel\/les-5-dimensions-fondamentales-de-lintelligence-emotionnelle-en-2025\/#article","isPartOf":{"@id":"https:\/\/com-quotidiens.fr\/blog\/developpement-personnel\/les-5-dimensions-fondamentales-de-lintelligence-emotionnelle-en-2025\/"},"author":{"name":"Th\u00e9o R.","@id":"https:\/\/com-quotidiens.fr\/blog\/#\/schema\/person\/3c864cdc320801e3db34b663e7e3f816"},"headline":"Les 5 dimensions fondamentales de l&rsquo;intelligence \u00e9motionnelle en 2025","datePublished":"2026-06-19T11:45:19+00:00","mainEntityOfPage":{"@id":"https:\/\/com-quotidiens.fr\/blog\/developpement-personnel\/les-5-dimensions-fondamentales-de-lintelligence-emotionnelle-en-2025\/"},"wordCount":1519,"commentCount":0,"publisher":{"@id":"https:\/\/com-quotidiens.fr\/blog\/#organization"},"image":{"@id":"https:\/\/com-quotidiens.fr\/blog\/developpement-personnel\/les-5-dimensions-fondamentales-de-lintelligence-emotionnelle-en-2025\/#primaryimage"},"thumbnailUrl":"https:\/\/com-quotidiens.fr\/blog\/wp-content\/uploads\/2025\/10\/sdxl-8c423c8de6c46522a587ceb117afe4f3-scaled.png","keywords":["dveloppement personnel","intelligence motionnelle","psychologie"],"articleSection":["D\u00e9veloppement Personnel"],"inLanguage":"fr-FR","potentialAction":[{"@type":"CommentAction","name":"Comment","target":["https:\/\/com-quotidiens.fr\/blog\/developpement-personnel\/les-5-dimensions-fondamentales-de-lintelligence-emotionnelle-en-2025\/#respond"]}]},{"@type":"WebPage","@id":"https:\/\/com-quotidiens.fr\/blog\/developpement-personnel\/les-5-dimensions-fondamentales-de-lintelligence-emotionnelle-en-2025\/","url":"https:\/\/com-quotidiens.fr\/blog\/developpement-personnel\/les-5-dimensions-fondamentales-de-lintelligence-emotionnelle-en-2025\/","name":"Les 5 dimensions de l'intelligence \u00e9motionnelle en 2025","isPartOf":{"@id":"https:\/\/com-quotidiens.fr\/blog\/#website"},"primaryImageOfPage":{"@id":"https:\/\/com-quotidiens.fr\/blog\/developpement-personnel\/les-5-dimensions-fondamentales-de-lintelligence-emotionnelle-en-2025\/#primaryimage"},"image":{"@id":"https:\/\/com-quotidiens.fr\/blog\/developpement-personnel\/les-5-dimensions-fondamentales-de-lintelligence-emotionnelle-en-2025\/#primaryimage"},"thumbnailUrl":"https:\/\/com-quotidiens.fr\/blog\/wp-content\/uploads\/2025\/10\/sdxl-8c423c8de6c46522a587ceb117afe4f3-scaled.png","datePublished":"2026-06-19T11:45:19+00:00","description":"L'intelligence \u00e9motionnelle (IE) d\u00e9signe la capacit\u00e9 \u00e0 reconna\u00eetre, comprendre et r\u00e9guler ses propres \u00e9motions comme celles d'autrui.","inLanguage":"fr-FR","potentialAction":[{"@type":"ReadAction","target":["https:\/\/com-quotidiens.fr\/blog\/developpement-personnel\/les-5-dimensions-fondamentales-de-lintelligence-emotionnelle-en-2025\/"]}]},{"@type":"ImageObject","inLanguage":"fr-FR","@id":"https:\/\/com-quotidiens.fr\/blog\/developpement-personnel\/les-5-dimensions-fondamentales-de-lintelligence-emotionnelle-en-2025\/#primaryimage","url":"https:\/\/com-quotidiens.fr\/blog\/wp-content\/uploads\/2025\/10\/sdxl-8c423c8de6c46522a587ceb117afe4f3-scaled.png","contentUrl":"https:\/\/com-quotidiens.fr\/blog\/wp-content\/uploads\/2025\/10\/sdxl-8c423c8de6c46522a587ceb117afe4f3-scaled.png","width":1200,"height":500},{"@type":"WebSite","@id":"https:\/\/com-quotidiens.fr\/blog\/#website","url":"https:\/\/com-quotidiens.fr\/blog\/","name":"com-quotidiens.fr","description":"Com Quotidiens, l&#039;info communication au quotidien","publisher":{"@id":"https:\/\/com-quotidiens.fr\/blog\/#organization"},"alternateName":"Com Quotidiens, l'info communication au quotidien","potentialAction":[{"@type":"SearchAction","target":{"@type":"EntryPoint","urlTemplate":"https:\/\/com-quotidiens.fr\/blog\/?s={search_term_string}"},"query-input":{"@type":"PropertyValueSpecification","valueRequired":true,"valueName":"search_term_string"}}],"inLanguage":"fr-FR"},{"@type":"Organization","@id":"https:\/\/com-quotidiens.fr\/blog\/#organization","name":"Foretsensations.fr","url":"https:\/\/com-quotidiens.fr\/blog\/","logo":{"@type":"ImageObject","inLanguage":"fr-FR","@id":"https:\/\/com-quotidiens.fr\/blog\/#\/schema\/logo\/image\/","url":"https:\/\/com-quotidiens.fr\/blog\/wp-content\/uploads\/2024\/12\/26.png","contentUrl":"https:\/\/com-quotidiens.fr\/blog\/wp-content\/uploads\/2024\/12\/26.png","width":500,"height":500,"caption":"Foretsensations.fr"},"image":{"@id":"https:\/\/com-quotidiens.fr\/blog\/#\/schema\/logo\/image\/"}},{"@type":"Person","@id":"https:\/\/com-quotidiens.fr\/blog\/#\/schema\/person\/3c864cdc320801e3db34b663e7e3f816","name":"Th\u00e9o R.","image":{"@type":"ImageObject","inLanguage":"fr-FR","@id":"https:\/\/com-quotidiens.fr\/blog\/#\/schema\/person\/image\/","url":"https:\/\/com-quotidiens.fr\/blog\/wp-content\/uploads\/2026\/06\/persona_theo-r-96x96.jpg","contentUrl":"https:\/\/com-quotidiens.fr\/blog\/wp-content\/uploads\/2026\/06\/persona_theo-r-96x96.jpg","caption":"Th\u00e9o R."},"description":"Le web et la communication sont mon m\u00e9tier depuis une dizaine d'ann\u00e9es, entre r\u00e9daction, strat\u00e9gie de contenu et accompagnement de projets en ligne. J'\u00e9cris sur la cr\u00e9ation de site, le marketing digital, l'image de marque et le m\u00e9tier de r\u00e9dacteur web, avec l'envie de rendre ces sujets concrets pour les ind\u00e9pendants et les petites entreprises. J'aime expliquer comment se construit une pr\u00e9sence en ligne cr\u00e9dible, du choix des mots \u00e0 la coh\u00e9rence visuelle, sans recourir au jargon d'agence. Avant de recommander une m\u00e9thode ou un outil, je l'\u00e9prouve sur le terrain et je distingue ce qui marche vraiment des promesses \u00e0 la mode. Je me m\u00e9fie des recettes miracles en marketing, car aucune ne dispense de travail et de r\u00e9gularit\u00e9. Mon angle : donner des rep\u00e8res solides pour communiquer juste et b\u00e2tir une marque qui dure, \u00e0 hauteur de budgets r\u00e9els et d'\u00e9quipes r\u00e9duites.","url":"https:\/\/com-quotidiens.fr\/blog\/auteur\/noname\/","jobTitle":"R\u00e9dacteur en chef \u00b7 Web & Communication","knowsAbout":["Web","Communication"],"email":"theo.r@clickbuzz.fr"}]}},"_links":{"self":[{"href":"https:\/\/com-quotidiens.fr\/blog\/wp-json\/wp\/v2\/posts\/7494","targetHints":{"allow":["GET"]}}],"collection":[{"href":"https:\/\/com-quotidiens.fr\/blog\/wp-json\/wp\/v2\/posts"}],"about":[{"href":"https:\/\/com-quotidiens.fr\/blog\/wp-json\/wp\/v2\/types\/post"}],"author":[{"embeddable":true,"href":"https:\/\/com-quotidiens.fr\/blog\/wp-json\/wp\/v2\/users\/34"}],"replies":[{"embeddable":true,"href":"https:\/\/com-quotidiens.fr\/blog\/wp-json\/wp\/v2\/comments?post=7494"}],"version-history":[{"count":2,"href":"https:\/\/com-quotidiens.fr\/blog\/wp-json\/wp\/v2\/posts\/7494\/revisions"}],"predecessor-version":[{"id":7615,"href":"https:\/\/com-quotidiens.fr\/blog\/wp-json\/wp\/v2\/posts\/7494\/revisions\/7615"}],"wp:featuredmedia":[{"embeddable":true,"href":"https:\/\/com-quotidiens.fr\/blog\/wp-json\/wp\/v2\/media\/7506"}],"wp:attachment":[{"href":"https:\/\/com-quotidiens.fr\/blog\/wp-json\/wp\/v2\/media?parent=7494"}],"wp:term":[{"taxonomy":"category","embeddable":true,"href":"https:\/\/com-quotidiens.fr\/blog\/wp-json\/wp\/v2\/categories?post=7494"},{"taxonomy":"post_tag","embeddable":true,"href":"https:\/\/com-quotidiens.fr\/blog\/wp-json\/wp\/v2\/tags?post=7494"}],"curies":[{"name":"wp","href":"https:\/\/api.w.org\/{rel}","templated":true}]}}