{"id":7493,"date":"2026-06-19T13:47:48","date_gmt":"2026-06-19T11:47:48","guid":{"rendered":"https:\/\/com-quotidiens.fr\/blog\/?p=7493"},"modified":"2026-06-19T13:47:48","modified_gmt":"2026-06-19T11:47:48","slug":"comment-renforcer-votre-confiance-en-soi-pour-liberer-votre-potentiel","status":"publish","type":"post","link":"https:\/\/com-quotidiens.fr\/blog\/developpement-personnel\/comment-renforcer-votre-confiance-en-soi-pour-liberer-votre-potentiel\/","title":{"rendered":"Comment renforcer votre confiance en soi pour lib\u00e9rer votre potentiel"},"content":{"rendered":"<link rel=\"stylesheet\" href=\"https:\/\/fonts.googleapis.com\/css2?family=Inter+Tight:wght@500;600;700;800&#038;family=Inter:wght@400;500;600&#038;family=IBM+Plex+Mono:wght@500&#038;display=swap\">\n<style>\n.cq-tuto-wrap{font-family:'Inter',system-ui,sans-serif;color:#1d2733;line-height:1.65;font-size:17px}\n.cq-tuto-wrap h1,.cq-tuto-wrap h2,.cq-tuto-wrap h3{font-family:'Inter Tight',system-ui,sans-serif;letter-spacing:-.02em;color:#11202e;line-height:1.2}\n.cq-tuto-wrap h1{font-size:clamp(28px,4.5vw,40px);font-weight:800;margin:.2em 0 .5em}\n.cq-tuto-wrap h2{font-size:clamp(23px,3.2vw,32px);font-weight:700;margin:1.7em 0 .6em;padding-top:.2em}\n.cq-tuto-wrap h3{font-size:clamp(19px,2.4vw,22px);font-weight:700;margin:1.3em 0 .4em}\n.cq-tuto-kicker{font-family:'IBM Plex Mono',monospace;font-size:12px;font-weight:500;letter-spacing:.12em;text-transform:uppercase;color:#2563a8;display:block;margin-bottom:6px}\n.cq-tuto-answer{background:linear-gradient(135deg,#eef5fc,#f7fafd);border-left:5px solid #2563a8;border-radius:0 12px 12px 0;padding:20px 24px;margin:24px 0}\n.cq-tuto-answer .cq-tuto-txt{margin:0;color:#22303d}\n.cq-tuto-grid{display:grid;grid-template-columns:repeat(auto-fit,minmax(240px,1fr));gap:20px;margin:26px 0}\n.cq-tuto-card{background:#fff;border:1px solid #e3e9f0;border-top:3px solid #2563a8;border-radius:12px;padding:22px 24px;box-shadow:0 1px 2px rgba(16,24,40,.05),0 12px 28px -18px rgba(16,24,40,.22);transition:.25s ease}\n.cq-tuto-card:hover{transform:translateY(-3px);box-shadow:0 4px 8px rgba(16,24,40,.07),0 18px 36px -16px rgba(16,24,40,.28)}\n.cq-tuto-num{font-family:'IBM Plex Mono',monospace;font-size:13px;font-weight:500;color:#2563a8;display:inline-block;border:1px solid #cfe0f2;border-radius:8px;padding:2px 9px;margin-bottom:10px}\n.cq-tuto-card h3{margin-top:0}\n.cq-tuto-need{background:#fff;border:1px solid #e3e9f0;border-radius:12px;padding:22px 24px;margin:24px 0;box-shadow:0 10px 26px -18px rgba(16,24,40,.25)}\n.cq-tuto-need ul{margin:.4em 0 0;padding-left:0;list-style:none}\n.cq-tuto-need li{position:relative;padding-left:24px;margin:9px 0}\n.cq-tuto-need li::before{content:\"\u2192\";position:absolute;left:0;color:#2563a8;font-weight:700}\n.cq-tuto-do li::before{content:\"\u2713\";color:#1f8a55}\n.cq-tuto-dont li::before{content:\"\u2717\";color:#c0392b}\n.cq-tuto-cols{display:grid;grid-template-columns:repeat(auto-fit,minmax(260px,1fr));gap:20px;margin:24px 0}\n.cq-tuto-box{border-radius:12px;padding:20px 24px;border:1px solid #e3e9f0}\n.cq-tuto-box ul{margin:.3em 0 0;padding-left:0;list-style:none}\n.cq-tuto-box li{position:relative;padding-left:24px;margin:8px 0}\n.cq-tuto-do{background:#f1faf4;border-color:#cdebd9}\n.cq-tuto-dont{background:#fdf2f1;border-color:#f3d4cf}\n.cq-tuto-warn{background:#fff8ed;border:1px solid #f3dca8;border-left:5px solid #e0a23c;border-radius:0 12px 12px 0;padding:18px 22px;margin:24px 0}\n.cq-tuto-warn .cq-tuto-txt{margin:0;color:#5c4514}\n.cq-tuto-retain{background:#11202e;color:#e9f0f7;border-radius:14px;padding:24px 28px;margin:30px 0}\n.cq-tuto-retain h2{color:#fff;margin-top:0}\n.cq-tuto-retain ul{margin:.4em 0 0;padding-left:0;list-style:none}\n.cq-tuto-retain li{position:relative;padding-left:26px;margin:11px 0;color:#e9f0f7!important}\n.cq-tuto-retain li::before{content:\"\u2605\";position:absolute;left:0;color:#5ea0e0}\n.cq-tuto-retain strong{color:#fff!important}\n.cq-tuto-resources{margin:26px 0}\n.cq-tuto-rcard{background:#fff;border:1px solid #e3e9f0;border-left:4px solid #2563a8;border-radius:0 12px 12px 0;padding:18px 22px;margin:14px 0;box-shadow:0 10px 24px -18px rgba(16,24,40,.25);transition:.25s ease}\n.cq-tuto-rcard:hover{transform:translateY(-3px)}\n.cq-tuto-rcard .cq-tuto-meta{font-family:'IBM Plex Mono',monospace;font-size:13px;color:#52606d;margin-top:6px;line-height:1.7}\n.cq-tuto-rcard a{color:#2563a8;font-weight:600;text-decoration:underline;text-decoration-color:#a9cdee}\n.cq-tuto-faq details{border:1px solid #e3e9f0;border-radius:10px;padding:4px 18px;margin:10px 0;background:#fff;transition:.2s ease}\n.cq-tuto-faq details[open]{border-color:#2563a8;box-shadow:0 10px 24px -18px rgba(16,24,40,.3)}\n.cq-tuto-faq summary{font-family:'Inter Tight',sans-serif;font-weight:700;font-size:18px;cursor:pointer;padding:12px 0;color:#11202e;list-style:none}\n.cq-tuto-faq summary::before{content:\"+\";color:#2563a8;font-weight:800;margin-right:10px}\n.cq-tuto-faq details[open] summary::before{content:\"\u2013\"}\n.cq-tuto-faq .cq-tuto-txt{margin:0 0 12px}\n.cq-tuto-prudence{background:#f4f7fa;border:1px dashed #b9c6d4;border-radius:12px;padding:16px 20px;margin:26px 0;font-size:15px;color:#46566a}\n<\/style>\n<div class=\"cq-tuto-wrap\">\n<h1>Confiance en soi : la m\u00e9thode concr\u00e8te pour oser, agir et lib\u00e9rer votre potentiel<\/h1>\n<div class=\"cq-tuto-answer\">\n<span class=\"cq-tuto-kicker\">En bref<\/span><\/p>\n<div class=\"cq-tuto-txt\">La <strong>confiance en soi<\/strong> n&rsquo;est pas un trait de caract\u00e8re fig\u00e9 : c&rsquo;est la conviction d&rsquo;\u00eatre capable d&rsquo;<strong>agir<\/strong> et de r\u00e9ussir une t\u00e2che donn\u00e9e \u2014 et elle se travaille. La m\u00e9thode la plus efficace tient en une id\u00e9e : on ne gagne pas confiance en r\u00e9fl\u00e9chissant, mais en <strong>accumulant des petits succ\u00e8s concrets<\/strong>. Sortir progressivement de sa zone de confort, se pr\u00e9parer, soigner sa posture et apprendre \u00e0 calmer son dialogue int\u00e9rieur suffisent \u00e0 transformer durablement la fa\u00e7on dont on ose. Ce guide vous donne les \u00e9tapes pour la <strong>travailler au quotidien<\/strong>.<\/div>\n<\/div>\n<p>Beaucoup confondent confiance en soi et estime de soi. L&rsquo;estime, c&rsquo;est la valeur qu&rsquo;on s&rsquo;accorde en tant que personne. La <strong>confiance en soi<\/strong>, elle, est tourn\u00e9e vers l&rsquo;<strong>action<\/strong> : c&rsquo;est croire qu&rsquo;on est capable de r\u00e9ussir ce qu&rsquo;on entreprend, ici et maintenant. Bonne nouvelle, c&rsquo;est pr\u00e9cis\u00e9ment parce qu&rsquo;elle est li\u00e9e \u00e0 l&rsquo;action qu&rsquo;elle se construit \u2014 geste apr\u00e8s geste, succ\u00e8s apr\u00e8s succ\u00e8s. Voici comment vous y prendre, sans recette miracle mais avec des exercices que vous pouvez d\u00e9marrer d\u00e8s aujourd&rsquo;hui.<\/p>\n<div class=\"cq-tuto-need\">\n<span class=\"cq-tuto-kicker\">Ce qu&rsquo;il vous faut<\/span><\/p>\n<ul>\n<li><strong>Du temps court mais r\u00e9gulier<\/strong> : 10 \u00e0 15 minutes par jour valent mieux qu&rsquo;une grande s\u00e9ance hebdomadaire.<\/li>\n<li><strong>Un carnet<\/strong> (papier ou notes du t\u00e9l\u00e9phone) pour consigner vos petits succ\u00e8s et vos progr\u00e8s.<\/li>\n<li><strong>Une situation cible<\/strong> : un objectif pr\u00e9cis qui vous intimide (prendre la parole, oser demander, lancer un projet).<\/li>\n<li><strong>De la bienveillance envers vous-m\u00eame<\/strong> : le but n&rsquo;est pas d&rsquo;\u00eatre parfait, mais d&rsquo;oser un peu plus chaque jour.<\/li>\n<\/ul>\n<\/div>\n<h2>Comment prendre confiance en soi rapidement : la m\u00e9thode en 6 \u00e9tapes<\/h2>\n<p>Inutile d&rsquo;attendre de \u00ab se sentir pr\u00eat \u00bb : la confiance vient en agissant, pas avant. Voici une progression concr\u00e8te, du plus simple au plus engageant. Avancez \u00e0 votre rythme, mais avancez.<\/p>\n<div class=\"cq-tuto-grid\">\n<div class=\"cq-tuto-card\">\n<span class=\"cq-tuto-num\">\u00c9tape 1<\/span><\/p>\n<h3>D\u00e9couper l&rsquo;objectif en micro-actions<\/h3>\n<div class=\"cq-tuto-txt\">Un grand d\u00e9fi paralyse ; une petite action se r\u00e9alise. D\u00e9composez ce qui vous intimide en gestes minuscules et atteignables. \u00ab Parler en r\u00e9union \u00bb devient \u00ab poser une seule question la prochaine fois \u00bb. Chaque micro-action r\u00e9ussie est une preuve concr\u00e8te que vous \u00eates capable.<\/div>\n<\/div>\n<div class=\"cq-tuto-card\">\n<span class=\"cq-tuto-num\">\u00c9tape 2<\/span><\/p>\n<h3>Collectionner les petits succ\u00e8s<\/h3>\n<div class=\"cq-tuto-txt\">Le cerveau retient plus facilement les \u00e9checs que les r\u00e9ussites. Reprenez la main : notez chaque soir une ou deux choses que vous avez os\u00e9es ou r\u00e9ussies dans la journ\u00e9e. Relire ce carnet les jours de doute rappelle, preuves \u00e0 l&rsquo;appui, que vous progressez.<\/div>\n<\/div>\n<div class=\"cq-tuto-card\">\n<span class=\"cq-tuto-num\">\u00c9tape 3<\/span><\/p>\n<h3>Sortir (un peu) de sa zone de confort<\/h3>\n<div class=\"cq-tuto-txt\">La confiance grandit juste \u00e0 la lisi\u00e8re du confortable. Visez l&rsquo;inconfort \u00ab g\u00e9rable \u00bb, pas la terreur : prendre la parole face \u00e0 2 personnes avant 20, demander un service avant de n\u00e9gocier. Chaque pas repousse la fronti\u00e8re de ce que vous vous croyez capable de faire.<\/div>\n<\/div>\n<div class=\"cq-tuto-card\">\n<span class=\"cq-tuto-num\">\u00c9tape 4<\/span><\/p>\n<h3>Se pr\u00e9parer plut\u00f4t que ruminer<\/h3>\n<div class=\"cq-tuto-txt\">Une grande partie du trac vient du flou. Transformez l&rsquo;angoisse en pr\u00e9paration : anticipez vos arguments, r\u00e9p\u00e9tez \u00e0 voix haute, visualisez le d\u00e9roul\u00e9 \u00e9tape par \u00e9tape. Bien se pr\u00e9parer ne supprime pas le stress, mais il vous donne un appui solide quand le moment arrive.<\/div>\n<\/div>\n<div class=\"cq-tuto-card\">\n<span class=\"cq-tuto-num\">\u00c9tape 5<\/span><\/p>\n<h3>Adopter une posture qui soutient<\/h3>\n<div class=\"cq-tuto-txt\">Le corps influence l&rsquo;\u00e9tat d&rsquo;esprit. Se tenir droit, ancrer ses pieds, respirer par le ventre, ralentir le d\u00e9bit : ces gestes simples envoient un signal d&rsquo;assurance, \u00e0 vous comme aux autres. Avant un moment important, quelques respirations profondes apaisent le rythme cardiaque et clarifient les id\u00e9es.<\/div>\n<\/div>\n<div class=\"cq-tuto-card\">\n<span class=\"cq-tuto-num\">\u00c9tape 6<\/span><\/p>\n<h3>Recadrer son dialogue int\u00e9rieur<\/h3>\n<div class=\"cq-tuto-txt\">La petite voix qui dit \u00ab tu vas \u00e9chouer \u00bb n&rsquo;est pas une v\u00e9rit\u00e9, c&rsquo;est une habitude. Rep\u00e9rez la phrase n\u00e9gative, puis remplacez-la par une formulation juste et utile : \u00ab je ne ma\u00eetrise pas encore \u00bb plut\u00f4t que \u00ab je suis nul \u00bb. Parlez-vous comme vous parleriez \u00e0 un ami que vous voulez aider.<\/div>\n<\/div>\n<\/div>\n<h2>Travailler la confiance en soi : les exercices \u00e0 int\u00e9grer au quotidien<\/h2>\n<p>Les \u00e9tapes ci-dessus deviennent un r\u00e9flexe quand on les pratique. Voici des exercices simples, \u00e0 glisser dans une routine de quelques minutes.<\/p>\n<ul>\n<li><strong>La visualisation guid\u00e9e<\/strong> : avant un rendez-vous qui vous intimide, fermez les yeux et d\u00e9roulez mentalement la sc\u00e8ne en d\u00e9tail \u2014 vous entrez, vous parlez clairement, l&rsquo;\u00e9change se passe bien. Le cerveau distingue mal le r\u00e9el du r\u00e9p\u00e9t\u00e9 : vous arrivez \u00ab entra\u00een\u00e9 \u00bb.<\/li>\n<li><strong>Le journal des r\u00e9ussites<\/strong> : trois lignes le soir suffisent. Cette habitude r\u00e9oriente l&rsquo;attention vers ce qui marche.<\/li>\n<li><strong>Le d\u00e9fi du jour<\/strong> : une seule action l\u00e9g\u00e8rement inconfortable par jour (dire bonjour le premier, donner son avis, demander). La r\u00e9gularit\u00e9 compte plus que l&rsquo;ampleur.<\/li>\n<li><strong>La respiration abdominale<\/strong> : 4 secondes d&rsquo;inspiration, 6 secondes d&rsquo;expiration, pendant une \u00e0 deux minutes. Un outil de la <strong>sophrologie<\/strong> pour faire redescendre la tension avant d&rsquo;agir.<\/li>\n<li><strong>Les affirmations r\u00e9alistes<\/strong> : pas des slogans magiques, mais des phrases vraies et tourn\u00e9es vers l&rsquo;action \u2014 \u00ab je me suis pr\u00e9par\u00e9 \u00bb, \u00ab j&rsquo;ai le droit d&rsquo;essayer \u00bb.<\/li>\n<\/ul>\n<h2>Comment surmonter le manque de confiance en soi : d\u00e9jouer les pi\u00e8ges<\/h2>\n<p>Certains automatismes sabotent les efforts. Les rep\u00e9rer, c&rsquo;est d\u00e9j\u00e0 reprendre la main.<\/p>\n<div class=\"cq-tuto-cols\">\n<div class=\"cq-tuto-box cq-tuto-do\">\n<span class=\"cq-tuto-kicker\">\u00c0 faire<\/span><\/p>\n<ul>\n<li>Agir d&rsquo;abord, attendre la motivation ensuite.<\/li>\n<li>Se comparer \u00e0 soi-m\u00eame d&rsquo;hier, pas aux autres.<\/li>\n<li>Voir l&rsquo;\u00e9chec comme une information, pas comme un verdict.<\/li>\n<li>Demander du feedback concret \u00e0 une personne de confiance.<\/li>\n<li>C\u00e9l\u00e9brer les petites victoires sans les minimiser.<\/li>\n<\/ul>\n<\/div>\n<div class=\"cq-tuto-box cq-tuto-dont\">\n<span class=\"cq-tuto-kicker\">\u00c0 \u00e9viter<\/span><\/p>\n<ul>\n<li>Attendre de \u00ab se sentir pr\u00eat \u00bb \u00e0 100 % avant d&rsquo;agir.<\/li>\n<li>Scruter en boucle les r\u00e9ussites affich\u00e9es des autres.<\/li>\n<li>Confondre une erreur ponctuelle avec un d\u00e9faut de valeur.<\/li>\n<li>Viser la perfection au lieu de viser le pas suivant.<\/li>\n<li>S&rsquo;isoler quand le doute monte.<\/li>\n<\/ul>\n<\/div>\n<\/div>\n<h3>Le syndrome de l&rsquo;imposteur<\/h3>\n<p>Se sentir ill\u00e9gitime malgr\u00e9 ses comp\u00e9tences est extr\u00eamement courant, y compris chez des personnes tr\u00e8s qualifi\u00e9es. La parade : revenir aux faits. Listez vos r\u00e9ussites concr\u00e8tes et vos comp\u00e9tences r\u00e9elles \u2014 elles existent ind\u00e9pendamment de votre ressenti du moment. Parler de ce doute avec d&rsquo;autres aide aussi \u00e0 r\u00e9aliser qu&rsquo;il est partag\u00e9, donc surmontable.<\/p>\n<div class=\"cq-tuto-warn\">\n<span class=\"cq-tuto-kicker\">Attention<\/span><\/p>\n<div class=\"cq-tuto-txt\">Si le manque de confiance s&rsquo;accompagne d&rsquo;une anxi\u00e9t\u00e9 qui vous emp\u00eache d&rsquo;agir au quotidien, d&rsquo;une <strong>phobie sociale<\/strong> handicapante ou d&rsquo;une souffrance durable, ces exercices ne suffiront pas seuls. Un accompagnement par un <strong>professionnel<\/strong> (psychologue, sophrologue, coach form\u00e9) est alors la bonne d\u00e9marche \u2014 et non un aveu de faiblesse.<\/div>\n<\/div>\n<div style=\"border:1px solid #e6e8ee;border-radius:14px;padding:16px 18px;margin:26px 0;background:#fafbfc;\">\n<div style=\"display:flex;align-items:center;gap:8px;margin-bottom:10px;flex-wrap:wrap;\">\n    <span style=\"font-size:11px;font-weight:800;letter-spacing:.06em;color:#fff;background:#FF0000;padding:3px 9px;border-radius:6px;\">\u25b6 YouTube<\/span><br \/>\n    <span style=\"font-size:13px;color:#52606d;font-weight:600;\">Y. Gautier, Coach<\/span><br \/>\n    <span style=\"margin-left:auto;font-size:13px;color:#52606d;\">1,2M vues<\/span><\/div>\n<p>  <a href=\"https:\/\/www.youtube.com\/watch?v=v0eSkVLOpCI\" target=\"_blank\" rel=\"noopener nofollow\" style=\"display:block;position:relative;border-radius:10px;overflow:hidden;\"><br \/>\n    <img decoding=\"async\" src=\"https:\/\/i.ytimg.com\/vi\/v0eSkVLOpCI\/hq720.jpg?sqp=-oaymwEnCNAFEJQDSFryq4qpAxkIARUAAIhCGAHYAQHiAQoIGBACGAY4AUAB&#038;rs=AOn4CLB6ovpGaS_0M361bTikP8g9pRnwTw\" alt=\"Comment avoir confiance en soi (vaincre sa timidit\u00e9 et ses peurs)\" style=\"width:100%;display:block;\"><br \/>\n    <span style=\"position:absolute;inset:0;display:flex;align-items:center;justify-content:center;background:rgba(0,0,0,.18);\"><br \/>\n    <span style=\"width:62px;height:62px;border-radius:50%;background:rgba(255,0,0,.92);color:#fff;font-size:24px;display:flex;align-items:center;justify-content:center;\">\u25b6<\/span><\/span><\/a><\/p>\n<div style=\"font-size:14px;color:#1a1a1a;font-weight:600;margin-top:10px;\">Comment avoir confiance en soi (vaincre sa timidit\u00e9 et ses peurs)<\/div>\n<\/div>\n<h2>Se faire accompagner : coaching et formations en confiance en soi<\/h2>\n<p>Quand on veut aller plus vite ou \u00eatre guid\u00e9, un accompagnement structur\u00e9 peut faire la diff\u00e9rence. Voici quelques rep\u00e8res pratiques \u00e0 Paris et en ligne.<\/p>\n<div class=\"cq-tuto-resources\">\n<div class=\"cq-tuto-rcard\">\n<h3>Sylvain Seyrig \u2014 Coach en confiance en soi<\/h3>\n<div class=\"cq-tuto-meta\">\nPr\u00e9sentiel sur rendez-vous (Paris) ou en ligne<br \/>\nContact : 06 86 15 31 72<br \/>\nTarif indicatif : environ 80-120 \u20ac la s\u00e9ance d&rsquo;1h (2025)<br \/>\nSite : <a href=\"http:\/\/www.sylvain-seyrig-coach.fr\" rel=\"nofollow\">www.sylvain-seyrig-coach.fr<\/a>\n<\/div>\n<\/div>\n<div class=\"cq-tuto-rcard\">\n<h3>ISM \u2014 Institut Sup\u00e9rieur du Marketing<\/h3>\n<div class=\"cq-tuto-meta\">\n8 rue Bellini, 75016 Paris<br \/>\nContact : 01 43 34 34 34<br \/>\nTarif indicatif : environ 1300-1700 \u20ac le module de 2 jours (2025)<br \/>\nSite : <a href=\"http:\/\/www.ism.fr\" rel=\"nofollow\">www.ism.fr<\/a>\n<\/div>\n<\/div>\n<div class=\"cq-tuto-rcard\">\n<h3>EFE \u2014 \u00c9ditions Francis Lefebvre Formation<\/h3>\n<div class=\"cq-tuto-meta\">\n57-59 rue de Villiers, 92200 Neuilly-sur-Seine (sessions \u00e0 Paris)<br \/>\nContact : 01 44 09 25 15<br \/>\nTarif indicatif : de 1320 \u00e0 1500 \u20ac le stage de 2 jours sur la confiance en soi<br \/>\nSite : <a href=\"http:\/\/www.efe.fr\" rel=\"nofollow\">www.efe.fr<\/a>\n<\/div>\n<\/div>\n<\/div>\n<div class=\"cq-tuto-retain\">\n<h2>\u00c0 retenir<\/h2>\n<ul>\n<li>La confiance en soi est une <strong>capacit\u00e9 \u00e0 agir<\/strong> qui se travaille, pas un don r\u00e9serv\u00e9 \u00e0 certains.<\/li>\n<li>On la construit par <strong>l&rsquo;action et les petits succ\u00e8s<\/strong>, jamais en attendant de \u00ab se sentir pr\u00eat \u00bb.<\/li>\n<li><strong>Pr\u00e9paration, posture et respiration<\/strong> donnent un appui concret face au trac.<\/li>\n<li>Recadrer son <strong>dialogue int\u00e9rieur<\/strong> et sortir progressivement de sa zone de confort font la diff\u00e9rence sur la dur\u00e9e.<\/li>\n<li>En cas de blocage profond ou d&rsquo;anxi\u00e9t\u00e9 handicapante, un <strong>professionnel<\/strong> est le bon relais.<\/li>\n<\/ul>\n<\/div>\n<h2>Questions fr\u00e9quentes sur la confiance en soi<\/h2>\n<div class=\"cq-tuto-faq\">\n<details>\n<summary>Comment prendre confiance en soi rapidement ?<\/summary>\n<div class=\"cq-tuto-txt\">Le levier le plus rapide est de passer \u00e0 l&rsquo;action sur une <strong>micro-t\u00e2che<\/strong> qui vous intimide un peu, puis de la r\u00e9ussir. Chaque petit succ\u00e8s est une preuve imm\u00e9diate de votre capacit\u00e9. Coupl\u00e9 \u00e0 une bonne pr\u00e9paration et \u00e0 quelques respirations profondes avant un moment important, cela donne un effet visible en quelques jours. La vraie solidit\u00e9, elle, vient de la r\u00e9gularit\u00e9.<\/div>\n<\/details>\n<details>\n<summary>Comment surmonter le manque de confiance en soi ?<\/summary>\n<div class=\"cq-tuto-txt\">En identifiant les automatismes qui vous freinent (perfectionnisme, comparaison, peur de l&rsquo;\u00e9chec) et en les rempla\u00e7ant par l&rsquo;action progressive. Tenez un journal de vos r\u00e9ussites pour contrer le biais qui ne retient que les \u00e9checs, sortez petit \u00e0 petit de votre zone de confort, et parlez de vos doutes \u00e0 une personne de confiance. Si le blocage est profond, un accompagnement professionnel est recommand\u00e9.<\/div>\n<\/details>\n<details>\n<summary>C&rsquo;est quoi la confiance en soi exactement ?<\/summary>\n<div class=\"cq-tuto-txt\">C&rsquo;est la conviction d&rsquo;\u00eatre <strong>capable de r\u00e9ussir une action ou une t\u00e2che donn\u00e9e<\/strong>. Elle est tourn\u00e9e vers le faire, contrairement \u00e0 l&rsquo;estime de soi qui concerne la valeur qu&rsquo;on s&rsquo;accorde en tant que personne. On peut avoir confiance dans un domaine (son m\u00e9tier) et beaucoup moins dans un autre (parler en public) : la confiance est largement <strong>contextuelle<\/strong>, donc on peut la d\u00e9velopper l\u00e0 o\u00f9 on en a besoin.<\/div>\n<\/details>\n<details>\n<summary>Un mantra de confiance en soi, \u00e7a fonctionne vraiment ?<\/summary>\n<div class=\"cq-tuto-txt\">Une affirmation ou un <strong>mantra<\/strong> aide surtout s&rsquo;il reste r\u00e9aliste et tourn\u00e9 vers l&rsquo;action \u2014 \u00ab je me suis pr\u00e9par\u00e9 \u00bb, \u00ab j&rsquo;ai le droit d&rsquo;essayer \u00bb \u2014 plut\u00f4t qu&rsquo;un slogan magique d\u00e9connect\u00e9 des faits. R\u00e9p\u00e9t\u00e9 calmement avant un moment difficile, il oriente l&rsquo;attention et apaise le dialogue int\u00e9rieur. Seul, il ne remplace pas l&rsquo;exp\u00e9rience : c&rsquo;est l&rsquo;action qui ancre durablement la confiance.<\/div>\n<\/details>\n<details>\n<summary>La sophrologie peut-elle aider \u00e0 reprendre confiance ?<\/summary>\n<div class=\"cq-tuto-txt\">Oui, la <strong>sophrologie<\/strong> propose des outils concrets \u2014 respiration abdominale, relaxation, visualisation positive \u2014 qui aident \u00e0 faire baisser la tension et \u00e0 se projeter sereinement avant une situation qui stresse. C&rsquo;est un appui compl\u00e9mentaire utile, notamment pour g\u00e9rer le trac et la posture. En cas d&rsquo;anxi\u00e9t\u00e9 forte ou de phobie sociale, elle s&rsquo;inscrit id\u00e9alement dans un accompagnement encadr\u00e9 par un professionnel.<\/div>\n<\/details>\n<\/div>\n<div class=\"cq-tuto-prudence\">\nCet article est informatif et propose des pistes g\u00e9n\u00e9rales pour d\u00e9velopper la confiance en soi. Il ne remplace pas l&rsquo;accompagnement d&rsquo;un professionnel de sant\u00e9 ou du bien-\u00eatre (psychologue, sophrologue, coach form\u00e9), en particulier en cas d&rsquo;anxi\u00e9t\u00e9, de phobie sociale ou de souffrance persistante.\n<\/div>\n<\/div>\n","protected":false},"excerpt":{"rendered":"","protected":false},"author":34,"featured_media":7505,"comment_status":"open","ping_status":"open","sticky":false,"template":"","format":"standard","meta":{"_acf_changed":false,"manual_indexmenow":false,"indexmenow_id_project":0,"footnotes":""},"categories":[4521],"tags":[4649,4650,4651],"class_list":["post-7493","post","type-post","status-publish","format-standard","has-post-thumbnail","hentry","category-developpement-personnel","tag-confiance-en-soi","tag-developpement-personnel","tag-potentiel","generate-columns","tablet-grid-50","mobile-grid-100","grid-parent","grid-25"],"acf":[],"yoast_head":"<!-- This site is optimized with the Yoast SEO Premium plugin v21.3 (Yoast SEO v25.6) - https:\/\/yoast.com\/wordpress\/plugins\/seo\/ -->\n<title>Renforcer sa confiance en soi pour lib\u00e9rer son potentiel<\/title>\n<meta name=\"description\" content=\"Beaucoup confondent confiance en soi et estime de soi. L&#039;estime, c&#039;est la valeur qu&#039;on s&#039;accorde en tant que personne.\" \/>\n<meta name=\"robots\" content=\"index, follow, max-snippet:-1, max-image-preview:large, max-video-preview:-1\" \/>\n<link rel=\"canonical\" href=\"https:\/\/com-quotidiens.fr\/blog\/developpement-personnel\/comment-renforcer-votre-confiance-en-soi-pour-liberer-votre-potentiel\/\" \/>\n<meta property=\"og:locale\" content=\"fr_FR\" \/>\n<meta property=\"og:type\" content=\"article\" \/>\n<meta property=\"og:title\" content=\"Renforcer sa confiance en soi pour lib\u00e9rer son potentiel\" \/>\n<meta property=\"og:description\" content=\"Beaucoup confondent confiance en soi et estime de soi. L&#039;estime, c&#039;est la valeur qu&#039;on s&#039;accorde en tant que personne.\" \/>\n<meta property=\"og:url\" content=\"https:\/\/com-quotidiens.fr\/blog\/developpement-personnel\/comment-renforcer-votre-confiance-en-soi-pour-liberer-votre-potentiel\/\" \/>\n<meta property=\"og:site_name\" content=\"com-quotidiens\" \/>\n<meta property=\"og:image\" content=\"https:\/\/com-quotidiens.fr\/blog\/wp-content\/uploads\/2025\/10\/sdxl-be258d652559eb62741886da04cf346a-scaled.png\" \/>\n\t<meta property=\"og:image:width\" content=\"1200\" \/>\n\t<meta property=\"og:image:height\" content=\"500\" \/>\n\t<meta property=\"og:image:type\" content=\"image\/png\" \/>\n<meta name=\"author\" content=\"Th\u00e9o R.\" \/>\n<meta name=\"twitter:card\" content=\"summary_large_image\" \/>\n<script type=\"application\/ld+json\" class=\"yoast-schema-graph\">{\"@context\":\"https:\/\/schema.org\",\"@graph\":[{\"@type\":\"NewsArticle\",\"@id\":\"https:\/\/com-quotidiens.fr\/blog\/developpement-personnel\/comment-renforcer-votre-confiance-en-soi-pour-liberer-votre-potentiel\/#article\",\"isPartOf\":{\"@id\":\"https:\/\/com-quotidiens.fr\/blog\/developpement-personnel\/comment-renforcer-votre-confiance-en-soi-pour-liberer-votre-potentiel\/\"},\"author\":{\"name\":\"Th\u00e9o R.\",\"@id\":\"https:\/\/com-quotidiens.fr\/blog\/#\/schema\/person\/3c864cdc320801e3db34b663e7e3f816\"},\"headline\":\"Comment renforcer votre confiance en soi pour lib\u00e9rer votre potentiel\",\"datePublished\":\"2026-06-19T11:47:48+00:00\",\"mainEntityOfPage\":{\"@id\":\"https:\/\/com-quotidiens.fr\/blog\/developpement-personnel\/comment-renforcer-votre-confiance-en-soi-pour-liberer-votre-potentiel\/\"},\"wordCount\":1782,\"commentCount\":0,\"publisher\":{\"@id\":\"https:\/\/com-quotidiens.fr\/blog\/#organization\"},\"image\":{\"@id\":\"https:\/\/com-quotidiens.fr\/blog\/developpement-personnel\/comment-renforcer-votre-confiance-en-soi-pour-liberer-votre-potentiel\/#primaryimage\"},\"thumbnailUrl\":\"https:\/\/com-quotidiens.fr\/blog\/wp-content\/uploads\/2025\/10\/sdxl-be258d652559eb62741886da04cf346a-scaled.png\",\"keywords\":[\"confiance en soi\",\"developpement personnel\",\"potentiel\"],\"articleSection\":[\"D\u00e9veloppement Personnel\"],\"inLanguage\":\"fr-FR\",\"potentialAction\":[{\"@type\":\"CommentAction\",\"name\":\"Comment\",\"target\":[\"https:\/\/com-quotidiens.fr\/blog\/developpement-personnel\/comment-renforcer-votre-confiance-en-soi-pour-liberer-votre-potentiel\/#respond\"]}]},{\"@type\":\"WebPage\",\"@id\":\"https:\/\/com-quotidiens.fr\/blog\/developpement-personnel\/comment-renforcer-votre-confiance-en-soi-pour-liberer-votre-potentiel\/\",\"url\":\"https:\/\/com-quotidiens.fr\/blog\/developpement-personnel\/comment-renforcer-votre-confiance-en-soi-pour-liberer-votre-potentiel\/\",\"name\":\"Renforcer sa confiance en soi pour lib\u00e9rer son potentiel\",\"isPartOf\":{\"@id\":\"https:\/\/com-quotidiens.fr\/blog\/#website\"},\"primaryImageOfPage\":{\"@id\":\"https:\/\/com-quotidiens.fr\/blog\/developpement-personnel\/comment-renforcer-votre-confiance-en-soi-pour-liberer-votre-potentiel\/#primaryimage\"},\"image\":{\"@id\":\"https:\/\/com-quotidiens.fr\/blog\/developpement-personnel\/comment-renforcer-votre-confiance-en-soi-pour-liberer-votre-potentiel\/#primaryimage\"},\"thumbnailUrl\":\"https:\/\/com-quotidiens.fr\/blog\/wp-content\/uploads\/2025\/10\/sdxl-be258d652559eb62741886da04cf346a-scaled.png\",\"datePublished\":\"2026-06-19T11:47:48+00:00\",\"description\":\"Beaucoup confondent confiance en soi et estime de soi. L'estime, c'est la valeur qu'on s'accorde en tant que personne.\",\"inLanguage\":\"fr-FR\",\"potentialAction\":[{\"@type\":\"ReadAction\",\"target\":[\"https:\/\/com-quotidiens.fr\/blog\/developpement-personnel\/comment-renforcer-votre-confiance-en-soi-pour-liberer-votre-potentiel\/\"]}]},{\"@type\":\"ImageObject\",\"inLanguage\":\"fr-FR\",\"@id\":\"https:\/\/com-quotidiens.fr\/blog\/developpement-personnel\/comment-renforcer-votre-confiance-en-soi-pour-liberer-votre-potentiel\/#primaryimage\",\"url\":\"https:\/\/com-quotidiens.fr\/blog\/wp-content\/uploads\/2025\/10\/sdxl-be258d652559eb62741886da04cf346a-scaled.png\",\"contentUrl\":\"https:\/\/com-quotidiens.fr\/blog\/wp-content\/uploads\/2025\/10\/sdxl-be258d652559eb62741886da04cf346a-scaled.png\",\"width\":1200,\"height\":500},{\"@type\":\"WebSite\",\"@id\":\"https:\/\/com-quotidiens.fr\/blog\/#website\",\"url\":\"https:\/\/com-quotidiens.fr\/blog\/\",\"name\":\"com-quotidiens.fr\",\"description\":\"Com Quotidiens, l&#039;info communication au quotidien\",\"publisher\":{\"@id\":\"https:\/\/com-quotidiens.fr\/blog\/#organization\"},\"alternateName\":\"Com Quotidiens, l'info communication au quotidien\",\"potentialAction\":[{\"@type\":\"SearchAction\",\"target\":{\"@type\":\"EntryPoint\",\"urlTemplate\":\"https:\/\/com-quotidiens.fr\/blog\/?s={search_term_string}\"},\"query-input\":{\"@type\":\"PropertyValueSpecification\",\"valueRequired\":true,\"valueName\":\"search_term_string\"}}],\"inLanguage\":\"fr-FR\"},{\"@type\":\"Organization\",\"@id\":\"https:\/\/com-quotidiens.fr\/blog\/#organization\",\"name\":\"Foretsensations.fr\",\"url\":\"https:\/\/com-quotidiens.fr\/blog\/\",\"logo\":{\"@type\":\"ImageObject\",\"inLanguage\":\"fr-FR\",\"@id\":\"https:\/\/com-quotidiens.fr\/blog\/#\/schema\/logo\/image\/\",\"url\":\"https:\/\/com-quotidiens.fr\/blog\/wp-content\/uploads\/2024\/12\/26.png\",\"contentUrl\":\"https:\/\/com-quotidiens.fr\/blog\/wp-content\/uploads\/2024\/12\/26.png\",\"width\":500,\"height\":500,\"caption\":\"Foretsensations.fr\"},\"image\":{\"@id\":\"https:\/\/com-quotidiens.fr\/blog\/#\/schema\/logo\/image\/\"}},{\"@type\":\"Person\",\"@id\":\"https:\/\/com-quotidiens.fr\/blog\/#\/schema\/person\/3c864cdc320801e3db34b663e7e3f816\",\"name\":\"Th\u00e9o R.\",\"image\":{\"@type\":\"ImageObject\",\"inLanguage\":\"fr-FR\",\"@id\":\"https:\/\/com-quotidiens.fr\/blog\/#\/schema\/person\/image\/\",\"url\":\"https:\/\/com-quotidiens.fr\/blog\/wp-content\/uploads\/2026\/06\/persona_theo-r-96x96.jpg\",\"contentUrl\":\"https:\/\/com-quotidiens.fr\/blog\/wp-content\/uploads\/2026\/06\/persona_theo-r-96x96.jpg\",\"caption\":\"Th\u00e9o R.\"},\"description\":\"Le web et la communication sont mon m\u00e9tier depuis une dizaine d'ann\u00e9es, entre r\u00e9daction, strat\u00e9gie de contenu et accompagnement de projets en ligne. J'\u00e9cris sur la cr\u00e9ation de site, le marketing digital, l'image de marque et le m\u00e9tier de r\u00e9dacteur web, avec l'envie de rendre ces sujets concrets pour les ind\u00e9pendants et les petites entreprises. J'aime expliquer comment se construit une pr\u00e9sence en ligne cr\u00e9dible, du choix des mots \u00e0 la coh\u00e9rence visuelle, sans recourir au jargon d'agence. Avant de recommander une m\u00e9thode ou un outil, je l'\u00e9prouve sur le terrain et je distingue ce qui marche vraiment des promesses \u00e0 la mode. Je me m\u00e9fie des recettes miracles en marketing, car aucune ne dispense de travail et de r\u00e9gularit\u00e9. Mon angle : donner des rep\u00e8res solides pour communiquer juste et b\u00e2tir une marque qui dure, \u00e0 hauteur de budgets r\u00e9els et d'\u00e9quipes r\u00e9duites.\",\"url\":\"https:\/\/com-quotidiens.fr\/blog\/auteur\/noname\/\",\"jobTitle\":\"R\u00e9dacteur en chef \u00b7 Web & Communication\",\"knowsAbout\":[\"Web\",\"Communication\"],\"email\":\"theo.r@clickbuzz.fr\"}]}<\/script>\n<!-- \/ Yoast SEO Premium plugin. -->","yoast_head_json":{"title":"Renforcer sa confiance en soi pour lib\u00e9rer son potentiel","description":"Beaucoup confondent confiance en soi et estime de soi. L'estime, c'est la valeur qu'on s'accorde en tant que personne.","robots":{"index":"index","follow":"follow","max-snippet":"max-snippet:-1","max-image-preview":"max-image-preview:large","max-video-preview":"max-video-preview:-1"},"canonical":"https:\/\/com-quotidiens.fr\/blog\/developpement-personnel\/comment-renforcer-votre-confiance-en-soi-pour-liberer-votre-potentiel\/","og_locale":"fr_FR","og_type":"article","og_title":"Renforcer sa confiance en soi pour lib\u00e9rer son potentiel","og_description":"Beaucoup confondent confiance en soi et estime de soi. L'estime, c'est la valeur qu'on s'accorde en tant que personne.","og_url":"https:\/\/com-quotidiens.fr\/blog\/developpement-personnel\/comment-renforcer-votre-confiance-en-soi-pour-liberer-votre-potentiel\/","og_site_name":"com-quotidiens","og_image":[{"width":1200,"height":500,"url":"https:\/\/com-quotidiens.fr\/blog\/wp-content\/uploads\/2025\/10\/sdxl-be258d652559eb62741886da04cf346a-scaled.png","type":"image\/png"}],"author":"Th\u00e9o R.","twitter_card":"summary_large_image","schema":{"@context":"https:\/\/schema.org","@graph":[{"@type":"NewsArticle","@id":"https:\/\/com-quotidiens.fr\/blog\/developpement-personnel\/comment-renforcer-votre-confiance-en-soi-pour-liberer-votre-potentiel\/#article","isPartOf":{"@id":"https:\/\/com-quotidiens.fr\/blog\/developpement-personnel\/comment-renforcer-votre-confiance-en-soi-pour-liberer-votre-potentiel\/"},"author":{"name":"Th\u00e9o R.","@id":"https:\/\/com-quotidiens.fr\/blog\/#\/schema\/person\/3c864cdc320801e3db34b663e7e3f816"},"headline":"Comment renforcer votre confiance en soi pour lib\u00e9rer votre potentiel","datePublished":"2026-06-19T11:47:48+00:00","mainEntityOfPage":{"@id":"https:\/\/com-quotidiens.fr\/blog\/developpement-personnel\/comment-renforcer-votre-confiance-en-soi-pour-liberer-votre-potentiel\/"},"wordCount":1782,"commentCount":0,"publisher":{"@id":"https:\/\/com-quotidiens.fr\/blog\/#organization"},"image":{"@id":"https:\/\/com-quotidiens.fr\/blog\/developpement-personnel\/comment-renforcer-votre-confiance-en-soi-pour-liberer-votre-potentiel\/#primaryimage"},"thumbnailUrl":"https:\/\/com-quotidiens.fr\/blog\/wp-content\/uploads\/2025\/10\/sdxl-be258d652559eb62741886da04cf346a-scaled.png","keywords":["confiance en soi","developpement personnel","potentiel"],"articleSection":["D\u00e9veloppement Personnel"],"inLanguage":"fr-FR","potentialAction":[{"@type":"CommentAction","name":"Comment","target":["https:\/\/com-quotidiens.fr\/blog\/developpement-personnel\/comment-renforcer-votre-confiance-en-soi-pour-liberer-votre-potentiel\/#respond"]}]},{"@type":"WebPage","@id":"https:\/\/com-quotidiens.fr\/blog\/developpement-personnel\/comment-renforcer-votre-confiance-en-soi-pour-liberer-votre-potentiel\/","url":"https:\/\/com-quotidiens.fr\/blog\/developpement-personnel\/comment-renforcer-votre-confiance-en-soi-pour-liberer-votre-potentiel\/","name":"Renforcer sa confiance en soi pour lib\u00e9rer son potentiel","isPartOf":{"@id":"https:\/\/com-quotidiens.fr\/blog\/#website"},"primaryImageOfPage":{"@id":"https:\/\/com-quotidiens.fr\/blog\/developpement-personnel\/comment-renforcer-votre-confiance-en-soi-pour-liberer-votre-potentiel\/#primaryimage"},"image":{"@id":"https:\/\/com-quotidiens.fr\/blog\/developpement-personnel\/comment-renforcer-votre-confiance-en-soi-pour-liberer-votre-potentiel\/#primaryimage"},"thumbnailUrl":"https:\/\/com-quotidiens.fr\/blog\/wp-content\/uploads\/2025\/10\/sdxl-be258d652559eb62741886da04cf346a-scaled.png","datePublished":"2026-06-19T11:47:48+00:00","description":"Beaucoup confondent confiance en soi et estime de soi. L'estime, c'est la valeur qu'on s'accorde en tant que personne.","inLanguage":"fr-FR","potentialAction":[{"@type":"ReadAction","target":["https:\/\/com-quotidiens.fr\/blog\/developpement-personnel\/comment-renforcer-votre-confiance-en-soi-pour-liberer-votre-potentiel\/"]}]},{"@type":"ImageObject","inLanguage":"fr-FR","@id":"https:\/\/com-quotidiens.fr\/blog\/developpement-personnel\/comment-renforcer-votre-confiance-en-soi-pour-liberer-votre-potentiel\/#primaryimage","url":"https:\/\/com-quotidiens.fr\/blog\/wp-content\/uploads\/2025\/10\/sdxl-be258d652559eb62741886da04cf346a-scaled.png","contentUrl":"https:\/\/com-quotidiens.fr\/blog\/wp-content\/uploads\/2025\/10\/sdxl-be258d652559eb62741886da04cf346a-scaled.png","width":1200,"height":500},{"@type":"WebSite","@id":"https:\/\/com-quotidiens.fr\/blog\/#website","url":"https:\/\/com-quotidiens.fr\/blog\/","name":"com-quotidiens.fr","description":"Com Quotidiens, l&#039;info communication au quotidien","publisher":{"@id":"https:\/\/com-quotidiens.fr\/blog\/#organization"},"alternateName":"Com Quotidiens, l'info communication au quotidien","potentialAction":[{"@type":"SearchAction","target":{"@type":"EntryPoint","urlTemplate":"https:\/\/com-quotidiens.fr\/blog\/?s={search_term_string}"},"query-input":{"@type":"PropertyValueSpecification","valueRequired":true,"valueName":"search_term_string"}}],"inLanguage":"fr-FR"},{"@type":"Organization","@id":"https:\/\/com-quotidiens.fr\/blog\/#organization","name":"Foretsensations.fr","url":"https:\/\/com-quotidiens.fr\/blog\/","logo":{"@type":"ImageObject","inLanguage":"fr-FR","@id":"https:\/\/com-quotidiens.fr\/blog\/#\/schema\/logo\/image\/","url":"https:\/\/com-quotidiens.fr\/blog\/wp-content\/uploads\/2024\/12\/26.png","contentUrl":"https:\/\/com-quotidiens.fr\/blog\/wp-content\/uploads\/2024\/12\/26.png","width":500,"height":500,"caption":"Foretsensations.fr"},"image":{"@id":"https:\/\/com-quotidiens.fr\/blog\/#\/schema\/logo\/image\/"}},{"@type":"Person","@id":"https:\/\/com-quotidiens.fr\/blog\/#\/schema\/person\/3c864cdc320801e3db34b663e7e3f816","name":"Th\u00e9o R.","image":{"@type":"ImageObject","inLanguage":"fr-FR","@id":"https:\/\/com-quotidiens.fr\/blog\/#\/schema\/person\/image\/","url":"https:\/\/com-quotidiens.fr\/blog\/wp-content\/uploads\/2026\/06\/persona_theo-r-96x96.jpg","contentUrl":"https:\/\/com-quotidiens.fr\/blog\/wp-content\/uploads\/2026\/06\/persona_theo-r-96x96.jpg","caption":"Th\u00e9o R."},"description":"Le web et la communication sont mon m\u00e9tier depuis une dizaine d'ann\u00e9es, entre r\u00e9daction, strat\u00e9gie de contenu et accompagnement de projets en ligne. J'\u00e9cris sur la cr\u00e9ation de site, le marketing digital, l'image de marque et le m\u00e9tier de r\u00e9dacteur web, avec l'envie de rendre ces sujets concrets pour les ind\u00e9pendants et les petites entreprises. J'aime expliquer comment se construit une pr\u00e9sence en ligne cr\u00e9dible, du choix des mots \u00e0 la coh\u00e9rence visuelle, sans recourir au jargon d'agence. Avant de recommander une m\u00e9thode ou un outil, je l'\u00e9prouve sur le terrain et je distingue ce qui marche vraiment des promesses \u00e0 la mode. Je me m\u00e9fie des recettes miracles en marketing, car aucune ne dispense de travail et de r\u00e9gularit\u00e9. Mon angle : donner des rep\u00e8res solides pour communiquer juste et b\u00e2tir une marque qui dure, \u00e0 hauteur de budgets r\u00e9els et d'\u00e9quipes r\u00e9duites.","url":"https:\/\/com-quotidiens.fr\/blog\/auteur\/noname\/","jobTitle":"R\u00e9dacteur en chef \u00b7 Web & Communication","knowsAbout":["Web","Communication"],"email":"theo.r@clickbuzz.fr"}]}},"_links":{"self":[{"href":"https:\/\/com-quotidiens.fr\/blog\/wp-json\/wp\/v2\/posts\/7493","targetHints":{"allow":["GET"]}}],"collection":[{"href":"https:\/\/com-quotidiens.fr\/blog\/wp-json\/wp\/v2\/posts"}],"about":[{"href":"https:\/\/com-quotidiens.fr\/blog\/wp-json\/wp\/v2\/types\/post"}],"author":[{"embeddable":true,"href":"https:\/\/com-quotidiens.fr\/blog\/wp-json\/wp\/v2\/users\/34"}],"replies":[{"embeddable":true,"href":"https:\/\/com-quotidiens.fr\/blog\/wp-json\/wp\/v2\/comments?post=7493"}],"version-history":[{"count":2,"href":"https:\/\/com-quotidiens.fr\/blog\/wp-json\/wp\/v2\/posts\/7493\/revisions"}],"predecessor-version":[{"id":7620,"href":"https:\/\/com-quotidiens.fr\/blog\/wp-json\/wp\/v2\/posts\/7493\/revisions\/7620"}],"wp:featuredmedia":[{"embeddable":true,"href":"https:\/\/com-quotidiens.fr\/blog\/wp-json\/wp\/v2\/media\/7505"}],"wp:attachment":[{"href":"https:\/\/com-quotidiens.fr\/blog\/wp-json\/wp\/v2\/media?parent=7493"}],"wp:term":[{"taxonomy":"category","embeddable":true,"href":"https:\/\/com-quotidiens.fr\/blog\/wp-json\/wp\/v2\/categories?post=7493"},{"taxonomy":"post_tag","embeddable":true,"href":"https:\/\/com-quotidiens.fr\/blog\/wp-json\/wp\/v2\/tags?post=7493"}],"curies":[{"name":"wp","href":"https:\/\/api.w.org\/{rel}","templated":true}]}}