{"id":7450,"date":"2026-06-19T13:54:21","date_gmt":"2026-06-19T11:54:21","guid":{"rendered":"https:\/\/com-quotidiens.fr\/blog\/?p=7450"},"modified":"2026-06-19T13:54:21","modified_gmt":"2026-06-19T11:54:21","slug":"decouvrez-les-principaux-quotidiens-portugais-et-leur-impact-mediatique","status":"publish","type":"post","link":"https:\/\/com-quotidiens.fr\/blog\/a-la-une\/decouvrez-les-principaux-quotidiens-portugais-et-leur-impact-mediatique\/","title":{"rendered":"D\u00e9couvrez les principaux quotidiens portugais et leur impact m\u00e9diatique"},"content":{"rendered":"<link rel=\"stylesheet\" href=\"https:\/\/fonts.googleapis.com\/css2?family=Inter+Tight:wght@600;700;800&#038;family=Inter:wght@400;500;600&#038;family=IBM+Plex+Mono:wght@500&#038;display=swap\">\n<style>\n.cqp-info-wrap{font-family:'Inter',-apple-system,sans-serif;color:#1c2530;line-height:1.65;font-size:17px}\n.cqp-info-wrap h2{font-family:'Inter Tight','Inter',sans-serif;font-weight:800;letter-spacing:-.02em;color:#10202e;font-size:clamp(23px,3.1vw,32px);margin:48px 0 14px;line-height:1.2}\n.cqp-info-wrap h3{font-family:'Inter Tight','Inter',sans-serif;font-weight:700;color:#10202e;font-size:19px;margin:22px 0 8px}\n.cqp-info-kicker{font-family:'IBM Plex Mono',monospace;font-size:12px;font-weight:500;letter-spacing:.14em;text-transform:uppercase;color:#1463a8;display:block;margin-bottom:6px}\n.cqp-info-brief{background:#eef5fb;border-left:5px solid #1463a8;border-radius:0 12px 12px 0;padding:20px 24px;margin:26px 0;box-shadow:0 1px 2px rgba(16,24,40,.05),0 14px 30px -20px rgba(20,99,168,.4)}\n.cqp-info-brief .cqp-info-lead{font-weight:600;color:#10202e;font-size:18px;margin-bottom:10px}\n.cqp-info-brief ul{margin:8px 0 0;padding-left:20px}\n.cqp-info-brief li{margin:6px 0}\n.cqp-info-grid{display:grid;grid-template-columns:repeat(auto-fit,minmax(250px,1fr));gap:22px;margin:28px 0}\n.cqp-info-card{background:#fff;border:1px solid #e3e8ef;border-top:3px solid #1463a8;border-radius:12px;padding:22px 24px;transition:.25s ease;box-shadow:0 1px 2px rgba(16,24,40,.05),0 10px 26px -20px rgba(16,24,40,.5)}\n.cqp-info-card:hover{transform:translateY(-3px);box-shadow:0 1px 2px rgba(16,24,40,.06),0 18px 38px -20px rgba(20,99,168,.45);border-top-color:#0d4f86}\n.cqp-info-card .cqp-info-name{font-family:'Inter Tight',sans-serif;font-weight:800;font-size:20px;color:#10202e;display:block}\n.cqp-info-card .cqp-info-tag{font-family:'IBM Plex Mono',monospace;font-size:11px;letter-spacing:.08em;text-transform:uppercase;color:#1463a8;display:block;margin:4px 0 12px}\n.cqp-info-card .cqp-info-txt{color:#3a4654;font-size:15.5px}\n.cqp-info-tablewrap{overflow:hidden;border:1px solid #e3e8ef;border-radius:12px;margin:26px 0;box-shadow:0 10px 26px -22px rgba(16,24,40,.5)}\n.cqp-info-tablewrap table{width:100%;border-collapse:collapse;font-size:15.5px}\n.cqp-info-tablewrap th{background:#10202e;color:#eef5fb;font-family:'Inter Tight',sans-serif;text-align:left;padding:12px 16px;font-weight:700}\n.cqp-info-tablewrap td{padding:11px 16px;border-top:1px solid #eef0f4}\n.cqp-info-tablewrap tr:nth-child(even) td{background:#f8fafc}\n.cqp-info-quote{font-family:'Inter Tight',sans-serif;font-style:italic;font-size:21px;line-height:1.45;color:#10202e;border-left:5px solid #1463a8;padding:6px 0 6px 22px;margin:30px 0}\n.cqp-info-quote span{display:block;font-family:'IBM Plex Mono',monospace;font-style:normal;font-size:13px;letter-spacing:.06em;color:#5a6573;margin-top:10px}\n.cqp-info-retain{background:#10202e;color:#eef3f9;border-radius:14px;padding:24px 26px;margin:34px 0}\n.cqp-info-retain .cqp-info-rh{font-family:'Inter Tight',sans-serif;font-weight:800;font-size:19px;color:#fff;margin-bottom:10px}\n.cqp-info-retain ul{margin:0;padding-left:22px}\n.cqp-info-retain li{margin:7px 0}\n.cqp-info-retain li,.cqp-info-retain span,.cqp-info-retain strong{color:#eef3f9!important}\n.cqp-info-retain strong{color:#fff!important}\n.cqp-info-faq{margin:30px 0}\n.cqp-info-faq details{border:1px solid #e3e8ef;border-radius:10px;padding:14px 18px;margin:10px 0;transition:.2s ease;background:#fff}\n.cqp-info-faq details:hover{border-color:#1463a8}\n.cqp-info-faq summary{font-family:'Inter Tight',sans-serif;font-weight:700;color:#10202e;cursor:pointer;list-style:none}\n.cqp-info-faq summary::before{content:\"+\";color:#1463a8;font-weight:800;margin-right:10px}\n.cqp-info-faq details[open] summary::before{content:\"\u2013\"}\n.cqp-info-faq .cqp-info-ans{margin-top:10px;color:#3a4654;font-size:15.5px}\n.cqp-info-wrap a{color:#1463a8;text-decoration:underline;text-underline-offset:2px}\n.cqp-info-wrap img{border-radius:12px}\n<\/style>\n<div class=\"cqp-info-wrap\">\n<p>Les quotidiens constituent une source d&rsquo;information essentielle pour les citoyens, abordant des sujets allant de la politique \u00e0 la culture. Que vous soyez r\u00e9sident du Portugal ou simple passionn\u00e9 de l&rsquo;actualit\u00e9 portugaise, ce tour d&rsquo;horizon vous pr\u00e9sente les principaux titres de la presse \u00e9crite et leur place dans le paysage m\u00e9diatique.<\/p>\n<div class=\"cqp-info-brief\">\n<span class=\"cqp-info-kicker\">En bref<\/span><\/p>\n<div class=\"cqp-info-lead\">La presse quotidienne portugaise s&rsquo;articule autour de quelques grands titres de r\u00e9f\u00e9rence : <strong>P\u00fablico<\/strong>, <strong>Correio da Manh\u00e3<\/strong>, <strong>Jornal de Not\u00edcias<\/strong> et <strong>Di\u00e1rio de Not\u00edcias<\/strong> pour l&rsquo;information g\u00e9n\u00e9rale, compl\u00e9t\u00e9s par <strong>Record<\/strong> et <strong>A Bola<\/strong> c\u00f4t\u00e9 sport.<\/div>\n<ul>\n<li><strong>Information g\u00e9n\u00e9rale :<\/strong> P\u00fablico (analyse), Di\u00e1rio de Not\u00edcias et Jornal de Not\u00edcias (g\u00e9n\u00e9ralistes), Correio da Manh\u00e3 (grand public).<\/li>\n<li><strong>Sport :<\/strong> A Bola et Record, deux quotidiens d\u00e9di\u00e9s au football et au sport.<\/li>\n<li><strong>Hebdomadaire de r\u00e9f\u00e9rence :<\/strong> Expresso, incontournable pour l&rsquo;analyse de fond.<\/li>\n<li><strong>En ligne :<\/strong> Observador, pure player num\u00e9rique influent.<\/li>\n<\/ul>\n<\/div>\n<h2>Les quotidiens portugais incontournables<\/h2>\n<p>Le Portugal compte plusieurs quotidiens qui se d\u00e9marquent par leur ligne \u00e9ditoriale et leur audience. Voici les titres qui structurent l&rsquo;information quotidienne du pays.<\/p>\n<div class=\"cqp-info-grid\">\n<div class=\"cqp-info-card\">\n<span class=\"cqp-info-name\">P\u00fablico<\/span><br \/>\n<span class=\"cqp-info-tag\">Analyse \u00b7 g\u00e9n\u00e9raliste<\/span><\/p>\n<div class=\"cqp-info-txt\">Lanc\u00e9 en 1990, ce journal mise sur l&rsquo;analyse approfondie et les reportages soign\u00e9s. Il s&rsquo;adresse \u00e0 un lectorat exigeant et joue un r\u00f4le moteur dans les d\u00e9bats d&rsquo;id\u00e9es.<\/div>\n<\/div>\n<div class=\"cqp-info-card\">\n<span class=\"cqp-info-name\">Correio da Manh\u00e3<\/span><br \/>\n<span class=\"cqp-info-tag\">Grand public<\/span><\/p>\n<div class=\"cqp-info-txt\">Avec une approche populaire et tr\u00e8s accessible, c&rsquo;est l&rsquo;un des quotidiens les plus largement diffus\u00e9s du pays. Il traite l&rsquo;actualit\u00e9 de fa\u00e7on directe, des faits divers \u00e0 la politique.<\/div>\n<\/div>\n<div class=\"cqp-info-card\">\n<span class=\"cqp-info-name\">Jornal de Not\u00edcias<\/span><br \/>\n<span class=\"cqp-info-tag\">G\u00e9n\u00e9raliste \u00b7 Porto<\/span><\/p>\n<div class=\"cqp-info-txt\">Historiquement ancr\u00e9 dans le nord du pays, le \u00ab JN \u00bb offre une couverture g\u00e9n\u00e9raliste de l&rsquo;actualit\u00e9 nationale et r\u00e9gionale, tr\u00e8s suivie au-del\u00e0 de la r\u00e9gion de Porto.<\/div>\n<\/div>\n<div class=\"cqp-info-card\">\n<span class=\"cqp-info-name\">Di\u00e1rio de Not\u00edcias<\/span><br \/>\n<span class=\"cqp-info-tag\">G\u00e9n\u00e9raliste \u00b7 fond\u00e9 en 1864<\/span><\/p>\n<div class=\"cqp-info-txt\">L&rsquo;un des plus anciens quotidiens portugais, \u00ab DN \u00bb propose une couverture vari\u00e9e de l&rsquo;actualit\u00e9 nationale et internationale. Une r\u00e9f\u00e9rence patrimoniale de la presse \u00e9crite.<\/div>\n<\/div>\n<div class=\"cqp-info-card\">\n<span class=\"cqp-info-name\">A Bola &amp; Record<\/span><br \/>\n<span class=\"cqp-info-tag\">Sport<\/span><\/p>\n<div class=\"cqp-info-txt\">Deux quotidiens enti\u00e8rement d\u00e9di\u00e9s au sport, et au football en particulier. Ils accompagnent au jour le jour les passionn\u00e9s avec analyses, transferts et avant-matchs.<\/div>\n<\/div>\n<div class=\"cqp-info-card\">\n<span class=\"cqp-info-name\">Expresso &amp; Observador<\/span><br \/>\n<span class=\"cqp-info-tag\">Hebdo &amp; pure player<\/span><\/p>\n<div class=\"cqp-info-txt\">Au-del\u00e0 des quotidiens, l&rsquo;hebdomadaire Expresso fait figure de r\u00e9f\u00e9rence pour l&rsquo;analyse de fond, tandis qu&rsquo;Observador s&rsquo;est impos\u00e9 comme un acteur natif du num\u00e9rique.<\/div>\n<\/div>\n<\/div>\n<p>Pour mieux comprendre comment ces titres s&rsquo;inscrivent dans la vie de leurs lecteurs, voir aussi notre dossier sur <a href=\"https:\/\/com-quotidiens.fr\/blog\/a-la-une\/comprendre-les-droits-quotidiens-guide-pratique-et-eclairant\/\">comprendre les droits quotidiens<\/a>.<\/p>\n<h2>Impact et influence des m\u00e9dias<\/h2>\n<p>Les quotidiens portugais jouent un r\u00f4le important dans la formation de l&rsquo;opinion publique. Ils informent, mais nourrissent aussi les d\u00e9bats sociopolitiques. Les enqu\u00eates men\u00e9es par des journaux comme P\u00fablico alimentent r\u00e9guli\u00e8rement des discussions nationales sur la transparence et la responsabilit\u00e9 publique.<img width=\"1024\" height=\"576\" src=\"https:\/\/com-quotidiens.fr\/blog\/wp-content\/uploads\/2025\/02\/stability-decouvrez-les-principaux-quotidiens-portugais-et-leur-impact-mediatique-1.png\" class=\"aligncenter\" alt=\"Illustration d\u00e9taill\u00e9e sur D\u00e9couvrez les principaux quotidiens portugais et leur impact m\u00e9diatique\" title=\"D\u00e9couvrez les principaux quotidiens portugais et leur impact m\u00e9diatique\" decoding=\"async\" loading=\"lazy\" \/><\/p>\n<p>La diversit\u00e9 des lignes \u00e9ditoriales offre aux lecteurs plusieurs angles pour se forger une opinion. Les \u00e9ditoriaux et les pages d&rsquo;analyse apportent un recul critique sur l&rsquo;actualit\u00e9, tandis que la presse populaire assure une large diffusion de l&rsquo;information.<\/p>\n<div class=\"cqp-info-quote\">\u00ab La presse \u00e9crite est le reflet de la soci\u00e9t\u00e9 : elle informe, \u00e9duque et, parfois, elle \u00e9meut. \u00bb<br \/>\n<span>\u2014 Adage souvent pr\u00eat\u00e9 \u00e0 la profession journalistique<\/span><\/div>\n<p>Pour prolonger la r\u00e9flexion sur la place de l&rsquo;information dans le quotidien, lisez aussi notre article sur les <a href=\"https:\/\/com-quotidiens.fr\/blog\/a-la-une\/decouvrez-les-rituels-quotidiens-cles-pour-une-vie-epanouie\/\">rituels quotidiens<\/a>.<\/p>\n<h2>\u00c9volution num\u00e9rique des quotidiens portugais<\/h2>\n<p>Avec l&rsquo;essor d&rsquo;Internet, la presse portugaise a d\u00fb s&rsquo;adapter rapidement. Le passage au num\u00e9rique a ouvert de nouvelles voies pour atteindre les lecteurs : applications mobiles, sites web interactifs, lettres d&rsquo;information. Ces plateformes permettent une diffusion plus rapide des nouvelles et une interaction directe avec le public.<\/p>\n<p>Les journaux ont aussi d\u00e9velopp\u00e9 des offres d&rsquo;abonnement en ligne pour r\u00e9pondre \u00e0 la baisse des ventes papier. Cette mutation vise \u00e0 pr\u00e9server leur \u00e9quilibre \u00e9conomique tout en maintenant la qualit\u00e9 de l&rsquo;information.<\/p>\n<h2>Tableau r\u00e9capitulatif des principaux titres<\/h2>\n<div class=\"cqp-info-tablewrap\">\n<table>\n<tr>\n<th>Titre<\/th>\n<th>Type de contenu<\/th>\n<th>Particularit\u00e9<\/th>\n<\/tr>\n<tr>\n<td>P\u00fablico<\/td>\n<td>G\u00e9n\u00e9raliste \u00b7 analyse<\/td>\n<td>Cr\u00e9\u00e9 en 1990, lectorat exigeant<\/td>\n<\/tr>\n<tr>\n<td>Correio da Manh\u00e3<\/td>\n<td>Grand public<\/td>\n<td>Approche populaire, large diffusion<\/td>\n<\/tr>\n<tr>\n<td>Jornal de Not\u00edcias<\/td>\n<td>G\u00e9n\u00e9raliste<\/td>\n<td>Fort ancrage dans le nord (Porto)<\/td>\n<\/tr>\n<tr>\n<td>Di\u00e1rio de Not\u00edcias<\/td>\n<td>G\u00e9n\u00e9raliste<\/td>\n<td>Fond\u00e9 en 1864, l&rsquo;un des plus anciens<\/td>\n<\/tr>\n<tr>\n<td>A Bola \/ Record<\/td>\n<td>Sportif<\/td>\n<td>Quotidiens d\u00e9di\u00e9s au football<\/td>\n<\/tr>\n<tr>\n<td>Expresso<\/td>\n<td>Hebdomadaire<\/td>\n<td>R\u00e9f\u00e9rence pour l&rsquo;analyse de fond<\/td>\n<\/tr>\n<\/table>\n<\/div>\n<div class=\"cqp-info-retain\">\n<div class=\"cqp-info-rh\">\u00c0 retenir<\/div>\n<ul>\n<li>La presse quotidienne portugaise se partage entre <strong>information g\u00e9n\u00e9rale<\/strong> (P\u00fablico, DN, JN, Correio da Manh\u00e3) et <strong>presse sportive<\/strong> (A Bola, Record).<\/li>\n<li><strong>Expresso<\/strong> reste l&rsquo;hebdomadaire de r\u00e9f\u00e9rence, et <strong>Observador<\/strong> un acteur cl\u00e9 du tout-num\u00e9rique.<\/li>\n<li>Le <strong>Di\u00e1rio de Not\u00edcias<\/strong>, fond\u00e9 en 1864, fait partie des plus anciens titres du pays.<\/li>\n<li>La <strong>transition num\u00e9rique<\/strong> (apps, abonnements en ligne) red\u00e9finit aujourd&rsquo;hui le mod\u00e8le \u00e9conomique de ces journaux.<\/li>\n<\/ul>\n<\/div>\n<h2>Questions fr\u00e9quentes<\/h2>\n<div class=\"cqp-info-faq\">\n<details>\n<summary>Quels sont les principaux quotidiens au Portugal ?<\/summary>\n<div class=\"cqp-info-ans\">C\u00f4t\u00e9 information g\u00e9n\u00e9rale : P\u00fablico, Di\u00e1rio de Not\u00edcias, Jornal de Not\u00edcias et Correio da Manh\u00e3. C\u00f4t\u00e9 sport : A Bola et Record. L&rsquo;hebdomadaire Expresso et le pure player Observador compl\u00e8tent ce paysage.<\/div>\n<\/details>\n<details>\n<summary>Quel est le quotidien portugais le plus ancien ?<\/summary>\n<div class=\"cqp-info-ans\">Le Di\u00e1rio de Not\u00edcias, fond\u00e9 en 1864, compte parmi les titres les plus anciens de la presse portugaise encore en activit\u00e9 sous forme moderne.<\/div>\n<\/details>\n<details>\n<summary>Quelle est la diff\u00e9rence entre P\u00fablico et Correio da Manh\u00e3 ?<\/summary>\n<div class=\"cqp-info-ans\">P\u00fablico privil\u00e9gie l&rsquo;analyse et les reportages de fond pour un lectorat exigeant, tandis que Correio da Manh\u00e3 adopte une approche plus populaire et accessible, ce qui en fait l&rsquo;un des titres les plus largement diffus\u00e9s.<\/div>\n<\/details>\n<details>\n<summary>Comment la presse portugaise s&rsquo;adapte-t-elle \u00e0 l&rsquo;\u00e8re num\u00e9rique ?<\/summary>\n<div class=\"cqp-info-ans\">Les journaux ont d\u00e9velopp\u00e9 sites web, applications mobiles et formules d&rsquo;abonnement en ligne pour toucher un public plus large et compenser la baisse des ventes papier.<\/div>\n<\/details>\n<details>\n<summary>Les quotidiens portugais sont-ils accessibles depuis l&rsquo;\u00e9tranger ?<\/summary>\n<div class=\"cqp-info-ans\">Oui, la plupart proposent une version num\u00e9rique consultable hors du Portugal, ce qui les rend accessibles \u00e0 la diaspora et aux lusophones du monde entier.<\/div>\n<\/details>\n<\/div>\n<p>La presse quotidienne portugaise continue de jouer un r\u00f4le cl\u00e9 dans la vie des citoyens en leur donnant acc\u00e8s \u00e0 une information vari\u00e9e. Sa capacit\u00e9 \u00e0 se r\u00e9inventer face aux \u00e9volutions technologiques et aux nouveaux usages d\u00e9terminera sa place dans le paysage m\u00e9diatique de demain.<\/p>\n<\/div>\n<p><iframe loading=\"lazy\" title=\"Le d\u00e9confinement inqui\u00e8te le corps m\u00e9dical - C \u00e0 Vous - 30\/04\/2021\" width=\"1200\" height=\"675\" src=\"https:\/\/www.youtube.com\/embed\/QATxTw948tY?feature=oembed\" frameborder=\"0\" allow=\"accelerometer; autoplay; clipboard-write; encrypted-media; gyroscope; picture-in-picture; web-share\" referrerpolicy=\"strict-origin-when-cross-origin\" allowfullscreen><\/iframe><\/p>\n","protected":false},"excerpt":{"rendered":"","protected":false},"author":34,"featured_media":7451,"comment_status":"open","ping_status":"open","sticky":false,"template":"","format":"standard","meta":{"_acf_changed":false,"manual_indexmenow":false,"indexmenow_id_project":0,"footnotes":""},"categories":[1],"tags":[4648,4647,4535,4645,4646,4556],"class_list":["post-7450","post","type-post","status-publish","format-standard","has-post-thumbnail","hentry","category-a-la-une","tag-a-bola","tag-diario-de-noticias","tag-medias","tag-portugal","tag-publico","tag-quotidiens","generate-columns","tablet-grid-50","mobile-grid-100","grid-parent","grid-25"],"acf":[],"yoast_head":"<!-- This site is optimized with the Yoast SEO Premium plugin v21.3 (Yoast SEO v25.6) - https:\/\/yoast.com\/wordpress\/plugins\/seo\/ -->\n<title>Les principaux quotidiens portugais et leur impact<\/title>\n<meta name=\"description\" content=\"Les quotidiens constituent une source d&#039;information essentielle pour les citoyens, abordant des sujets allant de la politique \u00e0 la culture.\" \/>\n<meta name=\"robots\" content=\"index, follow, max-snippet:-1, max-image-preview:large, max-video-preview:-1\" \/>\n<link rel=\"canonical\" href=\"https:\/\/com-quotidiens.fr\/blog\/a-la-une\/decouvrez-les-principaux-quotidiens-portugais-et-leur-impact-mediatique\/\" \/>\n<meta property=\"og:locale\" content=\"fr_FR\" \/>\n<meta property=\"og:type\" content=\"article\" \/>\n<meta property=\"og:title\" content=\"Les principaux quotidiens portugais et leur impact\" \/>\n<meta property=\"og:description\" content=\"Les quotidiens constituent une source d&#039;information essentielle pour les citoyens, abordant des sujets allant de la politique \u00e0 la culture.\" \/>\n<meta property=\"og:url\" content=\"https:\/\/com-quotidiens.fr\/blog\/a-la-une\/decouvrez-les-principaux-quotidiens-portugais-et-leur-impact-mediatique\/\" \/>\n<meta property=\"og:site_name\" content=\"com-quotidiens\" \/>\n<meta property=\"og:image\" content=\"https:\/\/com-quotidiens.fr\/blog\/wp-content\/uploads\/2025\/02\/stability-decouvrez-les-principaux-quotidiens-portugais-et-leur-impact-mediatique.png\" \/>\n\t<meta property=\"og:image:width\" content=\"1024\" \/>\n\t<meta property=\"og:image:height\" content=\"576\" \/>\n\t<meta property=\"og:image:type\" content=\"image\/png\" \/>\n<meta name=\"author\" content=\"Th\u00e9o R.\" \/>\n<meta name=\"twitter:card\" content=\"summary_large_image\" \/>\n<script type=\"application\/ld+json\" class=\"yoast-schema-graph\">{\"@context\":\"https:\/\/schema.org\",\"@graph\":[{\"@type\":\"NewsArticle\",\"@id\":\"https:\/\/com-quotidiens.fr\/blog\/a-la-une\/decouvrez-les-principaux-quotidiens-portugais-et-leur-impact-mediatique\/#article\",\"isPartOf\":{\"@id\":\"https:\/\/com-quotidiens.fr\/blog\/a-la-une\/decouvrez-les-principaux-quotidiens-portugais-et-leur-impact-mediatique\/\"},\"author\":{\"name\":\"Th\u00e9o R.\",\"@id\":\"https:\/\/com-quotidiens.fr\/blog\/#\/schema\/person\/3c864cdc320801e3db34b663e7e3f816\"},\"headline\":\"D\u00e9couvrez les principaux quotidiens portugais et leur impact m\u00e9diatique\",\"datePublished\":\"2026-06-19T11:54:21+00:00\",\"mainEntityOfPage\":{\"@id\":\"https:\/\/com-quotidiens.fr\/blog\/a-la-une\/decouvrez-les-principaux-quotidiens-portugais-et-leur-impact-mediatique\/\"},\"wordCount\":1104,\"commentCount\":22,\"publisher\":{\"@id\":\"https:\/\/com-quotidiens.fr\/blog\/#organization\"},\"image\":{\"@id\":\"https:\/\/com-quotidiens.fr\/blog\/a-la-une\/decouvrez-les-principaux-quotidiens-portugais-et-leur-impact-mediatique\/#primaryimage\"},\"thumbnailUrl\":\"https:\/\/com-quotidiens.fr\/blog\/wp-content\/uploads\/2025\/02\/stability-decouvrez-les-principaux-quotidiens-portugais-et-leur-impact-mediatique.png\",\"keywords\":[\"A Bola\",\"Di\u00e1rio de Not\u00edcias\",\"M\u00e9dias\",\"Portugal\",\"P\u00fablico\",\"Quotidiens\"],\"articleSection\":[\"\u00c0 la une\"],\"inLanguage\":\"fr-FR\",\"potentialAction\":[{\"@type\":\"CommentAction\",\"name\":\"Comment\",\"target\":[\"https:\/\/com-quotidiens.fr\/blog\/a-la-une\/decouvrez-les-principaux-quotidiens-portugais-et-leur-impact-mediatique\/#respond\"]}]},{\"@type\":\"WebPage\",\"@id\":\"https:\/\/com-quotidiens.fr\/blog\/a-la-une\/decouvrez-les-principaux-quotidiens-portugais-et-leur-impact-mediatique\/\",\"url\":\"https:\/\/com-quotidiens.fr\/blog\/a-la-une\/decouvrez-les-principaux-quotidiens-portugais-et-leur-impact-mediatique\/\",\"name\":\"Les principaux quotidiens portugais et leur impact\",\"isPartOf\":{\"@id\":\"https:\/\/com-quotidiens.fr\/blog\/#website\"},\"primaryImageOfPage\":{\"@id\":\"https:\/\/com-quotidiens.fr\/blog\/a-la-une\/decouvrez-les-principaux-quotidiens-portugais-et-leur-impact-mediatique\/#primaryimage\"},\"image\":{\"@id\":\"https:\/\/com-quotidiens.fr\/blog\/a-la-une\/decouvrez-les-principaux-quotidiens-portugais-et-leur-impact-mediatique\/#primaryimage\"},\"thumbnailUrl\":\"https:\/\/com-quotidiens.fr\/blog\/wp-content\/uploads\/2025\/02\/stability-decouvrez-les-principaux-quotidiens-portugais-et-leur-impact-mediatique.png\",\"datePublished\":\"2026-06-19T11:54:21+00:00\",\"description\":\"Les quotidiens constituent une source d'information essentielle pour les citoyens, abordant des sujets allant de la politique \u00e0 la culture.\",\"inLanguage\":\"fr-FR\",\"potentialAction\":[{\"@type\":\"ReadAction\",\"target\":[\"https:\/\/com-quotidiens.fr\/blog\/a-la-une\/decouvrez-les-principaux-quotidiens-portugais-et-leur-impact-mediatique\/\"]}]},{\"@type\":\"ImageObject\",\"inLanguage\":\"fr-FR\",\"@id\":\"https:\/\/com-quotidiens.fr\/blog\/a-la-une\/decouvrez-les-principaux-quotidiens-portugais-et-leur-impact-mediatique\/#primaryimage\",\"url\":\"https:\/\/com-quotidiens.fr\/blog\/wp-content\/uploads\/2025\/02\/stability-decouvrez-les-principaux-quotidiens-portugais-et-leur-impact-mediatique.png\",\"contentUrl\":\"https:\/\/com-quotidiens.fr\/blog\/wp-content\/uploads\/2025\/02\/stability-decouvrez-les-principaux-quotidiens-portugais-et-leur-impact-mediatique.png\",\"width\":1024,\"height\":576},{\"@type\":\"WebSite\",\"@id\":\"https:\/\/com-quotidiens.fr\/blog\/#website\",\"url\":\"https:\/\/com-quotidiens.fr\/blog\/\",\"name\":\"com-quotidiens.fr\",\"description\":\"Com Quotidiens, l&#039;info communication au quotidien\",\"publisher\":{\"@id\":\"https:\/\/com-quotidiens.fr\/blog\/#organization\"},\"alternateName\":\"Com Quotidiens, l'info communication au quotidien\",\"potentialAction\":[{\"@type\":\"SearchAction\",\"target\":{\"@type\":\"EntryPoint\",\"urlTemplate\":\"https:\/\/com-quotidiens.fr\/blog\/?s={search_term_string}\"},\"query-input\":{\"@type\":\"PropertyValueSpecification\",\"valueRequired\":true,\"valueName\":\"search_term_string\"}}],\"inLanguage\":\"fr-FR\"},{\"@type\":\"Organization\",\"@id\":\"https:\/\/com-quotidiens.fr\/blog\/#organization\",\"name\":\"Foretsensations.fr\",\"url\":\"https:\/\/com-quotidiens.fr\/blog\/\",\"logo\":{\"@type\":\"ImageObject\",\"inLanguage\":\"fr-FR\",\"@id\":\"https:\/\/com-quotidiens.fr\/blog\/#\/schema\/logo\/image\/\",\"url\":\"https:\/\/com-quotidiens.fr\/blog\/wp-content\/uploads\/2024\/12\/26.png\",\"contentUrl\":\"https:\/\/com-quotidiens.fr\/blog\/wp-content\/uploads\/2024\/12\/26.png\",\"width\":500,\"height\":500,\"caption\":\"Foretsensations.fr\"},\"image\":{\"@id\":\"https:\/\/com-quotidiens.fr\/blog\/#\/schema\/logo\/image\/\"}},{\"@type\":\"Person\",\"@id\":\"https:\/\/com-quotidiens.fr\/blog\/#\/schema\/person\/3c864cdc320801e3db34b663e7e3f816\",\"name\":\"Th\u00e9o R.\",\"image\":{\"@type\":\"ImageObject\",\"inLanguage\":\"fr-FR\",\"@id\":\"https:\/\/com-quotidiens.fr\/blog\/#\/schema\/person\/image\/\",\"url\":\"https:\/\/com-quotidiens.fr\/blog\/wp-content\/uploads\/2026\/06\/persona_theo-r-96x96.jpg\",\"contentUrl\":\"https:\/\/com-quotidiens.fr\/blog\/wp-content\/uploads\/2026\/06\/persona_theo-r-96x96.jpg\",\"caption\":\"Th\u00e9o R.\"},\"description\":\"Le web et la communication sont mon m\u00e9tier depuis une dizaine d'ann\u00e9es, entre r\u00e9daction, strat\u00e9gie de contenu et accompagnement de projets en ligne. J'\u00e9cris sur la cr\u00e9ation de site, le marketing digital, l'image de marque et le m\u00e9tier de r\u00e9dacteur web, avec l'envie de rendre ces sujets concrets pour les ind\u00e9pendants et les petites entreprises. J'aime expliquer comment se construit une pr\u00e9sence en ligne cr\u00e9dible, du choix des mots \u00e0 la coh\u00e9rence visuelle, sans recourir au jargon d'agence. Avant de recommander une m\u00e9thode ou un outil, je l'\u00e9prouve sur le terrain et je distingue ce qui marche vraiment des promesses \u00e0 la mode. Je me m\u00e9fie des recettes miracles en marketing, car aucune ne dispense de travail et de r\u00e9gularit\u00e9. Mon angle : donner des rep\u00e8res solides pour communiquer juste et b\u00e2tir une marque qui dure, \u00e0 hauteur de budgets r\u00e9els et d'\u00e9quipes r\u00e9duites.\",\"url\":\"https:\/\/com-quotidiens.fr\/blog\/auteur\/noname\/\",\"jobTitle\":\"R\u00e9dacteur en chef \u00b7 Web & Communication\",\"knowsAbout\":[\"Web\",\"Communication\"],\"email\":\"theo.r@clickbuzz.fr\"}]}<\/script>\n<!-- \/ Yoast SEO Premium plugin. -->","yoast_head_json":{"title":"Les principaux quotidiens portugais et leur impact","description":"Les quotidiens constituent une source d'information essentielle pour les citoyens, abordant des sujets allant de la politique \u00e0 la culture.","robots":{"index":"index","follow":"follow","max-snippet":"max-snippet:-1","max-image-preview":"max-image-preview:large","max-video-preview":"max-video-preview:-1"},"canonical":"https:\/\/com-quotidiens.fr\/blog\/a-la-une\/decouvrez-les-principaux-quotidiens-portugais-et-leur-impact-mediatique\/","og_locale":"fr_FR","og_type":"article","og_title":"Les principaux quotidiens portugais et leur impact","og_description":"Les quotidiens constituent une source d'information essentielle pour les citoyens, abordant des sujets allant de la politique \u00e0 la culture.","og_url":"https:\/\/com-quotidiens.fr\/blog\/a-la-une\/decouvrez-les-principaux-quotidiens-portugais-et-leur-impact-mediatique\/","og_site_name":"com-quotidiens","og_image":[{"width":1024,"height":576,"url":"https:\/\/com-quotidiens.fr\/blog\/wp-content\/uploads\/2025\/02\/stability-decouvrez-les-principaux-quotidiens-portugais-et-leur-impact-mediatique.png","type":"image\/png"}],"author":"Th\u00e9o R.","twitter_card":"summary_large_image","schema":{"@context":"https:\/\/schema.org","@graph":[{"@type":"NewsArticle","@id":"https:\/\/com-quotidiens.fr\/blog\/a-la-une\/decouvrez-les-principaux-quotidiens-portugais-et-leur-impact-mediatique\/#article","isPartOf":{"@id":"https:\/\/com-quotidiens.fr\/blog\/a-la-une\/decouvrez-les-principaux-quotidiens-portugais-et-leur-impact-mediatique\/"},"author":{"name":"Th\u00e9o R.","@id":"https:\/\/com-quotidiens.fr\/blog\/#\/schema\/person\/3c864cdc320801e3db34b663e7e3f816"},"headline":"D\u00e9couvrez les principaux quotidiens portugais et leur impact m\u00e9diatique","datePublished":"2026-06-19T11:54:21+00:00","mainEntityOfPage":{"@id":"https:\/\/com-quotidiens.fr\/blog\/a-la-une\/decouvrez-les-principaux-quotidiens-portugais-et-leur-impact-mediatique\/"},"wordCount":1104,"commentCount":22,"publisher":{"@id":"https:\/\/com-quotidiens.fr\/blog\/#organization"},"image":{"@id":"https:\/\/com-quotidiens.fr\/blog\/a-la-une\/decouvrez-les-principaux-quotidiens-portugais-et-leur-impact-mediatique\/#primaryimage"},"thumbnailUrl":"https:\/\/com-quotidiens.fr\/blog\/wp-content\/uploads\/2025\/02\/stability-decouvrez-les-principaux-quotidiens-portugais-et-leur-impact-mediatique.png","keywords":["A Bola","Di\u00e1rio de Not\u00edcias","M\u00e9dias","Portugal","P\u00fablico","Quotidiens"],"articleSection":["\u00c0 la une"],"inLanguage":"fr-FR","potentialAction":[{"@type":"CommentAction","name":"Comment","target":["https:\/\/com-quotidiens.fr\/blog\/a-la-une\/decouvrez-les-principaux-quotidiens-portugais-et-leur-impact-mediatique\/#respond"]}]},{"@type":"WebPage","@id":"https:\/\/com-quotidiens.fr\/blog\/a-la-une\/decouvrez-les-principaux-quotidiens-portugais-et-leur-impact-mediatique\/","url":"https:\/\/com-quotidiens.fr\/blog\/a-la-une\/decouvrez-les-principaux-quotidiens-portugais-et-leur-impact-mediatique\/","name":"Les principaux quotidiens portugais et leur impact","isPartOf":{"@id":"https:\/\/com-quotidiens.fr\/blog\/#website"},"primaryImageOfPage":{"@id":"https:\/\/com-quotidiens.fr\/blog\/a-la-une\/decouvrez-les-principaux-quotidiens-portugais-et-leur-impact-mediatique\/#primaryimage"},"image":{"@id":"https:\/\/com-quotidiens.fr\/blog\/a-la-une\/decouvrez-les-principaux-quotidiens-portugais-et-leur-impact-mediatique\/#primaryimage"},"thumbnailUrl":"https:\/\/com-quotidiens.fr\/blog\/wp-content\/uploads\/2025\/02\/stability-decouvrez-les-principaux-quotidiens-portugais-et-leur-impact-mediatique.png","datePublished":"2026-06-19T11:54:21+00:00","description":"Les quotidiens constituent une source d'information essentielle pour les citoyens, abordant des sujets allant de la politique \u00e0 la culture.","inLanguage":"fr-FR","potentialAction":[{"@type":"ReadAction","target":["https:\/\/com-quotidiens.fr\/blog\/a-la-une\/decouvrez-les-principaux-quotidiens-portugais-et-leur-impact-mediatique\/"]}]},{"@type":"ImageObject","inLanguage":"fr-FR","@id":"https:\/\/com-quotidiens.fr\/blog\/a-la-une\/decouvrez-les-principaux-quotidiens-portugais-et-leur-impact-mediatique\/#primaryimage","url":"https:\/\/com-quotidiens.fr\/blog\/wp-content\/uploads\/2025\/02\/stability-decouvrez-les-principaux-quotidiens-portugais-et-leur-impact-mediatique.png","contentUrl":"https:\/\/com-quotidiens.fr\/blog\/wp-content\/uploads\/2025\/02\/stability-decouvrez-les-principaux-quotidiens-portugais-et-leur-impact-mediatique.png","width":1024,"height":576},{"@type":"WebSite","@id":"https:\/\/com-quotidiens.fr\/blog\/#website","url":"https:\/\/com-quotidiens.fr\/blog\/","name":"com-quotidiens.fr","description":"Com Quotidiens, l&#039;info communication au quotidien","publisher":{"@id":"https:\/\/com-quotidiens.fr\/blog\/#organization"},"alternateName":"Com Quotidiens, l'info communication au quotidien","potentialAction":[{"@type":"SearchAction","target":{"@type":"EntryPoint","urlTemplate":"https:\/\/com-quotidiens.fr\/blog\/?s={search_term_string}"},"query-input":{"@type":"PropertyValueSpecification","valueRequired":true,"valueName":"search_term_string"}}],"inLanguage":"fr-FR"},{"@type":"Organization","@id":"https:\/\/com-quotidiens.fr\/blog\/#organization","name":"Foretsensations.fr","url":"https:\/\/com-quotidiens.fr\/blog\/","logo":{"@type":"ImageObject","inLanguage":"fr-FR","@id":"https:\/\/com-quotidiens.fr\/blog\/#\/schema\/logo\/image\/","url":"https:\/\/com-quotidiens.fr\/blog\/wp-content\/uploads\/2024\/12\/26.png","contentUrl":"https:\/\/com-quotidiens.fr\/blog\/wp-content\/uploads\/2024\/12\/26.png","width":500,"height":500,"caption":"Foretsensations.fr"},"image":{"@id":"https:\/\/com-quotidiens.fr\/blog\/#\/schema\/logo\/image\/"}},{"@type":"Person","@id":"https:\/\/com-quotidiens.fr\/blog\/#\/schema\/person\/3c864cdc320801e3db34b663e7e3f816","name":"Th\u00e9o R.","image":{"@type":"ImageObject","inLanguage":"fr-FR","@id":"https:\/\/com-quotidiens.fr\/blog\/#\/schema\/person\/image\/","url":"https:\/\/com-quotidiens.fr\/blog\/wp-content\/uploads\/2026\/06\/persona_theo-r-96x96.jpg","contentUrl":"https:\/\/com-quotidiens.fr\/blog\/wp-content\/uploads\/2026\/06\/persona_theo-r-96x96.jpg","caption":"Th\u00e9o R."},"description":"Le web et la communication sont mon m\u00e9tier depuis une dizaine d'ann\u00e9es, entre r\u00e9daction, strat\u00e9gie de contenu et accompagnement de projets en ligne. J'\u00e9cris sur la cr\u00e9ation de site, le marketing digital, l'image de marque et le m\u00e9tier de r\u00e9dacteur web, avec l'envie de rendre ces sujets concrets pour les ind\u00e9pendants et les petites entreprises. J'aime expliquer comment se construit une pr\u00e9sence en ligne cr\u00e9dible, du choix des mots \u00e0 la coh\u00e9rence visuelle, sans recourir au jargon d'agence. Avant de recommander une m\u00e9thode ou un outil, je l'\u00e9prouve sur le terrain et je distingue ce qui marche vraiment des promesses \u00e0 la mode. Je me m\u00e9fie des recettes miracles en marketing, car aucune ne dispense de travail et de r\u00e9gularit\u00e9. Mon angle : donner des rep\u00e8res solides pour communiquer juste et b\u00e2tir une marque qui dure, \u00e0 hauteur de budgets r\u00e9els et d'\u00e9quipes r\u00e9duites.","url":"https:\/\/com-quotidiens.fr\/blog\/auteur\/noname\/","jobTitle":"R\u00e9dacteur en chef \u00b7 Web & Communication","knowsAbout":["Web","Communication"],"email":"theo.r@clickbuzz.fr"}]}},"_links":{"self":[{"href":"https:\/\/com-quotidiens.fr\/blog\/wp-json\/wp\/v2\/posts\/7450","targetHints":{"allow":["GET"]}}],"collection":[{"href":"https:\/\/com-quotidiens.fr\/blog\/wp-json\/wp\/v2\/posts"}],"about":[{"href":"https:\/\/com-quotidiens.fr\/blog\/wp-json\/wp\/v2\/types\/post"}],"author":[{"embeddable":true,"href":"https:\/\/com-quotidiens.fr\/blog\/wp-json\/wp\/v2\/users\/34"}],"replies":[{"embeddable":true,"href":"https:\/\/com-quotidiens.fr\/blog\/wp-json\/wp\/v2\/comments?post=7450"}],"version-history":[{"count":3,"href":"https:\/\/com-quotidiens.fr\/blog\/wp-json\/wp\/v2\/posts\/7450\/revisions"}],"predecessor-version":[{"id":7626,"href":"https:\/\/com-quotidiens.fr\/blog\/wp-json\/wp\/v2\/posts\/7450\/revisions\/7626"}],"wp:featuredmedia":[{"embeddable":true,"href":"https:\/\/com-quotidiens.fr\/blog\/wp-json\/wp\/v2\/media\/7451"}],"wp:attachment":[{"href":"https:\/\/com-quotidiens.fr\/blog\/wp-json\/wp\/v2\/media?parent=7450"}],"wp:term":[{"taxonomy":"category","embeddable":true,"href":"https:\/\/com-quotidiens.fr\/blog\/wp-json\/wp\/v2\/categories?post=7450"},{"taxonomy":"post_tag","embeddable":true,"href":"https:\/\/com-quotidiens.fr\/blog\/wp-json\/wp\/v2\/tags?post=7450"}],"curies":[{"name":"wp","href":"https:\/\/api.w.org\/{rel}","templated":true}]}}