{"id":7433,"date":"2026-06-19T13:52:22","date_gmt":"2026-06-19T11:52:22","guid":{"rendered":"https:\/\/com-quotidiens.fr\/blog\/?p=7433"},"modified":"2026-06-19T13:52:22","modified_gmt":"2026-06-19T11:52:22","slug":"decouvrez-les-quotidiens-italiens-histoire-impact-et-diversite","status":"publish","type":"post","link":"https:\/\/com-quotidiens.fr\/blog\/a-la-une\/decouvrez-les-quotidiens-italiens-histoire-impact-et-diversite\/","title":{"rendered":"D\u00e9couvrez les quotidiens italiens : histoire, impact et diversit\u00e9"},"content":{"rendered":"<link rel=\"stylesheet\" href=\"https:\/\/fonts.googleapis.com\/css2?family=Space+Grotesk:wght@500;600;700&#038;family=Inter:wght@400;500;600&#038;family=JetBrains+Mono:wght@500&#038;display=swap\">\n<style>\n.cq-press-wrap{font-family:'Inter',system-ui,sans-serif;color:#22262e;line-height:1.65;font-size:17px;max-width:820px}\n.cq-press-wrap h2{font-family:'Space Grotesk','Inter',sans-serif;font-weight:700;font-size:clamp(24px,3.2vw,33px);letter-spacing:-.01em;color:#13202e;margin:50px 0 16px;line-height:1.2}\n.cq-press-wrap h3{font-family:'Space Grotesk','Inter',sans-serif;font-weight:600;font-size:clamp(19px,2.2vw,22px);color:#13202e;margin:30px 0 10px}\n.cq-press-wrap p{margin:0 0 17px}\n.cq-press-brief{background:#f3f7fb;border-left:5px solid #1c6e8c;border-radius:0 12px 12px 0;padding:22px 26px;margin:24px 0 34px}\n.cq-press-brief .cq-press-eyebrow{font-family:'JetBrains Mono',monospace;font-size:12px;font-weight:500;letter-spacing:.12em;text-transform:uppercase;color:#1c6e8c;margin-bottom:8px}\n.cq-press-brief .cq-press-lead{font-size:18px;color:#1a2630;margin-bottom:14px}\n.cq-press-brief ul{margin:0;padding-left:20px}\n.cq-press-brief li{margin:6px 0}\n.cq-press-brief strong{color:#13202e}\n.cq-press-grid{display:grid;grid-template-columns:repeat(auto-fit,minmax(240px,1fr));gap:22px;margin:28px 0}\n.cq-press-card{background:#fff;border:1px solid #e3e8ef;border-top:3px solid #1c6e8c;border-radius:12px;padding:22px 24px;transition:.25s ease}\n.cq-press-card:hover{transform:translateY(-3px);box-shadow:0 1px 2px rgba(16,24,40,.05),0 16px 32px -18px rgba(16,24,40,.28)}\n.cq-press-card .cq-press-name{font-family:'Space Grotesk',sans-serif;font-weight:700;font-size:19px;color:#13202e;margin-bottom:4px}\n.cq-press-card .cq-press-tag{font-family:'JetBrains Mono',monospace;font-size:12px;color:#1c6e8c;letter-spacing:.04em;margin-bottom:10px}\n.cq-press-card .cq-press-desc{font-size:15px;color:#3a4350;line-height:1.55}\n.cq-press-tablewrap{border:1px solid #e3e8ef;border-radius:12px;overflow:hidden;margin:26px 0}\n.cq-press-tablewrap table{width:100%;border-collapse:collapse;font-size:15px}\n.cq-press-tablewrap th{background:#13202e;color:#eef3f9;font-family:'Space Grotesk',sans-serif;font-weight:600;text-align:left;padding:13px 16px;font-size:14px;letter-spacing:.02em}\n.cq-press-tablewrap td{padding:12px 16px;border-top:1px solid #e9edf2}\n.cq-press-tablewrap tr:nth-child(even) td{background:#f7f9fc}\n.cq-press-quote{font-family:'Space Grotesk',sans-serif;font-size:21px;font-weight:500;line-height:1.45;color:#13202e;border-left:4px solid #1c6e8c;padding:6px 0 6px 22px;margin:30px 0}\n.cq-press-retain{background:#13202e;color:#eef3f9;border-radius:14px;padding:26px 30px;margin:36px 0}\n.cq-press-retain .cq-press-eyebrow{font-family:'JetBrains Mono',monospace;font-size:12px;letter-spacing:.12em;text-transform:uppercase;color:#7fc4dd;margin-bottom:12px}\n.cq-press-retain ul{margin:0;padding-left:20px}\n.cq-press-retain li{margin:8px 0;color:#eef3f9!important}\n.cq-press-retain strong{color:#fff!important}\n.cq-press-faq{margin:30px 0}\n.cq-press-faq details{border:1px solid #e3e8ef;border-radius:10px;padding:0;margin:12px 0;overflow:hidden;transition:.2s ease}\n.cq-press-faq details[open]{border-color:#1c6e8c;box-shadow:0 8px 24px -16px rgba(16,24,40,.3)}\n.cq-press-faq summary{cursor:pointer;font-family:'Space Grotesk',sans-serif;font-weight:600;font-size:17px;color:#13202e;padding:16px 20px;list-style:none;position:relative}\n.cq-press-faq summary::-webkit-details-marker{display:none}\n.cq-press-faq summary::after{content:\"+\";position:absolute;right:20px;color:#1c6e8c;font-size:22px;font-weight:700;line-height:1}\n.cq-press-faq details[open] summary::after{content:\"\u2013\"}\n.cq-press-faq .cq-press-ans{padding:0 20px 18px;color:#3a4350;font-size:15.5px;line-height:1.6}\n.cq-press-wrap img{border-radius:12px;height:auto}\n@media(max-width:640px){.cq-press-grid{grid-template-columns:1fr}}\n<\/style>\n<div class=\"cq-press-wrap\">\n<div class=\"cq-press-brief\">\n<div class=\"cq-press-eyebrow\">En bref<\/div>\n<div class=\"cq-press-lead\">La presse quotidienne italienne s&rsquo;organise autour de quelques grands titres nationaux \u2014 <strong>Corriere della Sera<\/strong>, <strong>La Repubblica<\/strong>, <strong>La Stampa<\/strong> et <strong>Il Sole 24 Ore<\/strong> pour l&rsquo;\u00e9conomie, sans oublier <strong>La Gazzetta dello Sport<\/strong> c\u00f4t\u00e9 sport. Chacun a son histoire, sa ligne \u00e9ditoriale et son lectorat, et tous jouent un r\u00f4le central dans le d\u00e9bat public en Italie.<\/div>\n<ul>\n<li><strong>Corriere della Sera<\/strong> : fond\u00e9 \u00e0 Milan en 1876, g\u00e9n\u00e9raliste de r\u00e9f\u00e9rence.<\/li>\n<li><strong>La Repubblica<\/strong> : lanc\u00e9 en 1976, ligne progressiste et enqu\u00eates de soci\u00e9t\u00e9.<\/li>\n<li><strong>Il Sole 24 Ore<\/strong> : le quotidien des affaires et de l&rsquo;\u00e9conomie.<\/li>\n<li><strong>La Gazzetta dello Sport<\/strong> : le c\u00e9l\u00e8bre quotidien sportif \u00e0 la une rose.<\/li>\n<\/ul>\n<\/div>\n<p>Les quotidiens occupent une place particuli\u00e8re dans la vie publique italienne. Ils informent, mettent en d\u00e9bat et accompagnent l&rsquo;opinion depuis plus d&rsquo;un si\u00e8cle pour les plus anciens. Comment ces titres se sont-ils construits, qu&rsquo;est-ce qui les distingue les uns des autres, et quel r\u00f4le jouent-ils aujourd&rsquo;hui ? Tour d&rsquo;horizon des grands quotidiens italiens, de leur identit\u00e9 et de leur influence sur le paysage m\u00e9diatique.<\/p>\n<h2>Les principaux quotidiens italiens<\/h2>\n<p>La sc\u00e8ne m\u00e9diatique italienne se compose de plusieurs grands quotidiens, chacun avec sa propre identit\u00e9 et son public. Voici les plus connus du paysage national.<\/p>\n<div class=\"cq-press-grid\">\n<div class=\"cq-press-card\">\n<div class=\"cq-press-name\">Corriere della Sera<\/div>\n<div class=\"cq-press-tag\">Milan \u00b7 fond\u00e9 en 1876 \u00b7 g\u00e9n\u00e9raliste<\/div>\n<div class=\"cq-press-desc\">L&rsquo;un des plus anciens et des plus respect\u00e9s quotidiens d&rsquo;Italie. G\u00e9n\u00e9raliste, il couvre une large palette de sujets, de la politique aux affaires en passant par la culture et les arts.<\/div>\n<\/div>\n<div class=\"cq-press-card\">\n<div class=\"cq-press-name\">La Repubblica<\/div>\n<div class=\"cq-press-tag\">fond\u00e9 en 1976 \u00b7 g\u00e9n\u00e9raliste<\/div>\n<div class=\"cq-press-desc\">Cr\u00e9\u00e9 en 1976, il s&rsquo;est rapidement impos\u00e9 comme un acteur majeur, avec une ligne \u00e9ditoriale progressiste tourn\u00e9e vers les droits et les enqu\u00eates de soci\u00e9t\u00e9.<\/div>\n<\/div>\n<div class=\"cq-press-card\">\n<div class=\"cq-press-name\">La Stampa<\/div>\n<div class=\"cq-press-tag\">Turin \u00b7 g\u00e9n\u00e9raliste<\/div>\n<div class=\"cq-press-desc\">Quotidien historique bas\u00e9 \u00e0 Turin, il fait partie des grands titres g\u00e9n\u00e9ralistes nationaux et reste une voix importante du nord du pays.<\/div>\n<\/div>\n<div class=\"cq-press-card\">\n<div class=\"cq-press-name\">Il Sole 24 Ore<\/div>\n<div class=\"cq-press-tag\">\u00e9conomie &amp; finance<\/div>\n<div class=\"cq-press-desc\">La r\u00e9f\u00e9rence de la presse \u00e9conomique italienne, lue par les professionnels et les entreprises pour ses analyses du march\u00e9 et de la finance.<\/div>\n<\/div>\n<div class=\"cq-press-card\">\n<div class=\"cq-press-name\">La Gazzetta dello Sport<\/div>\n<div class=\"cq-press-tag\">sport \u00b7 papier rose<\/div>\n<div class=\"cq-press-desc\">Le quotidien sportif le plus embl\u00e9matique d&rsquo;Italie, reconnaissable \u00e0 son papier rose. R\u00e9f\u00e9rence absolue pour le football et le sport en g\u00e9n\u00e9ral.<\/div>\n<\/div>\n<\/div>\n<h2>Une diversit\u00e9 de contenus et de lignes \u00e9ditoriales<\/h2>\n<p>Les quotidiens italiens se distinguent par la vari\u00e9t\u00e9 de leurs contenus, allant de la politique \u00e0 la culture, en passant par l&rsquo;\u00e9conomie et le sport. Chacun adopte une approche propre pour r\u00e9pondre aux int\u00e9r\u00eats de son lectorat.<img width=\"1024\" height=\"576\" src=\"https:\/\/com-quotidiens.fr\/blog\/wp-content\/uploads\/2025\/02\/stability-decouvrez-les-quotidiens-italiens-histoire-impact-et-diversite-1.png\" class=\"aligncenter\" alt=\"Illustration d\u00e9taill\u00e9e sur D\u00e9couvrez les quotidiens italiens : histoire, impact et diversit\u00e9\" title=\"D\u00e9couvrez les quotidiens italiens : histoire, impact et diversit\u00e9\" decoding=\"async\" loading=\"lazy\" \/><\/p>\n<p>Le <strong>Corriere della Sera<\/strong> mise sur un traitement g\u00e9n\u00e9raliste approfondi et l&rsquo;investigation, tandis que <strong>La Repubblica<\/strong> accorde une large place aux enqu\u00eates sociales et aux sujets de d\u00e9bat. <strong>Il Sole 24 Ore<\/strong> privil\u00e9gie l&rsquo;analyse \u00e9conomique et financi\u00e8re, l\u00e0 o\u00f9 <strong>La Gazzetta dello Sport<\/strong> couvre l&rsquo;actualit\u00e9 sportive au quotidien. Cette diversit\u00e9 permet de satisfaire une large gamme d&rsquo;int\u00e9r\u00eats et de sensibilit\u00e9s.<\/p>\n<h3>Quotidiens nationaux et ancrage r\u00e9gional<\/h3>\n<p>Au-del\u00e0 des grands titres nationaux, la presse italienne reste marqu\u00e9e par un fort ancrage territorial. Les pr\u00e9occupations et les angles peuvent varier d&rsquo;une r\u00e9gion \u00e0 l&rsquo;autre : un m\u00eame sujet n&rsquo;est pas toujours trait\u00e9 de la m\u00eame fa\u00e7on dans le nord industriel et dans le sud du pays. Cette pluralit\u00e9 g\u00e9ographique fait partie de l&rsquo;identit\u00e9 du paysage m\u00e9diatique italien.<\/p>\n<h2>L&rsquo;impact sur la soci\u00e9t\u00e9 italienne<\/h2>\n<p>Les quotidiens italiens jouent un r\u00f4le important dans la formation de l&rsquo;opinion publique. Ils informent, analysent et commentent les d\u00e9cisions du gouvernement et des institutions, contribuant ainsi au d\u00e9bat d\u00e9mocratique.<\/p>\n<div class=\"cq-press-quote\">La presse \u00e9crite reste l&rsquo;un des espaces o\u00f9 se forme et se discute l&rsquo;opinion publique, en informant comme en mettant en cause.<\/div>\n<p>Ces publications sont souvent \u00e0 l&rsquo;origine de d\u00e9bats publics sur des sujets sensibles. Les enqu\u00eates de presse sur des affaires politiques ou la gestion des fonds publics nourrissent r\u00e9guli\u00e8rement la conversation nationale et peuvent peser sur l&rsquo;agenda politique.<\/p>\n<h2>Rep\u00e8res : les grands quotidiens en un coup d&rsquo;\u0153il<\/h2>\n<div class=\"cq-press-tablewrap\">\n<table>\n<tr>\n<th>Quotidien<\/th>\n<th>Ann\u00e9e de cr\u00e9ation<\/th>\n<th>Profil &amp; lectorat<\/th>\n<\/tr>\n<tr>\n<td>Corriere della Sera<\/td>\n<td>1876<\/td>\n<td>G\u00e9n\u00e9raliste de r\u00e9f\u00e9rence, large public<\/td>\n<\/tr>\n<tr>\n<td>La Repubblica<\/td>\n<td>1976<\/td>\n<td>G\u00e9n\u00e9raliste, lectorat engag\u00e9<\/td>\n<\/tr>\n<tr>\n<td>Il Sole 24 Ore<\/td>\n<td>\u00e9conomique<\/td>\n<td>Professionnels, entreprises, investisseurs<\/td>\n<\/tr>\n<tr>\n<td>La Gazzetta dello Sport<\/td>\n<td>sportif<\/td>\n<td>Amateurs de football et de sport<\/td>\n<\/tr>\n<\/table>\n<\/div>\n<div class=\"cq-press-retain\">\n<div class=\"cq-press-eyebrow\">\u00c0 retenir<\/div>\n<ul>\n<li>La presse italienne repose sur quelques <strong>grands titres nationaux<\/strong> aux identit\u00e9s bien distinctes.<\/li>\n<li><strong>Corriere della Sera<\/strong> (1876) et <strong>La Repubblica<\/strong> (1976) dominent le g\u00e9n\u00e9raliste ; <strong>Il Sole 24 Ore<\/strong> l&rsquo;\u00e9conomie ; <strong>La Gazzetta dello Sport<\/strong> le sport.<\/li>\n<li>Cette <strong>diversit\u00e9 \u00e9ditoriale et r\u00e9gionale<\/strong> r\u00e9pond \u00e0 des lectorats vari\u00e9s.<\/li>\n<li>Les quotidiens restent des <strong>acteurs cl\u00e9s du d\u00e9bat d\u00e9mocratique<\/strong>, tout en se transformant face au num\u00e9rique.<\/li>\n<\/ul>\n<\/div>\n<p><iframe loading=\"lazy\" title=\"Italie : Un jour pour d\u00e9couvrir ses D\u00e9fis et ses Prouesses I SLICE VOYAGE I DOC COMPLET\" width=\"1200\" height=\"675\" src=\"https:\/\/www.youtube.com\/embed\/jFV9PYjYaUc?feature=oembed\" frameborder=\"0\" allow=\"accelerometer; autoplay; clipboard-write; encrypted-media; gyroscope; picture-in-picture; web-share\" referrerpolicy=\"strict-origin-when-cross-origin\" allowfullscreen><\/iframe><\/p>\n<h2>Une presse en mutation<\/h2>\n<p>Les quotidiens italiens continuent d&rsquo;\u00e9voluer face aux d\u00e9fis num\u00e9riques et aux nouvelles attentes des lecteurs. En d\u00e9veloppant leurs offres en ligne et en diversifiant leurs formats, ils s&rsquo;adaptent \u00e0 un paysage m\u00e9diatique en transformation. Leur r\u00f4le, lui, demeure fondamental : ils sont des sources d&rsquo;information et des acteurs essentiels d&rsquo;une soci\u00e9t\u00e9 inform\u00e9e. L&rsquo;avenir de la presse en Italie d\u00e9pendra de sa capacit\u00e9 \u00e0 r\u00e9pondre \u00e0 une demande croissante de transparence et de fiabilit\u00e9.<\/p>\n<h2>Questions fr\u00e9quentes<\/h2>\n<div class=\"cq-press-faq\">\n<details>\n<summary>Quels sont les quotidiens les plus connus en Italie ?<\/summary>\n<div class=\"cq-press-ans\">Parmi les titres les plus connus figurent le Corriere della Sera, La Repubblica et La Stampa pour le g\u00e9n\u00e9raliste, Il Sole 24 Ore pour l&rsquo;\u00e9conomie et La Gazzetta dello Sport pour le sport.<\/div>\n<\/details>\n<details>\n<summary>Quel est le plus ancien quotidien italien parmi ces titres ?<\/summary>\n<div class=\"cq-press-ans\">Le Corriere della Sera, fond\u00e9 \u00e0 Milan en 1876, est le plus ancien des grands titres cit\u00e9s, ce qui en fait l&rsquo;un des journaux historiques du pays.<\/div>\n<\/details>\n<details>\n<summary>Quelle est l&rsquo;importance de la presse en Italie ?<\/summary>\n<div class=\"cq-press-ans\">La presse quotidienne contribue \u00e0 l&rsquo;information des citoyens et au d\u00e9bat d\u00e9mocratique. En analysant et en mettant en question l&rsquo;action publique, elle participe \u00e0 la formation de l&rsquo;opinion.<\/div>\n<\/details>\n<details>\n<summary>Existe-t-il des diff\u00e9rences entre les quotidiens du nord et du sud de l&rsquo;Italie ?<\/summary>\n<div class=\"cq-press-ans\">Oui. Au-del\u00e0 des titres nationaux, l&rsquo;ancrage r\u00e9gional reste fort : les pr\u00e9occupations, les angles et les sensibilit\u00e9s peuvent varier selon les r\u00e9gions du pays.<\/div>\n<\/details>\n<\/div>\n<\/div>\n","protected":false},"excerpt":{"rendered":"","protected":false},"author":34,"featured_media":7434,"comment_status":"open","ping_status":"open","sticky":false,"template":"","format":"standard","meta":{"_acf_changed":false,"manual_indexmenow":false,"indexmenow_id_project":0,"footnotes":""},"categories":[1],"tags":[4577,4634,2724,4578,4630,4556],"class_list":["post-7433","post","type-post","status-publish","format-standard","has-post-thumbnail","hentry","category-a-la-une","tag-corriere-della-sera","tag-il-sole-24-ore","tag-italie","tag-la-repubblica","tag-presse","tag-quotidiens","generate-columns","tablet-grid-50","mobile-grid-100","grid-parent","grid-25"],"acf":[],"yoast_head":"<!-- This site is optimized with the Yoast SEO Premium plugin v21.3 (Yoast SEO v25.6) - https:\/\/yoast.com\/wordpress\/plugins\/seo\/ -->\n<title>Les quotidiens italiens : histoire, impact et diversit\u00e9<\/title>\n<meta name=\"description\" content=\"Les quotidiens italiens \u2014 Corriere della Sera, La Repubblica, La Stampa, Il Sole 24 Ore : histoire, impact et diversit\u00e9 de la presse en Italie.\" \/>\n<meta name=\"robots\" content=\"index, follow, max-snippet:-1, max-image-preview:large, max-video-preview:-1\" \/>\n<link rel=\"canonical\" href=\"https:\/\/com-quotidiens.fr\/blog\/a-la-une\/decouvrez-les-quotidiens-italiens-histoire-impact-et-diversite\/\" \/>\n<meta property=\"og:locale\" content=\"fr_FR\" \/>\n<meta property=\"og:type\" content=\"article\" \/>\n<meta property=\"og:title\" content=\"Les quotidiens italiens : histoire, impact et diversit\u00e9\" \/>\n<meta property=\"og:description\" content=\"Les quotidiens italiens \u2014 Corriere della Sera, La Repubblica, La Stampa, Il Sole 24 Ore : histoire, impact et diversit\u00e9 de la presse en Italie.\" \/>\n<meta property=\"og:url\" content=\"https:\/\/com-quotidiens.fr\/blog\/a-la-une\/decouvrez-les-quotidiens-italiens-histoire-impact-et-diversite\/\" \/>\n<meta property=\"og:site_name\" content=\"com-quotidiens\" \/>\n<meta property=\"og:image\" content=\"https:\/\/com-quotidiens.fr\/blog\/wp-content\/uploads\/2025\/02\/stability-decouvrez-les-quotidiens-italiens-histoire-impact-et-diversite.png\" \/>\n\t<meta property=\"og:image:width\" content=\"1024\" \/>\n\t<meta property=\"og:image:height\" content=\"576\" \/>\n\t<meta property=\"og:image:type\" content=\"image\/png\" \/>\n<meta name=\"author\" content=\"Th\u00e9o R.\" \/>\n<meta name=\"twitter:card\" content=\"summary_large_image\" \/>\n<script type=\"application\/ld+json\" class=\"yoast-schema-graph\">{\"@context\":\"https:\/\/schema.org\",\"@graph\":[{\"@type\":\"NewsArticle\",\"@id\":\"https:\/\/com-quotidiens.fr\/blog\/a-la-une\/decouvrez-les-quotidiens-italiens-histoire-impact-et-diversite\/#article\",\"isPartOf\":{\"@id\":\"https:\/\/com-quotidiens.fr\/blog\/a-la-une\/decouvrez-les-quotidiens-italiens-histoire-impact-et-diversite\/\"},\"author\":{\"name\":\"Th\u00e9o R.\",\"@id\":\"https:\/\/com-quotidiens.fr\/blog\/#\/schema\/person\/3c864cdc320801e3db34b663e7e3f816\"},\"headline\":\"D\u00e9couvrez les quotidiens italiens : histoire, impact et diversit\u00e9\",\"datePublished\":\"2026-06-19T11:52:22+00:00\",\"mainEntityOfPage\":{\"@id\":\"https:\/\/com-quotidiens.fr\/blog\/a-la-une\/decouvrez-les-quotidiens-italiens-histoire-impact-et-diversite\/\"},\"wordCount\":1086,\"commentCount\":24,\"publisher\":{\"@id\":\"https:\/\/com-quotidiens.fr\/blog\/#organization\"},\"image\":{\"@id\":\"https:\/\/com-quotidiens.fr\/blog\/a-la-une\/decouvrez-les-quotidiens-italiens-histoire-impact-et-diversite\/#primaryimage\"},\"thumbnailUrl\":\"https:\/\/com-quotidiens.fr\/blog\/wp-content\/uploads\/2025\/02\/stability-decouvrez-les-quotidiens-italiens-histoire-impact-et-diversite.png\",\"keywords\":[\"Corriere della Sera\",\"Il Sole 24 Ore\",\"Italie\",\"La Repubblica\",\"Presse\",\"Quotidiens\"],\"articleSection\":[\"\u00c0 la une\"],\"inLanguage\":\"fr-FR\",\"potentialAction\":[{\"@type\":\"CommentAction\",\"name\":\"Comment\",\"target\":[\"https:\/\/com-quotidiens.fr\/blog\/a-la-une\/decouvrez-les-quotidiens-italiens-histoire-impact-et-diversite\/#respond\"]}]},{\"@type\":\"WebPage\",\"@id\":\"https:\/\/com-quotidiens.fr\/blog\/a-la-une\/decouvrez-les-quotidiens-italiens-histoire-impact-et-diversite\/\",\"url\":\"https:\/\/com-quotidiens.fr\/blog\/a-la-une\/decouvrez-les-quotidiens-italiens-histoire-impact-et-diversite\/\",\"name\":\"Les quotidiens italiens : histoire, impact et diversit\u00e9\",\"isPartOf\":{\"@id\":\"https:\/\/com-quotidiens.fr\/blog\/#website\"},\"primaryImageOfPage\":{\"@id\":\"https:\/\/com-quotidiens.fr\/blog\/a-la-une\/decouvrez-les-quotidiens-italiens-histoire-impact-et-diversite\/#primaryimage\"},\"image\":{\"@id\":\"https:\/\/com-quotidiens.fr\/blog\/a-la-une\/decouvrez-les-quotidiens-italiens-histoire-impact-et-diversite\/#primaryimage\"},\"thumbnailUrl\":\"https:\/\/com-quotidiens.fr\/blog\/wp-content\/uploads\/2025\/02\/stability-decouvrez-les-quotidiens-italiens-histoire-impact-et-diversite.png\",\"datePublished\":\"2026-06-19T11:52:22+00:00\",\"description\":\"Les quotidiens italiens \u2014 Corriere della Sera, La Repubblica, La Stampa, Il Sole 24 Ore : histoire, impact et diversit\u00e9 de la presse en Italie.\",\"inLanguage\":\"fr-FR\",\"potentialAction\":[{\"@type\":\"ReadAction\",\"target\":[\"https:\/\/com-quotidiens.fr\/blog\/a-la-une\/decouvrez-les-quotidiens-italiens-histoire-impact-et-diversite\/\"]}]},{\"@type\":\"ImageObject\",\"inLanguage\":\"fr-FR\",\"@id\":\"https:\/\/com-quotidiens.fr\/blog\/a-la-une\/decouvrez-les-quotidiens-italiens-histoire-impact-et-diversite\/#primaryimage\",\"url\":\"https:\/\/com-quotidiens.fr\/blog\/wp-content\/uploads\/2025\/02\/stability-decouvrez-les-quotidiens-italiens-histoire-impact-et-diversite.png\",\"contentUrl\":\"https:\/\/com-quotidiens.fr\/blog\/wp-content\/uploads\/2025\/02\/stability-decouvrez-les-quotidiens-italiens-histoire-impact-et-diversite.png\",\"width\":1024,\"height\":576},{\"@type\":\"WebSite\",\"@id\":\"https:\/\/com-quotidiens.fr\/blog\/#website\",\"url\":\"https:\/\/com-quotidiens.fr\/blog\/\",\"name\":\"com-quotidiens.fr\",\"description\":\"Com Quotidiens, l&#039;info communication au quotidien\",\"publisher\":{\"@id\":\"https:\/\/com-quotidiens.fr\/blog\/#organization\"},\"alternateName\":\"Com Quotidiens, l'info communication au quotidien\",\"potentialAction\":[{\"@type\":\"SearchAction\",\"target\":{\"@type\":\"EntryPoint\",\"urlTemplate\":\"https:\/\/com-quotidiens.fr\/blog\/?s={search_term_string}\"},\"query-input\":{\"@type\":\"PropertyValueSpecification\",\"valueRequired\":true,\"valueName\":\"search_term_string\"}}],\"inLanguage\":\"fr-FR\"},{\"@type\":\"Organization\",\"@id\":\"https:\/\/com-quotidiens.fr\/blog\/#organization\",\"name\":\"Foretsensations.fr\",\"url\":\"https:\/\/com-quotidiens.fr\/blog\/\",\"logo\":{\"@type\":\"ImageObject\",\"inLanguage\":\"fr-FR\",\"@id\":\"https:\/\/com-quotidiens.fr\/blog\/#\/schema\/logo\/image\/\",\"url\":\"https:\/\/com-quotidiens.fr\/blog\/wp-content\/uploads\/2024\/12\/26.png\",\"contentUrl\":\"https:\/\/com-quotidiens.fr\/blog\/wp-content\/uploads\/2024\/12\/26.png\",\"width\":500,\"height\":500,\"caption\":\"Foretsensations.fr\"},\"image\":{\"@id\":\"https:\/\/com-quotidiens.fr\/blog\/#\/schema\/logo\/image\/\"}},{\"@type\":\"Person\",\"@id\":\"https:\/\/com-quotidiens.fr\/blog\/#\/schema\/person\/3c864cdc320801e3db34b663e7e3f816\",\"name\":\"Th\u00e9o R.\",\"image\":{\"@type\":\"ImageObject\",\"inLanguage\":\"fr-FR\",\"@id\":\"https:\/\/com-quotidiens.fr\/blog\/#\/schema\/person\/image\/\",\"url\":\"https:\/\/com-quotidiens.fr\/blog\/wp-content\/uploads\/2026\/06\/persona_theo-r-96x96.jpg\",\"contentUrl\":\"https:\/\/com-quotidiens.fr\/blog\/wp-content\/uploads\/2026\/06\/persona_theo-r-96x96.jpg\",\"caption\":\"Th\u00e9o R.\"},\"description\":\"Le web et la communication sont mon m\u00e9tier depuis une dizaine d'ann\u00e9es, entre r\u00e9daction, strat\u00e9gie de contenu et accompagnement de projets en ligne. J'\u00e9cris sur la cr\u00e9ation de site, le marketing digital, l'image de marque et le m\u00e9tier de r\u00e9dacteur web, avec l'envie de rendre ces sujets concrets pour les ind\u00e9pendants et les petites entreprises. J'aime expliquer comment se construit une pr\u00e9sence en ligne cr\u00e9dible, du choix des mots \u00e0 la coh\u00e9rence visuelle, sans recourir au jargon d'agence. Avant de recommander une m\u00e9thode ou un outil, je l'\u00e9prouve sur le terrain et je distingue ce qui marche vraiment des promesses \u00e0 la mode. Je me m\u00e9fie des recettes miracles en marketing, car aucune ne dispense de travail et de r\u00e9gularit\u00e9. Mon angle : donner des rep\u00e8res solides pour communiquer juste et b\u00e2tir une marque qui dure, \u00e0 hauteur de budgets r\u00e9els et d'\u00e9quipes r\u00e9duites.\",\"url\":\"https:\/\/com-quotidiens.fr\/blog\/auteur\/noname\/\",\"jobTitle\":\"R\u00e9dacteur en chef \u00b7 Web & Communication\",\"knowsAbout\":[\"Web\",\"Communication\"],\"email\":\"theo.r@clickbuzz.fr\"}]}<\/script>\n<!-- \/ Yoast SEO Premium plugin. -->","yoast_head_json":{"title":"Les quotidiens italiens : histoire, impact et diversit\u00e9","description":"Les quotidiens italiens \u2014 Corriere della Sera, La Repubblica, La Stampa, Il Sole 24 Ore : histoire, impact et diversit\u00e9 de la presse en Italie.","robots":{"index":"index","follow":"follow","max-snippet":"max-snippet:-1","max-image-preview":"max-image-preview:large","max-video-preview":"max-video-preview:-1"},"canonical":"https:\/\/com-quotidiens.fr\/blog\/a-la-une\/decouvrez-les-quotidiens-italiens-histoire-impact-et-diversite\/","og_locale":"fr_FR","og_type":"article","og_title":"Les quotidiens italiens : histoire, impact et diversit\u00e9","og_description":"Les quotidiens italiens \u2014 Corriere della Sera, La Repubblica, La Stampa, Il Sole 24 Ore : histoire, impact et diversit\u00e9 de la presse en Italie.","og_url":"https:\/\/com-quotidiens.fr\/blog\/a-la-une\/decouvrez-les-quotidiens-italiens-histoire-impact-et-diversite\/","og_site_name":"com-quotidiens","og_image":[{"width":1024,"height":576,"url":"https:\/\/com-quotidiens.fr\/blog\/wp-content\/uploads\/2025\/02\/stability-decouvrez-les-quotidiens-italiens-histoire-impact-et-diversite.png","type":"image\/png"}],"author":"Th\u00e9o R.","twitter_card":"summary_large_image","schema":{"@context":"https:\/\/schema.org","@graph":[{"@type":"NewsArticle","@id":"https:\/\/com-quotidiens.fr\/blog\/a-la-une\/decouvrez-les-quotidiens-italiens-histoire-impact-et-diversite\/#article","isPartOf":{"@id":"https:\/\/com-quotidiens.fr\/blog\/a-la-une\/decouvrez-les-quotidiens-italiens-histoire-impact-et-diversite\/"},"author":{"name":"Th\u00e9o R.","@id":"https:\/\/com-quotidiens.fr\/blog\/#\/schema\/person\/3c864cdc320801e3db34b663e7e3f816"},"headline":"D\u00e9couvrez les quotidiens italiens : histoire, impact et diversit\u00e9","datePublished":"2026-06-19T11:52:22+00:00","mainEntityOfPage":{"@id":"https:\/\/com-quotidiens.fr\/blog\/a-la-une\/decouvrez-les-quotidiens-italiens-histoire-impact-et-diversite\/"},"wordCount":1086,"commentCount":24,"publisher":{"@id":"https:\/\/com-quotidiens.fr\/blog\/#organization"},"image":{"@id":"https:\/\/com-quotidiens.fr\/blog\/a-la-une\/decouvrez-les-quotidiens-italiens-histoire-impact-et-diversite\/#primaryimage"},"thumbnailUrl":"https:\/\/com-quotidiens.fr\/blog\/wp-content\/uploads\/2025\/02\/stability-decouvrez-les-quotidiens-italiens-histoire-impact-et-diversite.png","keywords":["Corriere della Sera","Il Sole 24 Ore","Italie","La Repubblica","Presse","Quotidiens"],"articleSection":["\u00c0 la une"],"inLanguage":"fr-FR","potentialAction":[{"@type":"CommentAction","name":"Comment","target":["https:\/\/com-quotidiens.fr\/blog\/a-la-une\/decouvrez-les-quotidiens-italiens-histoire-impact-et-diversite\/#respond"]}]},{"@type":"WebPage","@id":"https:\/\/com-quotidiens.fr\/blog\/a-la-une\/decouvrez-les-quotidiens-italiens-histoire-impact-et-diversite\/","url":"https:\/\/com-quotidiens.fr\/blog\/a-la-une\/decouvrez-les-quotidiens-italiens-histoire-impact-et-diversite\/","name":"Les quotidiens italiens : histoire, impact et diversit\u00e9","isPartOf":{"@id":"https:\/\/com-quotidiens.fr\/blog\/#website"},"primaryImageOfPage":{"@id":"https:\/\/com-quotidiens.fr\/blog\/a-la-une\/decouvrez-les-quotidiens-italiens-histoire-impact-et-diversite\/#primaryimage"},"image":{"@id":"https:\/\/com-quotidiens.fr\/blog\/a-la-une\/decouvrez-les-quotidiens-italiens-histoire-impact-et-diversite\/#primaryimage"},"thumbnailUrl":"https:\/\/com-quotidiens.fr\/blog\/wp-content\/uploads\/2025\/02\/stability-decouvrez-les-quotidiens-italiens-histoire-impact-et-diversite.png","datePublished":"2026-06-19T11:52:22+00:00","description":"Les quotidiens italiens \u2014 Corriere della Sera, La Repubblica, La Stampa, Il Sole 24 Ore : histoire, impact et diversit\u00e9 de la presse en Italie.","inLanguage":"fr-FR","potentialAction":[{"@type":"ReadAction","target":["https:\/\/com-quotidiens.fr\/blog\/a-la-une\/decouvrez-les-quotidiens-italiens-histoire-impact-et-diversite\/"]}]},{"@type":"ImageObject","inLanguage":"fr-FR","@id":"https:\/\/com-quotidiens.fr\/blog\/a-la-une\/decouvrez-les-quotidiens-italiens-histoire-impact-et-diversite\/#primaryimage","url":"https:\/\/com-quotidiens.fr\/blog\/wp-content\/uploads\/2025\/02\/stability-decouvrez-les-quotidiens-italiens-histoire-impact-et-diversite.png","contentUrl":"https:\/\/com-quotidiens.fr\/blog\/wp-content\/uploads\/2025\/02\/stability-decouvrez-les-quotidiens-italiens-histoire-impact-et-diversite.png","width":1024,"height":576},{"@type":"WebSite","@id":"https:\/\/com-quotidiens.fr\/blog\/#website","url":"https:\/\/com-quotidiens.fr\/blog\/","name":"com-quotidiens.fr","description":"Com Quotidiens, l&#039;info communication au quotidien","publisher":{"@id":"https:\/\/com-quotidiens.fr\/blog\/#organization"},"alternateName":"Com Quotidiens, l'info communication au quotidien","potentialAction":[{"@type":"SearchAction","target":{"@type":"EntryPoint","urlTemplate":"https:\/\/com-quotidiens.fr\/blog\/?s={search_term_string}"},"query-input":{"@type":"PropertyValueSpecification","valueRequired":true,"valueName":"search_term_string"}}],"inLanguage":"fr-FR"},{"@type":"Organization","@id":"https:\/\/com-quotidiens.fr\/blog\/#organization","name":"Foretsensations.fr","url":"https:\/\/com-quotidiens.fr\/blog\/","logo":{"@type":"ImageObject","inLanguage":"fr-FR","@id":"https:\/\/com-quotidiens.fr\/blog\/#\/schema\/logo\/image\/","url":"https:\/\/com-quotidiens.fr\/blog\/wp-content\/uploads\/2024\/12\/26.png","contentUrl":"https:\/\/com-quotidiens.fr\/blog\/wp-content\/uploads\/2024\/12\/26.png","width":500,"height":500,"caption":"Foretsensations.fr"},"image":{"@id":"https:\/\/com-quotidiens.fr\/blog\/#\/schema\/logo\/image\/"}},{"@type":"Person","@id":"https:\/\/com-quotidiens.fr\/blog\/#\/schema\/person\/3c864cdc320801e3db34b663e7e3f816","name":"Th\u00e9o R.","image":{"@type":"ImageObject","inLanguage":"fr-FR","@id":"https:\/\/com-quotidiens.fr\/blog\/#\/schema\/person\/image\/","url":"https:\/\/com-quotidiens.fr\/blog\/wp-content\/uploads\/2026\/06\/persona_theo-r-96x96.jpg","contentUrl":"https:\/\/com-quotidiens.fr\/blog\/wp-content\/uploads\/2026\/06\/persona_theo-r-96x96.jpg","caption":"Th\u00e9o R."},"description":"Le web et la communication sont mon m\u00e9tier depuis une dizaine d'ann\u00e9es, entre r\u00e9daction, strat\u00e9gie de contenu et accompagnement de projets en ligne. J'\u00e9cris sur la cr\u00e9ation de site, le marketing digital, l'image de marque et le m\u00e9tier de r\u00e9dacteur web, avec l'envie de rendre ces sujets concrets pour les ind\u00e9pendants et les petites entreprises. J'aime expliquer comment se construit une pr\u00e9sence en ligne cr\u00e9dible, du choix des mots \u00e0 la coh\u00e9rence visuelle, sans recourir au jargon d'agence. Avant de recommander une m\u00e9thode ou un outil, je l'\u00e9prouve sur le terrain et je distingue ce qui marche vraiment des promesses \u00e0 la mode. Je me m\u00e9fie des recettes miracles en marketing, car aucune ne dispense de travail et de r\u00e9gularit\u00e9. Mon angle : donner des rep\u00e8res solides pour communiquer juste et b\u00e2tir une marque qui dure, \u00e0 hauteur de budgets r\u00e9els et d'\u00e9quipes r\u00e9duites.","url":"https:\/\/com-quotidiens.fr\/blog\/auteur\/noname\/","jobTitle":"R\u00e9dacteur en chef \u00b7 Web & Communication","knowsAbout":["Web","Communication"],"email":"theo.r@clickbuzz.fr"}]}},"_links":{"self":[{"href":"https:\/\/com-quotidiens.fr\/blog\/wp-json\/wp\/v2\/posts\/7433","targetHints":{"allow":["GET"]}}],"collection":[{"href":"https:\/\/com-quotidiens.fr\/blog\/wp-json\/wp\/v2\/posts"}],"about":[{"href":"https:\/\/com-quotidiens.fr\/blog\/wp-json\/wp\/v2\/types\/post"}],"author":[{"embeddable":true,"href":"https:\/\/com-quotidiens.fr\/blog\/wp-json\/wp\/v2\/users\/34"}],"replies":[{"embeddable":true,"href":"https:\/\/com-quotidiens.fr\/blog\/wp-json\/wp\/v2\/comments?post=7433"}],"version-history":[{"count":3,"href":"https:\/\/com-quotidiens.fr\/blog\/wp-json\/wp\/v2\/posts\/7433\/revisions"}],"predecessor-version":[{"id":7622,"href":"https:\/\/com-quotidiens.fr\/blog\/wp-json\/wp\/v2\/posts\/7433\/revisions\/7622"}],"wp:featuredmedia":[{"embeddable":true,"href":"https:\/\/com-quotidiens.fr\/blog\/wp-json\/wp\/v2\/media\/7434"}],"wp:attachment":[{"href":"https:\/\/com-quotidiens.fr\/blog\/wp-json\/wp\/v2\/media?parent=7433"}],"wp:term":[{"taxonomy":"category","embeddable":true,"href":"https:\/\/com-quotidiens.fr\/blog\/wp-json\/wp\/v2\/categories?post=7433"},{"taxonomy":"post_tag","embeddable":true,"href":"https:\/\/com-quotidiens.fr\/blog\/wp-json\/wp\/v2\/tags?post=7433"}],"curies":[{"name":"wp","href":"https:\/\/api.w.org\/{rel}","templated":true}]}}