{"id":7429,"date":"2026-06-19T13:52:28","date_gmt":"2026-06-19T11:52:28","guid":{"rendered":"https:\/\/com-quotidiens.fr\/blog\/?p=7429"},"modified":"2026-06-19T13:52:28","modified_gmt":"2026-06-19T11:52:28","slug":"les-quotidiens-senegalais-un-regard-sur-la-presse-ecrite-au-senegal","status":"publish","type":"post","link":"https:\/\/com-quotidiens.fr\/blog\/a-la-une\/les-quotidiens-senegalais-un-regard-sur-la-presse-ecrite-au-senegal\/","title":{"rendered":"Les quotidiens s\u00e9n\u00e9galais : Un regard sur la presse \u00e9crite au S\u00e9n\u00e9gal"},"content":{"rendered":"<link rel=\"stylesheet\" href=\"https:\/\/fonts.googleapis.com\/css2?family=Space+Grotesk:wght@500;600;700&#038;family=Inter:wght@400;500;600&#038;family=JetBrains+Mono:wght@500&#038;display=swap\">\n<style>\n.psn-ib-wrap{font-family:'Inter',system-ui,sans-serif;color:#1d2528;line-height:1.65;font-size:17px;max-width:760px;margin:0 auto}\n.psn-ib-wrap h2{font-family:'Space Grotesk','Inter',sans-serif;font-weight:700;font-size:clamp(23px,3.2vw,32px);letter-spacing:-.01em;color:#12302a;margin:48px 0 16px;line-height:1.2}\n.psn-ib-wrap h3{font-family:'Space Grotesk','Inter',sans-serif;font-weight:600;font-size:clamp(19px,2.4vw,23px);color:#16463a;margin:30px 0 10px}\n.psn-ib-wrap p{margin:0 0 18px}\n.psn-ib-kicker{font-family:'JetBrains Mono',monospace;font-size:12px;font-weight:500;letter-spacing:.14em;text-transform:uppercase;color:#1f8a5b;margin:0 0 8px;display:block}\n.psn-ib-brief{background:linear-gradient(135deg,#f0faf4,#eafff3);border:1px solid #cdeedd;border-left:5px solid #1f8a5b;border-radius:14px;padding:22px 24px;margin:26px 0 34px;box-shadow:0 1px 2px rgba(16,24,40,.05),0 14px 30px -20px rgba(16,40,30,.35)}\n.psn-ib-brief .psn-ib-lead{font-size:18px;color:#10332a;margin-bottom:14px}\n.psn-ib-brief ul{margin:0;padding-left:0;list-style:none}\n.psn-ib-brief li{position:relative;padding-left:26px;margin-bottom:9px;color:#1d3a32}\n.psn-ib-brief li::before{content:\"\u2192\";position:absolute;left:0;top:0;color:#1f8a5b;font-weight:700}\n.psn-ib-grid{display:grid;grid-template-columns:repeat(auto-fit,minmax(220px,1fr));gap:20px;margin:26px 0}\n.psn-ib-card{background:#fff;border:1px solid #e3ece8;border-top:3px solid #1f8a5b;border-radius:14px;padding:22px;transition:.25s ease;box-shadow:0 1px 2px rgba(16,24,40,.05)}\n.psn-ib-card:hover{transform:translateY(-3px);box-shadow:0 1px 2px rgba(16,24,40,.05),0 18px 34px -20px rgba(16,40,30,.4)}\n.psn-ib-card .psn-ib-name{font-family:'Space Grotesk',sans-serif;font-weight:700;font-size:19px;color:#12302a;margin-bottom:6px}\n.psn-ib-card .psn-ib-tag{font-family:'JetBrains Mono',monospace;font-size:11px;letter-spacing:.08em;text-transform:uppercase;color:#1f8a5b;margin-bottom:10px}\n.psn-ib-card .psn-ib-txt{color:#43534d;font-size:15.5px}\n.psn-ib-note{background:#fffaf0;border:1px solid #f0e2c2;border-left:5px solid #d99b2b;border-radius:12px;padding:18px 22px;margin:26px 0}\n.psn-ib-note .psn-ib-nt-h{font-family:'Space Grotesk',sans-serif;font-weight:700;color:#8a5d10;margin-bottom:6px}\n.psn-ib-note .psn-ib-txt{color:#5d4a26;font-size:15.5px}\n.psn-ib-retain{background:#10332a;color:#e7f5ee;border-radius:16px;padding:26px 28px;margin:36px 0}\n.psn-ib-retain .psn-ib-rt-h{font-family:'Space Grotesk',sans-serif;font-weight:700;font-size:20px;color:#fff;margin-bottom:14px;display:flex;align-items:center;gap:9px}\n.psn-ib-retain ul{margin:0;padding-left:0;list-style:none}\n.psn-ib-retain li{position:relative;padding-left:28px;margin-bottom:11px;color:#e7f5ee!important;font-size:16px}\n.psn-ib-retain li::before{content:\"\u2713\";position:absolute;left:0;top:0;color:#5fd99a;font-weight:700}\n.psn-ib-retain strong,.psn-ib-retain b{color:#fff!important}\n.psn-ib-wrap img{max-width:100%;height:auto;border-radius:14px;margin:24px 0;box-shadow:0 14px 30px -18px rgba(16,40,30,.45)}\n.psn-ib-faq{margin:30px 0}\n.psn-ib-faq details{border:1px solid #e3ece8;border-radius:12px;padding:4px 18px;margin-bottom:12px;background:#fff;transition:.25s ease}\n.psn-ib-faq details[open]{border-color:#bfe4d2;box-shadow:0 12px 26px -20px rgba(16,40,30,.4)}\n.psn-ib-faq summary{font-family:'Space Grotesk',sans-serif;font-weight:600;font-size:17px;color:#12302a;cursor:pointer;padding:13px 0;list-style:none}\n.psn-ib-faq summary::-webkit-details-marker{display:none}\n.psn-ib-faq summary::before{content:\"+\";color:#1f8a5b;font-weight:700;margin-right:10px}\n.psn-ib-faq details[open] summary::before{content:\"\u2013\"}\n.psn-ib-faq .psn-ib-ans{color:#43534d;font-size:16px;padding:0 0 16px 22px}\n@media(max-width:640px){.psn-ib-grid{grid-template-columns:1fr}}\n<\/style>\n<div class=\"psn-ib-wrap\">\n<p>La <strong>presse \u00e9crite s\u00e9n\u00e9galaise<\/strong> figure parmi les plus vivantes d&rsquo;Afrique de l&rsquo;Ouest. Quotidiens nationaux, titres priv\u00e9s \u00e0 forte personnalit\u00e9, r\u00e9dactions d&rsquo;investigation : le paysage m\u00e9diatique du S\u00e9n\u00e9gal fa\u00e7onne chaque jour le d\u00e9bat public et la vie d\u00e9mocratique du pays.<\/p>\n<div class=\"psn-ib-brief\">\n<span class=\"psn-ib-kicker\">En bref<\/span><\/p>\n<div class=\"psn-ib-lead\">Les <strong>quotidiens s\u00e9n\u00e9galais<\/strong> les plus connus sont <strong>Le Soleil<\/strong> (quotidien national fond\u00e9 en 1970), <strong>Walf Quotidien<\/strong> du groupe Walfadjri, <strong>L&rsquo;Observateur<\/strong>, <strong>Sud Quotidien<\/strong> et <strong>EnQu\u00eate<\/strong>. Ensemble, ils couvrent l&rsquo;actualit\u00e9 politique, \u00e9conomique et sociale et nourrissent le d\u00e9bat d\u00e9mocratique.<\/div>\n<ul>\n<li><strong>Un pilier historique<\/strong> : Le Soleil, cr\u00e9\u00e9 en 1970, reste le quotidien de r\u00e9f\u00e9rence \u00e0 diffusion nationale.<\/li>\n<li><strong>Un secteur priv\u00e9 dynamique<\/strong> : plusieurs titres ind\u00e9pendants se distinguent par leur ligne \u00e9ditoriale propre.<\/li>\n<li><strong>Une mutation num\u00e9rique<\/strong> : la presse papier se double d\u00e9sormais d&rsquo;\u00e9ditions en ligne et d&rsquo;applications.<\/li>\n<\/ul>\n<\/div>\n<h2>L&rsquo;importance des quotidiens dans la vie s\u00e9n\u00e9galaise<\/h2>\n<p>Les quotidiens s\u00e9n\u00e9galais jouent un r\u00f4le central dans la diffusion de l&rsquo;information, l&rsquo;\u00e9ducation du public et l&rsquo;animation du d\u00e9bat d\u00e9mocratique. Ils sont souvent les premiers \u00e0 relayer des informations cruciales, \u00e0 documenter des mouvements sociaux ou \u00e0 interpeller les pouvoirs publics. \u00c0 ce titre, ils servent de trait d&rsquo;union entre les citoyens et les institutions, tout en contribuant \u00e0 former l&rsquo;opinion publique.<\/p>\n<h2>Les principaux quotidiens s\u00e9n\u00e9galais<\/h2>\n<p>Le S\u00e9n\u00e9gal compte plusieurs quotidiens, chacun avec son histoire et sa ligne \u00e9ditoriale. Voici les titres les plus identifi\u00e9s du paysage m\u00e9diatique national.<\/p>\n<div class=\"psn-ib-grid\">\n<div class=\"psn-ib-card\">\n<div class=\"psn-ib-name\">Le Soleil<\/div>\n<div class=\"psn-ib-tag\">Quotidien national \u00b7 1970<\/div>\n<div class=\"psn-ib-txt\">Fond\u00e9 en 1970, c&rsquo;est le quotidien de r\u00e9f\u00e9rence \u00e0 diffusion nationale, avec une couverture large de l&rsquo;actualit\u00e9 nationale et internationale.<\/div>\n<\/div>\n<div class=\"psn-ib-card\">\n<div class=\"psn-ib-name\">Walf Quotidien<\/div>\n<div class=\"psn-ib-tag\">Groupe Walfadjri \u00b7 Priv\u00e9<\/div>\n<div class=\"psn-ib-txt\">\u00c9dit\u00e9 par le groupe Walfadjri, il est connu pour son traitement engag\u00e9 de l&rsquo;actualit\u00e9 politique et sociale.<\/div>\n<\/div>\n<div class=\"psn-ib-card\">\n<div class=\"psn-ib-name\">L&rsquo;Observateur<\/div>\n<div class=\"psn-ib-tag\">Quotidien priv\u00e9 \u00b7 G\u00e9n\u00e9raliste<\/div>\n<div class=\"psn-ib-txt\">L&rsquo;un des quotidiens priv\u00e9s les plus diffus\u00e9s, reconnu pour ses reportages et son traitement de l&rsquo;actualit\u00e9 du jour.<\/div>\n<\/div>\n<div class=\"psn-ib-card\">\n<div class=\"psn-ib-name\">Sud Quotidien<\/div>\n<div class=\"psn-ib-tag\">Quotidien priv\u00e9 \u00b7 G\u00e9n\u00e9raliste<\/div>\n<div class=\"psn-ib-txt\">Titre ind\u00e9pendant de longue date, il propose une couverture g\u00e9n\u00e9raliste et un regard analytique sur la vie publique.<\/div>\n<\/div>\n<div class=\"psn-ib-card\">\n<div class=\"psn-ib-name\">EnQu\u00eate<\/div>\n<div class=\"psn-ib-tag\">Quotidien priv\u00e9 \u00b7 Analyse<\/div>\n<div class=\"psn-ib-txt\">Plus r\u00e9cent, ce quotidien se distingue par ses dossiers de fond et son traitement approfondi des sujets d&rsquo;actualit\u00e9.<\/div>\n<\/div>\n<\/div>\n<p>Ces quotidiens ne se contentent pas d&rsquo;informer : ils participent \u00e0 la formation de l&rsquo;opinion publique et p\u00e8sent dans le d\u00e9bat politique national.<img width=\"1024\" height=\"576\" src=\"https:\/\/com-quotidiens.fr\/blog\/wp-content\/uploads\/2025\/02\/stability-les-quotidiens-senegalais-un-regard-sur-la-presse-ecrite-au-senegal-1.png\" class=\"aligncenter\" alt=\"Illustration d\u00e9taill\u00e9e sur Les quotidiens s\u00e9n\u00e9galais : Un regard sur la presse \u00e9crite au S\u00e9n\u00e9gal\" title=\"Les quotidiens s\u00e9n\u00e9galais : Un regard sur la presse \u00e9crite au S\u00e9n\u00e9gal\" decoding=\"async\" loading=\"lazy\" \/><\/p>\n<h2>Quel impact sur la soci\u00e9t\u00e9 s\u00e9n\u00e9galaise ?<\/h2>\n<p>La presse \u00e9crite exerce une influence r\u00e9elle sur la soci\u00e9t\u00e9. En relayant les d\u00e9nonciations, les enqu\u00eates et les mobilisations citoyennes, les quotidiens contribuent \u00e0 la transparence de la vie publique. Leur r\u00f4le de m\u00e9diateur entre le gouvernement et les citoyens est un pilier du fonctionnement d\u00e9mocratique du pays.<\/p>\n<h3>Un acteur du d\u00e9bat d\u00e9mocratique<\/h3>\n<p>Au-del\u00e0 de l&rsquo;information brute, les r\u00e9dactions s\u00e9n\u00e9galaises proposent \u00e9ditoriaux, analyses et tribunes qui alimentent la discussion publique. Cette diversit\u00e9 de voix permet aux lecteurs de confronter les points de vue et de se forger une opinion \u00e9clair\u00e9e.<\/p>\n<h2>\u00c9tat de la presse et d\u00e9fis rencontr\u00e9s<\/h2>\n<p>Malgr\u00e9 leur importance, les quotidiens s\u00e9n\u00e9galais font face \u00e0 plusieurs d\u00e9fis. La <strong>libert\u00e9 de la presse<\/strong> demeure un enjeu sensible : les journalistes peuvent \u00eatre expos\u00e9s \u00e0 des pressions et \u00e0 des contraintes dans l&rsquo;exercice de leur m\u00e9tier.<\/p>\n<div class=\"psn-ib-note\">\n<div class=\"psn-ib-nt-h\">Le d\u00e9fi de la transition num\u00e9rique<\/div>\n<div class=\"psn-ib-txt\">La baisse des ventes de la presse papier et l&rsquo;essor des m\u00e9dias en ligne fragilisent le mod\u00e8le \u00e9conomique des quotidiens. Pour s&rsquo;adapter, plusieurs titres d\u00e9veloppent des \u00e9ditions num\u00e9riques, des sites d&rsquo;actualit\u00e9 et des applications mobiles afin de toucher un lectorat plus jeune et connect\u00e9.<\/div>\n<\/div>\n<div class=\"psn-ib-retain\">\n<div class=\"psn-ib-rt-h\"><span aria-hidden=\"true\">\u2605<\/span> \u00c0 retenir<\/div>\n<ul>\n<li><strong>Le Soleil<\/strong> (fond\u00e9 en 1970) est le quotidien national de r\u00e9f\u00e9rence du S\u00e9n\u00e9gal.<\/li>\n<li>Le secteur priv\u00e9 est port\u00e9 par des titres comme <strong>Walf Quotidien<\/strong>, <strong>L&rsquo;Observateur<\/strong>, <strong>Sud Quotidien<\/strong> et <strong>EnQu\u00eate<\/strong>.<\/li>\n<li>La presse s\u00e9n\u00e9galaise joue un r\u00f4le cl\u00e9 dans le <strong>d\u00e9bat d\u00e9mocratique<\/strong> et le contr\u00f4le de l&rsquo;action publique.<\/li>\n<li>Son principal d\u00e9fi reste la <strong>transition num\u00e9rique<\/strong> face au recul de la presse papier.<\/li>\n<\/ul>\n<\/div>\n<p><iframe loading=\"lazy\" title=\"Elle m\u2019a dit \u00ab\u00a0non\u00a0\u00bb \u00e0 la mairie ! \ud83d\ude02 #mariage #shorts #short\" width=\"1200\" height=\"675\" src=\"https:\/\/www.youtube.com\/embed\/F6qJmdgqGVg?feature=oembed\" frameborder=\"0\" allow=\"accelerometer; autoplay; clipboard-write; encrypted-media; gyroscope; picture-in-picture; web-share\" referrerpolicy=\"strict-origin-when-cross-origin\" allowfullscreen><\/iframe><\/p>\n<h2>FAQ \u2014 La presse \u00e9crite au S\u00e9n\u00e9gal<\/h2>\n<div class=\"psn-ib-faq\">\n<details>\n<summary>Quels sont les principaux quotidiens s\u00e9n\u00e9galais ?<\/summary>\n<div class=\"psn-ib-ans\">Parmi les plus connus figurent Le Soleil (quotidien national), Walf Quotidien (groupe Walfadjri), L&rsquo;Observateur, Sud Quotidien et EnQu\u00eate.<\/div>\n<\/details>\n<details>\n<summary>Quel est le plus ancien quotidien du S\u00e9n\u00e9gal ?<\/summary>\n<div class=\"psn-ib-ans\">Le Soleil, fond\u00e9 en 1970, est le quotidien national de r\u00e9f\u00e9rence et l&rsquo;un des titres les plus anciens encore en activit\u00e9.<\/div>\n<\/details>\n<details>\n<summary>Quel r\u00f4le jouent ces journaux dans la soci\u00e9t\u00e9 ?<\/summary>\n<div class=\"psn-ib-ans\">Ils informent le public, documentent la vie politique et sociale et stimulent le d\u00e9bat d\u00e9mocratique en servant de relais entre les citoyens et les institutions.<\/div>\n<\/details>\n<details>\n<summary>Quels d\u00e9fis la presse s\u00e9n\u00e9galaise rencontre-t-elle ?<\/summary>\n<div class=\"psn-ib-ans\">Les principaux d\u00e9fis sont la pr\u00e9servation de la libert\u00e9 de la presse et la transition vers le num\u00e9rique, dans un contexte de recul des ventes papier.<\/div>\n<\/details>\n<details>\n<summary>Comment les quotidiens s&rsquo;adaptent-ils \u00e0 l&rsquo;\u00e8re num\u00e9rique ?<\/summary>\n<div class=\"psn-ib-ans\">En d\u00e9veloppant des sites d&rsquo;actualit\u00e9, des \u00e9ditions en ligne et des applications mobiles pour atteindre un lectorat plus jeune et connect\u00e9.<\/div>\n<\/details>\n<\/div>\n<h2>L&rsquo;avenir des quotidiens s\u00e9n\u00e9galais<\/h2>\n<p>Les quotidiens s\u00e9n\u00e9galais restent des acteurs essentiels du paysage m\u00e9diatique national. Malgr\u00e9 les difficult\u00e9s \u00e9conomiques et la concurrence du num\u00e9rique, leur capacit\u00e9 \u00e0 se r\u00e9inventer et \u00e0 proposer un contenu pertinent conditionne leur avenir. Ils continueront vraisemblablement \u00e0 jouer un r\u00f4le central dans la promotion de la d\u00e9mocratie et de l&rsquo;engagement civique au S\u00e9n\u00e9gal.<\/p>\n<\/div>\n","protected":false},"excerpt":{"rendered":"","protected":false},"author":34,"featured_media":7430,"comment_status":"open","ping_status":"open","sticky":false,"template":"","format":"standard","meta":{"_acf_changed":false,"manual_indexmenow":false,"indexmenow_id_project":0,"footnotes":""},"categories":[1],"tags":[4633,4632,4630,4556,4629,4631],"class_list":["post-7429","post","type-post","status-publish","format-standard","has-post-thumbnail","hentry","category-a-la-une","tag-lobservateur","tag-le-soleil","tag-presse","tag-quotidiens","tag-senegalais","tag-walf-grand-place","generate-columns","tablet-grid-50","mobile-grid-100","grid-parent","grid-25"],"acf":[],"yoast_head":"<!-- This site is optimized with the Yoast SEO Premium plugin v21.3 (Yoast SEO v25.6) - https:\/\/yoast.com\/wordpress\/plugins\/seo\/ -->\n<title>Les quotidiens s\u00e9n\u00e9galais : la presse \u00e9crite au S\u00e9n\u00e9gal<\/title>\n<meta name=\"description\" content=\"La presse \u00e9crite s\u00e9n\u00e9galaise, parmi les plus vivantes d&#039;Afrique de l&#039;Ouest : quotidiens nationaux et titres priv\u00e9s qui fa\u00e7onnent le d\u00e9bat public.\" \/>\n<meta name=\"robots\" content=\"index, follow, max-snippet:-1, max-image-preview:large, max-video-preview:-1\" \/>\n<link rel=\"canonical\" href=\"https:\/\/com-quotidiens.fr\/blog\/a-la-une\/les-quotidiens-senegalais-un-regard-sur-la-presse-ecrite-au-senegal\/\" \/>\n<meta property=\"og:locale\" content=\"fr_FR\" \/>\n<meta property=\"og:type\" content=\"article\" \/>\n<meta property=\"og:title\" content=\"Les quotidiens s\u00e9n\u00e9galais : la presse \u00e9crite au S\u00e9n\u00e9gal\" \/>\n<meta property=\"og:description\" content=\"La presse \u00e9crite s\u00e9n\u00e9galaise, parmi les plus vivantes d&#039;Afrique de l&#039;Ouest : quotidiens nationaux et titres priv\u00e9s qui fa\u00e7onnent le d\u00e9bat public.\" \/>\n<meta property=\"og:url\" content=\"https:\/\/com-quotidiens.fr\/blog\/a-la-une\/les-quotidiens-senegalais-un-regard-sur-la-presse-ecrite-au-senegal\/\" \/>\n<meta property=\"og:site_name\" content=\"com-quotidiens\" \/>\n<meta property=\"og:image\" content=\"https:\/\/com-quotidiens.fr\/blog\/wp-content\/uploads\/2025\/02\/stability-les-quotidiens-senegalais-un-regard-sur-la-presse-ecrite-au-senegal.png\" \/>\n\t<meta property=\"og:image:width\" content=\"1024\" \/>\n\t<meta property=\"og:image:height\" content=\"576\" \/>\n\t<meta property=\"og:image:type\" content=\"image\/png\" \/>\n<meta name=\"author\" content=\"Th\u00e9o R.\" \/>\n<meta name=\"twitter:card\" content=\"summary_large_image\" \/>\n<script type=\"application\/ld+json\" class=\"yoast-schema-graph\">{\"@context\":\"https:\/\/schema.org\",\"@graph\":[{\"@type\":\"NewsArticle\",\"@id\":\"https:\/\/com-quotidiens.fr\/blog\/a-la-une\/les-quotidiens-senegalais-un-regard-sur-la-presse-ecrite-au-senegal\/#article\",\"isPartOf\":{\"@id\":\"https:\/\/com-quotidiens.fr\/blog\/a-la-une\/les-quotidiens-senegalais-un-regard-sur-la-presse-ecrite-au-senegal\/\"},\"author\":{\"name\":\"Th\u00e9o R.\",\"@id\":\"https:\/\/com-quotidiens.fr\/blog\/#\/schema\/person\/3c864cdc320801e3db34b663e7e3f816\"},\"headline\":\"Les quotidiens s\u00e9n\u00e9galais : Un regard sur la presse \u00e9crite au S\u00e9n\u00e9gal\",\"datePublished\":\"2026-06-19T11:52:28+00:00\",\"mainEntityOfPage\":{\"@id\":\"https:\/\/com-quotidiens.fr\/blog\/a-la-une\/les-quotidiens-senegalais-un-regard-sur-la-presse-ecrite-au-senegal\/\"},\"wordCount\":970,\"commentCount\":20,\"publisher\":{\"@id\":\"https:\/\/com-quotidiens.fr\/blog\/#organization\"},\"image\":{\"@id\":\"https:\/\/com-quotidiens.fr\/blog\/a-la-une\/les-quotidiens-senegalais-un-regard-sur-la-presse-ecrite-au-senegal\/#primaryimage\"},\"thumbnailUrl\":\"https:\/\/com-quotidiens.fr\/blog\/wp-content\/uploads\/2025\/02\/stability-les-quotidiens-senegalais-un-regard-sur-la-presse-ecrite-au-senegal.png\",\"keywords\":[\"L'Observateur\",\"Le Soleil\",\"Presse\",\"Quotidiens\",\"S\u00e9n\u00e9galais\",\"Walf Grand Place\"],\"articleSection\":[\"\u00c0 la une\"],\"inLanguage\":\"fr-FR\",\"potentialAction\":[{\"@type\":\"CommentAction\",\"name\":\"Comment\",\"target\":[\"https:\/\/com-quotidiens.fr\/blog\/a-la-une\/les-quotidiens-senegalais-un-regard-sur-la-presse-ecrite-au-senegal\/#respond\"]}]},{\"@type\":\"WebPage\",\"@id\":\"https:\/\/com-quotidiens.fr\/blog\/a-la-une\/les-quotidiens-senegalais-un-regard-sur-la-presse-ecrite-au-senegal\/\",\"url\":\"https:\/\/com-quotidiens.fr\/blog\/a-la-une\/les-quotidiens-senegalais-un-regard-sur-la-presse-ecrite-au-senegal\/\",\"name\":\"Les quotidiens s\u00e9n\u00e9galais : la presse \u00e9crite au S\u00e9n\u00e9gal\",\"isPartOf\":{\"@id\":\"https:\/\/com-quotidiens.fr\/blog\/#website\"},\"primaryImageOfPage\":{\"@id\":\"https:\/\/com-quotidiens.fr\/blog\/a-la-une\/les-quotidiens-senegalais-un-regard-sur-la-presse-ecrite-au-senegal\/#primaryimage\"},\"image\":{\"@id\":\"https:\/\/com-quotidiens.fr\/blog\/a-la-une\/les-quotidiens-senegalais-un-regard-sur-la-presse-ecrite-au-senegal\/#primaryimage\"},\"thumbnailUrl\":\"https:\/\/com-quotidiens.fr\/blog\/wp-content\/uploads\/2025\/02\/stability-les-quotidiens-senegalais-un-regard-sur-la-presse-ecrite-au-senegal.png\",\"datePublished\":\"2026-06-19T11:52:28+00:00\",\"description\":\"La presse \u00e9crite s\u00e9n\u00e9galaise, parmi les plus vivantes d'Afrique de l'Ouest : quotidiens nationaux et titres priv\u00e9s qui fa\u00e7onnent le d\u00e9bat public.\",\"inLanguage\":\"fr-FR\",\"potentialAction\":[{\"@type\":\"ReadAction\",\"target\":[\"https:\/\/com-quotidiens.fr\/blog\/a-la-une\/les-quotidiens-senegalais-un-regard-sur-la-presse-ecrite-au-senegal\/\"]}]},{\"@type\":\"ImageObject\",\"inLanguage\":\"fr-FR\",\"@id\":\"https:\/\/com-quotidiens.fr\/blog\/a-la-une\/les-quotidiens-senegalais-un-regard-sur-la-presse-ecrite-au-senegal\/#primaryimage\",\"url\":\"https:\/\/com-quotidiens.fr\/blog\/wp-content\/uploads\/2025\/02\/stability-les-quotidiens-senegalais-un-regard-sur-la-presse-ecrite-au-senegal.png\",\"contentUrl\":\"https:\/\/com-quotidiens.fr\/blog\/wp-content\/uploads\/2025\/02\/stability-les-quotidiens-senegalais-un-regard-sur-la-presse-ecrite-au-senegal.png\",\"width\":1024,\"height\":576},{\"@type\":\"WebSite\",\"@id\":\"https:\/\/com-quotidiens.fr\/blog\/#website\",\"url\":\"https:\/\/com-quotidiens.fr\/blog\/\",\"name\":\"com-quotidiens.fr\",\"description\":\"Com Quotidiens, l&#039;info communication au quotidien\",\"publisher\":{\"@id\":\"https:\/\/com-quotidiens.fr\/blog\/#organization\"},\"alternateName\":\"Com Quotidiens, l'info communication au quotidien\",\"potentialAction\":[{\"@type\":\"SearchAction\",\"target\":{\"@type\":\"EntryPoint\",\"urlTemplate\":\"https:\/\/com-quotidiens.fr\/blog\/?s={search_term_string}\"},\"query-input\":{\"@type\":\"PropertyValueSpecification\",\"valueRequired\":true,\"valueName\":\"search_term_string\"}}],\"inLanguage\":\"fr-FR\"},{\"@type\":\"Organization\",\"@id\":\"https:\/\/com-quotidiens.fr\/blog\/#organization\",\"name\":\"Foretsensations.fr\",\"url\":\"https:\/\/com-quotidiens.fr\/blog\/\",\"logo\":{\"@type\":\"ImageObject\",\"inLanguage\":\"fr-FR\",\"@id\":\"https:\/\/com-quotidiens.fr\/blog\/#\/schema\/logo\/image\/\",\"url\":\"https:\/\/com-quotidiens.fr\/blog\/wp-content\/uploads\/2024\/12\/26.png\",\"contentUrl\":\"https:\/\/com-quotidiens.fr\/blog\/wp-content\/uploads\/2024\/12\/26.png\",\"width\":500,\"height\":500,\"caption\":\"Foretsensations.fr\"},\"image\":{\"@id\":\"https:\/\/com-quotidiens.fr\/blog\/#\/schema\/logo\/image\/\"}},{\"@type\":\"Person\",\"@id\":\"https:\/\/com-quotidiens.fr\/blog\/#\/schema\/person\/3c864cdc320801e3db34b663e7e3f816\",\"name\":\"Th\u00e9o R.\",\"image\":{\"@type\":\"ImageObject\",\"inLanguage\":\"fr-FR\",\"@id\":\"https:\/\/com-quotidiens.fr\/blog\/#\/schema\/person\/image\/\",\"url\":\"https:\/\/com-quotidiens.fr\/blog\/wp-content\/uploads\/2026\/06\/persona_theo-r-96x96.jpg\",\"contentUrl\":\"https:\/\/com-quotidiens.fr\/blog\/wp-content\/uploads\/2026\/06\/persona_theo-r-96x96.jpg\",\"caption\":\"Th\u00e9o R.\"},\"description\":\"Le web et la communication sont mon m\u00e9tier depuis une dizaine d'ann\u00e9es, entre r\u00e9daction, strat\u00e9gie de contenu et accompagnement de projets en ligne. J'\u00e9cris sur la cr\u00e9ation de site, le marketing digital, l'image de marque et le m\u00e9tier de r\u00e9dacteur web, avec l'envie de rendre ces sujets concrets pour les ind\u00e9pendants et les petites entreprises. J'aime expliquer comment se construit une pr\u00e9sence en ligne cr\u00e9dible, du choix des mots \u00e0 la coh\u00e9rence visuelle, sans recourir au jargon d'agence. Avant de recommander une m\u00e9thode ou un outil, je l'\u00e9prouve sur le terrain et je distingue ce qui marche vraiment des promesses \u00e0 la mode. Je me m\u00e9fie des recettes miracles en marketing, car aucune ne dispense de travail et de r\u00e9gularit\u00e9. Mon angle : donner des rep\u00e8res solides pour communiquer juste et b\u00e2tir une marque qui dure, \u00e0 hauteur de budgets r\u00e9els et d'\u00e9quipes r\u00e9duites.\",\"url\":\"https:\/\/com-quotidiens.fr\/blog\/auteur\/noname\/\",\"jobTitle\":\"R\u00e9dacteur en chef \u00b7 Web & Communication\",\"knowsAbout\":[\"Web\",\"Communication\"],\"email\":\"theo.r@clickbuzz.fr\"}]}<\/script>\n<!-- \/ Yoast SEO Premium plugin. -->","yoast_head_json":{"title":"Les quotidiens s\u00e9n\u00e9galais : la presse \u00e9crite au S\u00e9n\u00e9gal","description":"La presse \u00e9crite s\u00e9n\u00e9galaise, parmi les plus vivantes d'Afrique de l'Ouest : quotidiens nationaux et titres priv\u00e9s qui fa\u00e7onnent le d\u00e9bat public.","robots":{"index":"index","follow":"follow","max-snippet":"max-snippet:-1","max-image-preview":"max-image-preview:large","max-video-preview":"max-video-preview:-1"},"canonical":"https:\/\/com-quotidiens.fr\/blog\/a-la-une\/les-quotidiens-senegalais-un-regard-sur-la-presse-ecrite-au-senegal\/","og_locale":"fr_FR","og_type":"article","og_title":"Les quotidiens s\u00e9n\u00e9galais : la presse \u00e9crite au S\u00e9n\u00e9gal","og_description":"La presse \u00e9crite s\u00e9n\u00e9galaise, parmi les plus vivantes d'Afrique de l'Ouest : quotidiens nationaux et titres priv\u00e9s qui fa\u00e7onnent le d\u00e9bat public.","og_url":"https:\/\/com-quotidiens.fr\/blog\/a-la-une\/les-quotidiens-senegalais-un-regard-sur-la-presse-ecrite-au-senegal\/","og_site_name":"com-quotidiens","og_image":[{"width":1024,"height":576,"url":"https:\/\/com-quotidiens.fr\/blog\/wp-content\/uploads\/2025\/02\/stability-les-quotidiens-senegalais-un-regard-sur-la-presse-ecrite-au-senegal.png","type":"image\/png"}],"author":"Th\u00e9o R.","twitter_card":"summary_large_image","schema":{"@context":"https:\/\/schema.org","@graph":[{"@type":"NewsArticle","@id":"https:\/\/com-quotidiens.fr\/blog\/a-la-une\/les-quotidiens-senegalais-un-regard-sur-la-presse-ecrite-au-senegal\/#article","isPartOf":{"@id":"https:\/\/com-quotidiens.fr\/blog\/a-la-une\/les-quotidiens-senegalais-un-regard-sur-la-presse-ecrite-au-senegal\/"},"author":{"name":"Th\u00e9o R.","@id":"https:\/\/com-quotidiens.fr\/blog\/#\/schema\/person\/3c864cdc320801e3db34b663e7e3f816"},"headline":"Les quotidiens s\u00e9n\u00e9galais : Un regard sur la presse \u00e9crite au S\u00e9n\u00e9gal","datePublished":"2026-06-19T11:52:28+00:00","mainEntityOfPage":{"@id":"https:\/\/com-quotidiens.fr\/blog\/a-la-une\/les-quotidiens-senegalais-un-regard-sur-la-presse-ecrite-au-senegal\/"},"wordCount":970,"commentCount":20,"publisher":{"@id":"https:\/\/com-quotidiens.fr\/blog\/#organization"},"image":{"@id":"https:\/\/com-quotidiens.fr\/blog\/a-la-une\/les-quotidiens-senegalais-un-regard-sur-la-presse-ecrite-au-senegal\/#primaryimage"},"thumbnailUrl":"https:\/\/com-quotidiens.fr\/blog\/wp-content\/uploads\/2025\/02\/stability-les-quotidiens-senegalais-un-regard-sur-la-presse-ecrite-au-senegal.png","keywords":["L'Observateur","Le Soleil","Presse","Quotidiens","S\u00e9n\u00e9galais","Walf Grand Place"],"articleSection":["\u00c0 la une"],"inLanguage":"fr-FR","potentialAction":[{"@type":"CommentAction","name":"Comment","target":["https:\/\/com-quotidiens.fr\/blog\/a-la-une\/les-quotidiens-senegalais-un-regard-sur-la-presse-ecrite-au-senegal\/#respond"]}]},{"@type":"WebPage","@id":"https:\/\/com-quotidiens.fr\/blog\/a-la-une\/les-quotidiens-senegalais-un-regard-sur-la-presse-ecrite-au-senegal\/","url":"https:\/\/com-quotidiens.fr\/blog\/a-la-une\/les-quotidiens-senegalais-un-regard-sur-la-presse-ecrite-au-senegal\/","name":"Les quotidiens s\u00e9n\u00e9galais : la presse \u00e9crite au S\u00e9n\u00e9gal","isPartOf":{"@id":"https:\/\/com-quotidiens.fr\/blog\/#website"},"primaryImageOfPage":{"@id":"https:\/\/com-quotidiens.fr\/blog\/a-la-une\/les-quotidiens-senegalais-un-regard-sur-la-presse-ecrite-au-senegal\/#primaryimage"},"image":{"@id":"https:\/\/com-quotidiens.fr\/blog\/a-la-une\/les-quotidiens-senegalais-un-regard-sur-la-presse-ecrite-au-senegal\/#primaryimage"},"thumbnailUrl":"https:\/\/com-quotidiens.fr\/blog\/wp-content\/uploads\/2025\/02\/stability-les-quotidiens-senegalais-un-regard-sur-la-presse-ecrite-au-senegal.png","datePublished":"2026-06-19T11:52:28+00:00","description":"La presse \u00e9crite s\u00e9n\u00e9galaise, parmi les plus vivantes d'Afrique de l'Ouest : quotidiens nationaux et titres priv\u00e9s qui fa\u00e7onnent le d\u00e9bat public.","inLanguage":"fr-FR","potentialAction":[{"@type":"ReadAction","target":["https:\/\/com-quotidiens.fr\/blog\/a-la-une\/les-quotidiens-senegalais-un-regard-sur-la-presse-ecrite-au-senegal\/"]}]},{"@type":"ImageObject","inLanguage":"fr-FR","@id":"https:\/\/com-quotidiens.fr\/blog\/a-la-une\/les-quotidiens-senegalais-un-regard-sur-la-presse-ecrite-au-senegal\/#primaryimage","url":"https:\/\/com-quotidiens.fr\/blog\/wp-content\/uploads\/2025\/02\/stability-les-quotidiens-senegalais-un-regard-sur-la-presse-ecrite-au-senegal.png","contentUrl":"https:\/\/com-quotidiens.fr\/blog\/wp-content\/uploads\/2025\/02\/stability-les-quotidiens-senegalais-un-regard-sur-la-presse-ecrite-au-senegal.png","width":1024,"height":576},{"@type":"WebSite","@id":"https:\/\/com-quotidiens.fr\/blog\/#website","url":"https:\/\/com-quotidiens.fr\/blog\/","name":"com-quotidiens.fr","description":"Com Quotidiens, l&#039;info communication au quotidien","publisher":{"@id":"https:\/\/com-quotidiens.fr\/blog\/#organization"},"alternateName":"Com Quotidiens, l'info communication au quotidien","potentialAction":[{"@type":"SearchAction","target":{"@type":"EntryPoint","urlTemplate":"https:\/\/com-quotidiens.fr\/blog\/?s={search_term_string}"},"query-input":{"@type":"PropertyValueSpecification","valueRequired":true,"valueName":"search_term_string"}}],"inLanguage":"fr-FR"},{"@type":"Organization","@id":"https:\/\/com-quotidiens.fr\/blog\/#organization","name":"Foretsensations.fr","url":"https:\/\/com-quotidiens.fr\/blog\/","logo":{"@type":"ImageObject","inLanguage":"fr-FR","@id":"https:\/\/com-quotidiens.fr\/blog\/#\/schema\/logo\/image\/","url":"https:\/\/com-quotidiens.fr\/blog\/wp-content\/uploads\/2024\/12\/26.png","contentUrl":"https:\/\/com-quotidiens.fr\/blog\/wp-content\/uploads\/2024\/12\/26.png","width":500,"height":500,"caption":"Foretsensations.fr"},"image":{"@id":"https:\/\/com-quotidiens.fr\/blog\/#\/schema\/logo\/image\/"}},{"@type":"Person","@id":"https:\/\/com-quotidiens.fr\/blog\/#\/schema\/person\/3c864cdc320801e3db34b663e7e3f816","name":"Th\u00e9o R.","image":{"@type":"ImageObject","inLanguage":"fr-FR","@id":"https:\/\/com-quotidiens.fr\/blog\/#\/schema\/person\/image\/","url":"https:\/\/com-quotidiens.fr\/blog\/wp-content\/uploads\/2026\/06\/persona_theo-r-96x96.jpg","contentUrl":"https:\/\/com-quotidiens.fr\/blog\/wp-content\/uploads\/2026\/06\/persona_theo-r-96x96.jpg","caption":"Th\u00e9o R."},"description":"Le web et la communication sont mon m\u00e9tier depuis une dizaine d'ann\u00e9es, entre r\u00e9daction, strat\u00e9gie de contenu et accompagnement de projets en ligne. J'\u00e9cris sur la cr\u00e9ation de site, le marketing digital, l'image de marque et le m\u00e9tier de r\u00e9dacteur web, avec l'envie de rendre ces sujets concrets pour les ind\u00e9pendants et les petites entreprises. J'aime expliquer comment se construit une pr\u00e9sence en ligne cr\u00e9dible, du choix des mots \u00e0 la coh\u00e9rence visuelle, sans recourir au jargon d'agence. Avant de recommander une m\u00e9thode ou un outil, je l'\u00e9prouve sur le terrain et je distingue ce qui marche vraiment des promesses \u00e0 la mode. Je me m\u00e9fie des recettes miracles en marketing, car aucune ne dispense de travail et de r\u00e9gularit\u00e9. Mon angle : donner des rep\u00e8res solides pour communiquer juste et b\u00e2tir une marque qui dure, \u00e0 hauteur de budgets r\u00e9els et d'\u00e9quipes r\u00e9duites.","url":"https:\/\/com-quotidiens.fr\/blog\/auteur\/noname\/","jobTitle":"R\u00e9dacteur en chef \u00b7 Web & Communication","knowsAbout":["Web","Communication"],"email":"theo.r@clickbuzz.fr"}]}},"_links":{"self":[{"href":"https:\/\/com-quotidiens.fr\/blog\/wp-json\/wp\/v2\/posts\/7429","targetHints":{"allow":["GET"]}}],"collection":[{"href":"https:\/\/com-quotidiens.fr\/blog\/wp-json\/wp\/v2\/posts"}],"about":[{"href":"https:\/\/com-quotidiens.fr\/blog\/wp-json\/wp\/v2\/types\/post"}],"author":[{"embeddable":true,"href":"https:\/\/com-quotidiens.fr\/blog\/wp-json\/wp\/v2\/users\/34"}],"replies":[{"embeddable":true,"href":"https:\/\/com-quotidiens.fr\/blog\/wp-json\/wp\/v2\/comments?post=7429"}],"version-history":[{"count":3,"href":"https:\/\/com-quotidiens.fr\/blog\/wp-json\/wp\/v2\/posts\/7429\/revisions"}],"predecessor-version":[{"id":7623,"href":"https:\/\/com-quotidiens.fr\/blog\/wp-json\/wp\/v2\/posts\/7429\/revisions\/7623"}],"wp:featuredmedia":[{"embeddable":true,"href":"https:\/\/com-quotidiens.fr\/blog\/wp-json\/wp\/v2\/media\/7430"}],"wp:attachment":[{"href":"https:\/\/com-quotidiens.fr\/blog\/wp-json\/wp\/v2\/media?parent=7429"}],"wp:term":[{"taxonomy":"category","embeddable":true,"href":"https:\/\/com-quotidiens.fr\/blog\/wp-json\/wp\/v2\/categories?post=7429"},{"taxonomy":"post_tag","embeddable":true,"href":"https:\/\/com-quotidiens.fr\/blog\/wp-json\/wp\/v2\/tags?post=7429"}],"curies":[{"name":"wp","href":"https:\/\/api.w.org\/{rel}","templated":true}]}}