{"id":7425,"date":"2026-06-19T13:52:43","date_gmt":"2026-06-19T11:52:43","guid":{"rendered":"https:\/\/com-quotidiens.fr\/blog\/?p=7425"},"modified":"2026-06-19T13:52:43","modified_gmt":"2026-06-19T11:52:43","slug":"optimiser-vos-deplacements-quotidiens-conseils-pratiques-et-impact-environnemental","status":"publish","type":"post","link":"https:\/\/com-quotidiens.fr\/blog\/a-la-une\/optimiser-vos-deplacements-quotidiens-conseils-pratiques-et-impact-environnemental\/","title":{"rendered":"Optimiser vos d\u00e9placements quotidiens : conseils pratiques et impact environnemental"},"content":{"rendered":"<link rel=\"stylesheet\" href=\"https:\/\/fonts.googleapis.com\/css2?family=Space+Grotesk:wght@500;600;700&#038;family=Inter:wght@400;500;600&#038;family=JetBrains+Mono:wght@500&#038;display=swap\">\n<style>\n.cqd-info-wrap{font-family:'Inter',system-ui,sans-serif;color:#1f2a26;line-height:1.65;font-size:17px;}\n.cqd-info-wrap h2{font-family:'Space Grotesk','Inter',sans-serif;font-weight:700;font-size:clamp(23px,3.2vw,32px);letter-spacing:-0.015em;color:#15211c;margin:48px 0 14px;}\n.cqd-info-wrap h3{font-family:'Space Grotesk','Inter',sans-serif;font-weight:600;font-size:19px;color:#15211c;margin:26px 0 8px;}\n.cqd-info-wrap p{margin:0 0 16px;}\n.cqd-info-kick{font-family:'JetBrains Mono',monospace;font-size:12px;font-weight:500;letter-spacing:.16em;text-transform:uppercase;color:#2f8f5b;display:block;margin-bottom:6px;}\n.cqd-info-lead{font-size:19px;line-height:1.6;color:#33433d;font-weight:500;margin:18px 0 28px;}\n.cqd-info-brief{background:#eef7f1;border-left:5px solid #2f8f5b;border-radius:0 10px 10px 0;padding:22px 26px;margin:26px 0;box-shadow:0 12px 28px -18px rgba(16,40,28,.4);}\n.cqd-info-brief .cqd-info-bt{font-family:'JetBrains Mono',monospace;font-size:12px;letter-spacing:.16em;text-transform:uppercase;color:#1f6b43;font-weight:500;margin-bottom:10px;}\n.cqd-info-brief .cqd-info-ans{font-size:18px;line-height:1.6;color:#1c2a24;font-weight:500;margin-bottom:14px;}\n.cqd-info-brief ul{margin:0;padding-left:0;list-style:none;}\n.cqd-info-brief li{position:relative;padding:5px 0 5px 26px;font-size:15.5px;line-height:1.55;color:#26342e;}\n.cqd-info-brief li::before{content:\"\u2192\";position:absolute;left:0;color:#2f8f5b;font-weight:700;}\n.cqd-info-grid{display:grid;grid-template-columns:repeat(auto-fit,minmax(220px,1fr));gap:16px;margin:26px 0;}\n.cqd-info-card{background:#fff;border:1px solid #e2e9e4;border-top:3px solid #2f8f5b;border-radius:10px;padding:20px 20px 18px;transition:.25s ease;}\n.cqd-info-card:hover{transform:translateY(-3px);box-shadow:0 14px 30px -18px rgba(16,40,28,.45);}\n.cqd-info-card h3{margin:0 0 8px;font-size:17px;}\n.cqd-info-card .cqd-info-txt{font-size:14.5px;line-height:1.55;color:#4a5750;}\n.cqd-info-tbl{overflow-x:auto;border:1px solid #e2e9e4;border-radius:10px;margin:26px 0;}\n.cqd-info-tbl table{width:100%;border-collapse:collapse;font-size:15px;color:#26342e;min-width:480px;}\n.cqd-info-tbl thead tr{background:#15211c;color:#fff;}\n.cqd-info-tbl th{text-align:left;padding:13px 18px;font-family:'Space Grotesk',sans-serif;font-size:12px;text-transform:uppercase;letter-spacing:.12em;font-weight:600;}\n.cqd-info-tbl td{padding:13px 18px;border-bottom:1px solid #eef2ef;}\n.cqd-info-tbl tbody tr:nth-child(even){background:#f6faf7;}\n.cqd-info-tbl tbody tr:last-child td{border-bottom:none;}\n.cqd-info-quote{margin:36px auto;padding:24px 22px;text-align:center;border-top:1px solid #15211c;border-bottom:1px solid #15211c;max-width:620px;position:relative;}\n.cqd-info-quote .cqd-info-bq{font-family:'Space Grotesk',sans-serif;font-size:23px;line-height:1.4;font-style:italic;color:#15211c;font-weight:500;}\n.cqd-info-tip{background:#fff7e6;border-left:4px solid #d49a1a;padding:14px 18px;margin:20px 0;border-radius:0 6px 6px 0;}\n.cqd-info-tip .cqd-info-tl{display:inline-block;font-family:'JetBrains Mono',monospace;color:#8a6300;font-size:12px;text-transform:uppercase;letter-spacing:.1em;font-weight:500;margin-right:8px;}\n.cqd-info-tip span.cqd-info-tx{font-size:15px;line-height:1.55;color:#3a3a32;}\n.cqd-info-retain{background:#15211c;color:#e8f2ec;border-radius:12px;padding:24px 26px;margin:34px 0;}\n.cqd-info-retain .cqd-info-rt{font-family:'JetBrains Mono',monospace;font-size:12px;letter-spacing:.16em;text-transform:uppercase;color:#7fd4a3;font-weight:500;margin-bottom:14px;}\n.cqd-info-retain ul{margin:0;padding-left:0;list-style:none;}\n.cqd-info-retain li{position:relative;padding:7px 0 7px 28px;font-size:15.5px;line-height:1.55;color:#e8f2ec!important;border-bottom:1px solid #2a3a32;}\n.cqd-info-retain li:last-child{border-bottom:none;}\n.cqd-info-retain li::before{content:\"\u2713\";position:absolute;left:0;color:#7fd4a3;font-weight:700;}\n.cqd-info-retain strong{color:#fff!important;}\n.cqd-info-faq{margin:36px 0;}\n.cqd-info-faq h2{margin-bottom:14px;}\n.cqd-info-faq details{border-bottom:1px solid #e2e9e4;}\n.cqd-info-faq summary{cursor:pointer;padding:16px 0;font-family:'Space Grotesk',sans-serif;font-size:17px;font-weight:600;color:#15211c;list-style:none;display:flex;justify-content:space-between;gap:14px;}\n.cqd-info-faq summary::-webkit-details-marker{display:none;}\n.cqd-info-faq summary::after{content:\"+\";color:#2f8f5b;font-size:22px;font-weight:400;line-height:1;}\n.cqd-info-faq details[open] summary::after{content:\"\u2013\";}\n.cqd-info-faq .cqd-info-a{padding:0 0 16px;font-size:15.5px;line-height:1.7;color:#4a5750;}\n.cqd-info-note{font-size:13.5px;color:#6a766f;font-style:italic;margin:24px 0 0;}\n<\/style>\n<div class=\"cqd-info-wrap\">\n<span class=\"cqd-info-kick\">Mobilit\u00e9 durable<\/span><\/p>\n<p class=\"cqd-info-lead\">Aller au travail, d\u00e9poser les enfants, faire ses courses : nos trajets quotidiens p\u00e8sent \u00e0 la fois sur notre budget temps et sur l&rsquo;environnement. Bonne nouvelle, quelques arbitrages simples suffisent souvent \u00e0 les rendre plus fluides et plus sobres en carbone \u2014 sans bouleverser son organisation.<\/p>\n<div class=\"cqd-info-brief\">\n<div class=\"cqd-info-bt\">En bref<\/div>\n<div class=\"cqd-info-ans\">Optimiser ses d\u00e9placements quotidiens, c&rsquo;est choisir le bon mode de transport pour chaque trajet plut\u00f4t que prendre la voiture par r\u00e9flexe. Marche et v\u00e9lo pour les courtes distances, transports en commun ou covoiturage pour les plus longues : on r\u00e9duit ainsi son empreinte carbone tout en gagnant en confort et en sant\u00e9.<\/div>\n<ul>\n<li>Adapter le mode de transport \u00e0 la distance r\u00e9elle du trajet.<\/li>\n<li>Privil\u00e9gier les mobilit\u00e9s douces (marche, v\u00e9lo) sur les courtes distances.<\/li>\n<li>Mutualiser les d\u00e9placements : covoiturage, regroupement des courses, t\u00e9l\u00e9travail.<\/li>\n<li>Les transports collectifs \u00e9mettent moins de gaz \u00e0 effet de serre par personne transport\u00e9e.<\/li>\n<\/ul>\n<\/div>\n<h2>Comprendre les d\u00e9placements quotidiens<\/h2>\n<p>Que ce soit pour aller au travail, faire des courses ou accompagner les enfants \u00e0 l&rsquo;\u00e9cole, ces trajets rythment notre semaine et ont un impact r\u00e9el sur notre mode de vie comme sur l&rsquo;environnement. La majorit\u00e9 d&rsquo;entre eux sont des trajets courts et r\u00e9p\u00e9titifs \u2014 pr\u00e9cis\u00e9ment ceux o\u00f9 une alternative \u00e0 la voiture individuelle est la plus facile \u00e0 mettre en place.<\/p>\n<p>La vraie question n&rsquo;est donc pas \u00ab comment supprimer ses d\u00e9placements \u00bb, mais \u00ab comment les optimiser \u00bb : r\u00e9duire son empreinte carbone tout en pr\u00e9servant, voire en am\u00e9liorant, sa qualit\u00e9 de vie. Tour d&rsquo;horizon des modes de transport, de leur impact et des bonnes pratiques concr\u00e8tes.<\/p>\n<p><iframe loading=\"lazy\" title=\"Vuln\u00e9rabilit\u00e9 et Solutions - Gestion pro-active des \u00e9conomies li\u00e9es aux impacts environnementaux\" width=\"1200\" height=\"675\" src=\"https:\/\/www.youtube.com\/embed\/OqRngR08Jk8?feature=oembed\" frameborder=\"0\" allow=\"accelerometer; autoplay; clipboard-write; encrypted-media; gyroscope; picture-in-picture; web-share\" referrerpolicy=\"strict-origin-when-cross-origin\" allowfullscreen><\/iframe><\/p>\n<h2>Les diff\u00e9rents modes de transport<\/h2>\n<p>Aucun mode de transport n&rsquo;est id\u00e9al pour tous les trajets. L&rsquo;enjeu est de conna\u00eetre les forces et les limites de chacun pour choisir au cas par cas, selon la distance, la m\u00e9t\u00e9o et le motif du d\u00e9placement.<\/p>\n<div class=\"cqd-info-grid\">\n<div class=\"cqd-info-card\">\n<h3>La voiture<\/h3>\n<div class=\"cqd-info-txt\">Pratique et flexible, surtout pour les trajets longs ou mal desservis. Mais elle contribue \u00e0 la pollution et aux embouteillages, et reste le mode le plus \u00e9metteur quand elle ne transporte qu&rsquo;une personne.<\/div>\n<\/p><\/div>\n<div class=\"cqd-info-card\">\n<h3>Les transports en commun<\/h3>\n<div class=\"cqd-info-txt\">Bus, tram, m\u00e9tro, train : une alternative \u00e9conomique et plus sobre, particuli\u00e8rement efficace en zone urbaine o\u00f9 le r\u00e9seau est dense.<\/div>\n<\/p><\/div>\n<div class=\"cqd-info-card\">\n<h3>Le v\u00e9lo<\/h3>\n<div class=\"cqd-info-txt\">Id\u00e9al sur les courtes et moyennes distances. Il combine activit\u00e9 physique, absence d&rsquo;\u00e9missions et ind\u00e9pendance face aux embouteillages.<\/div>\n<\/p><\/div>\n<div class=\"cqd-info-card\">\n<h3>La marche<\/h3>\n<div class=\"cqd-info-txt\">La solution la plus simple et la plus \u00e9cologique pour les trajets de proximit\u00e9 \u2014 souvent plus rapide qu&rsquo;on ne le croit en centre-ville.<\/div>\n<\/p><\/div>\n<div class=\"cqd-info-card\">\n<h3>Le covoiturage<\/h3>\n<div class=\"cqd-info-txt\">Partager un v\u00e9hicule r\u00e9duit le nombre de voitures sur la route et r\u00e9partit le co\u00fbt comme l&#8217;empreinte du trajet entre plusieurs passagers.<\/div>\n<\/p><\/div>\n<div class=\"cqd-info-card\">\n<h3>L&rsquo;autopartage<\/h3>\n<div class=\"cqd-info-txt\">Utiliser une voiture seulement quand c&rsquo;est n\u00e9cessaire, sans la poss\u00e9der : utile pour les besoins ponctuels, sans le co\u00fbt d&rsquo;un v\u00e9hicule \u00e0 l&rsquo;ann\u00e9e.<\/div>\n<\/p><\/div>\n<\/div>\n<h2>Impact environnemental des d\u00e9placements<\/h2>\n<p>Chaque mode de transport a des r\u00e9percussions sur l&rsquo;environnement, mais elles ne sont pas du m\u00eame ordre. Les voitures particuli\u00e8res figurent parmi les modes les plus \u00e9metteurs, surtout en autosolisme \u2014 un seul occupant \u00e0 bord. \u00c0 l&rsquo;inverse, les transports collectifs comme le train ou le tramway r\u00e9partissent les \u00e9missions entre de nombreux passagers : ramen\u00e9es \u00e0 la personne transport\u00e9e, elles sont nettement plus faibles.<img decoding=\"async\" width=\"1024\" height=\"576\" src=\"https:\/\/com-quotidiens.fr\/blog\/wp-content\/uploads\/2025\/02\/stability-optimiser-vos-deplacements-quotidiens-conseils-pratiques-et-impact-environnemental-1.png\" class=\"aligncenter\" alt=\"Illustration d\u00e9taill\u00e9e sur Optimiser vos d\u00e9placements quotidiens : conseils pratiques et impact environnemental\" title=\"Optimiser vos d\u00e9placements quotidiens : conseils pratiques et impact environnemental\" loading=\"lazy\" \/><\/p>\n<p>Les d\u00e9placements \u00e0 v\u00e9lo et \u00e0 pied, eux, ne g\u00e9n\u00e8rent aucune \u00e9mission directe : ce sont les choix les plus vertueux d\u00e8s que la distance le permet. En reportant une partie de ses trajets courts vers ces mobilit\u00e9s douces, chacun peut contribuer concr\u00e8tement \u00e0 la r\u00e9duction des \u00e9missions de CO\u2082.<\/p>\n<div class=\"cqd-info-tbl\">\n<table>\n<thead>\n<tr>\n<th>Mode de transport<\/th>\n<th>Empreinte carbone<\/th>\n<th>B\u00e9n\u00e9fice principal<\/th>\n<\/tr>\n<\/thead>\n<tbody>\n<tr>\n<td>Voiture individuelle<\/td>\n<td>\u00c9lev\u00e9e (1 occupant)<\/td>\n<td>Confort &amp; flexibilit\u00e9<\/td>\n<\/tr>\n<tr>\n<td>Transports en commun<\/td>\n<td>Faible par passager<\/td>\n<td>\u00c9conomie<\/td>\n<\/tr>\n<tr>\n<td>V\u00e9lo<\/td>\n<td>Nulle (\u00e0 l&rsquo;usage)<\/td>\n<td>Sant\u00e9<\/td>\n<\/tr>\n<tr>\n<td>Marche<\/td>\n<td>Nulle<\/td>\n<td>Accessibilit\u00e9<\/td>\n<\/tr>\n<\/tbody>\n<\/table>\n<\/div>\n<div class=\"cqd-info-quote\">\n<div class=\"cqd-info-bq\">\u00ab Un changement individuel peut mener \u00e0 un changement collectif. \u00bb<\/div>\n<\/div>\n<h2>Guide pratique pour optimiser vos trajets<\/h2>\n<p>Optimiser ses d\u00e9placements ne demande pas de tout r\u00e9volutionner d&rsquo;un coup. Quelques habitudes, appliqu\u00e9es r\u00e9guli\u00e8rement, suffisent \u00e0 all\u00e9ger l&rsquo;addition carbone comme le temps pass\u00e9 sur la route.<\/p>\n<div class=\"cqd-info-grid\">\n<div class=\"cqd-info-card\">\n<h3>Planifiez vos trajets<\/h3>\n<div class=\"cqd-info-txt\">Une appli de navigation ou d&rsquo;horaires permet d&rsquo;anticiper les embouteillages et de combiner intelligemment plusieurs modes (v\u00e9lo + train, par exemple).<\/div>\n<\/p><\/div>\n<div class=\"cqd-info-card\">\n<h3>Regroupez vos courses<\/h3>\n<div class=\"cqd-info-txt\">Faites la liste de tous vos d\u00e9placements de la semaine pour les encha\u00eener sur une m\u00eame sortie et \u00e9viter les allers-retours inutiles.<\/div>\n<\/p><\/div>\n<div class=\"cqd-info-card\">\n<h3>Privil\u00e9giez le v\u00e9lo ou la marche<\/h3>\n<div class=\"cqd-info-txt\">Pour les petites distances, ces options sont plus saines, plus \u00e9conomiques et, en ville, souvent plus rapides que la voiture.<\/div>\n<\/p><\/div>\n<div class=\"cqd-info-card\">\n<h3>Utilisez les transports en commun<\/h3>\n<div class=\"cqd-info-txt\">Chaque trajet report\u00e9 sur le collectif, c&rsquo;est une voiture de moins sur la route et moins de pollution \u00e0 l&rsquo;\u00e9chelle de la ville.<\/div>\n<\/p><\/div>\n<\/div>\n<div class=\"cqd-info-tip\">\n  <span class=\"cqd-info-tl\">\u2726 Astuce<\/span><br \/>\n  <span class=\"cqd-info-tx\">Le t\u00e9l\u00e9travail, m\u00eame un ou deux jours par semaine, est l&rsquo;un des leviers les plus efficaces : un trajet non effectu\u00e9 est un trajet \u00e0 empreinte nulle.<\/span>\n<\/div>\n<h2>Les b\u00e9n\u00e9fices d&rsquo;une mobilit\u00e9 durable<\/h2>\n<p>Adopter des pratiques de mobilit\u00e9 durable apporte des b\u00e9n\u00e9fices qui d\u00e9passent la seule question \u00e9cologique. C\u00f4t\u00e9 environnement, on r\u00e9duit les \u00e9missions de gaz \u00e0 effet de serre et la pollution locale. C\u00f4t\u00e9 sant\u00e9, marche et v\u00e9lo entretiennent l&rsquo;activit\u00e9 physique et diminuent le stress li\u00e9 aux trajets en voiture.<\/p>\n<p>Enfin, en s&rsquo;appuyant sur les transports en commun, on participe \u00e0 la dynamique de l&rsquo;\u00e9conomie locale : les villes qui investissent dans des r\u00e9seaux de transport efficaces gagnent en attractivit\u00e9, aussi bien pour les habitants que pour les entreprises.<\/p>\n<div class=\"cqd-info-retain\">\n<div class=\"cqd-info-rt\">\u00c0 retenir<\/div>\n<ul>\n<li>On optimise un trajet en l&rsquo;<strong>adaptant \u00e0 sa distance<\/strong>, pas en prenant la voiture par d\u00e9faut.<\/li>\n<li><strong>Marche et v\u00e9lo<\/strong> sont imbattables sur les courtes distances : z\u00e9ro \u00e9mission, bon pour la sant\u00e9.<\/li>\n<li>Transports en commun et <strong>covoiturage<\/strong> font baisser l&#8217;empreinte par personne sur les longs trajets.<\/li>\n<li><strong>Planifier et regrouper<\/strong> ses d\u00e9placements \u00e9vite les kilom\u00e8tres inutiles.<\/li>\n<li>Le <strong>t\u00e9l\u00e9travail<\/strong> reste le moyen le plus simple de supprimer purement un trajet.<\/li>\n<\/ul>\n<\/div>\n<div class=\"cqd-info-faq\">\n<h2>Questions fr\u00e9quentes<\/h2>\n<details>\n<summary><span>Quels sont les meilleurs moyens de r\u00e9duire mes d\u00e9placements en voiture ?<\/span><\/summary>\n<div class=\"cqd-info-a\">Privil\u00e9giez le t\u00e9l\u00e9travail quand c&rsquo;est possible, regroupez vos courses sur un seul trajet et basculez vos petits d\u00e9placements vers la marche, le v\u00e9lo ou les transports en commun. Le covoiturage est aussi une solution efficace pour les trajets r\u00e9guliers domicile-travail.<\/div>\n<\/details>\n<details>\n<summary><span>Comment choisir le mode de transport le plus adapt\u00e9 ?<\/span><\/summary>\n<div class=\"cqd-info-a\">\u00c9valuez trois crit\u00e8res : la distance, le temps de trajet r\u00e9el (embouteillages et stationnement compris) et l&rsquo;impact environnemental. Sur de courtes distances, la marche ou le v\u00e9lo l&#8217;emportent souvent ; pour les longs trajets, transports en commun et covoiturage limitent l&#8217;empreinte.<\/div>\n<\/details>\n<details>\n<summary><span>Quel est l&rsquo;impact de la marche sur ma sant\u00e9 ?<\/span><\/summary>\n<div class=\"cqd-info-a\">Marcher r\u00e9guli\u00e8rement am\u00e9liore la condition physique, entretient le syst\u00e8me cardiovasculaire et aide \u00e0 r\u00e9duire le stress. Int\u00e9gr\u00e9e aux trajets quotidiens, l&rsquo;activit\u00e9 physique devient une habitude sans effort suppl\u00e9mentaire d&rsquo;organisation.<\/div>\n<\/details>\n<details>\n<summary><span>Les transports en commun sont-ils vraiment \u00e9cologiques ?<\/span><\/summary>\n<div class=\"cqd-info-a\">Oui : en r\u00e9partissant le trajet entre de nombreux passagers, ils \u00e9mettent beaucoup moins de gaz \u00e0 effet de serre par personne transport\u00e9e qu&rsquo;une voiture individuelle, surtout lorsque celle-ci ne transporte qu&rsquo;un occupant.<\/div>\n<\/details>\n<\/div>\n<div class=\"cqd-info-note\">Cet article propose des rep\u00e8res g\u00e9n\u00e9raux pour des d\u00e9placements plus sobres ; les solutions disponibles varient selon votre commune et l&rsquo;offre de transport locale.<\/div>\n<\/div>\n","protected":false},"excerpt":{"rendered":"","protected":false},"author":34,"featured_media":7426,"comment_status":"open","ping_status":"open","sticky":false,"template":"","format":"standard","meta":{"_acf_changed":false,"manual_indexmenow":false,"indexmenow_id_project":0,"footnotes":""},"categories":[1],"tags":[4626,641,2286,4627,4570,4628],"class_list":["post-7425","post","type-post","status-publish","format-standard","has-post-thumbnail","hentry","category-a-la-une","tag-deplacements","tag-environnement","tag-mobilite-durable","tag-transport","tag-transports-en-commun","tag-velo","generate-columns","tablet-grid-50","mobile-grid-100","grid-parent","grid-25"],"acf":[],"yoast_head":"<!-- This site is optimized with the Yoast SEO Premium plugin v21.3 (Yoast SEO v25.6) - https:\/\/yoast.com\/wordpress\/plugins\/seo\/ -->\n<title>Optimiser ses d\u00e9placements quotidiens : conseils pratiques<\/title>\n<meta name=\"description\" content=\"Aller au travail, d\u00e9poser les enfants, faire ses courses : nos trajets quotidiens p\u00e8sent \u00e0 la fois sur notre budget temps et sur l&#039;environnement.\" \/>\n<meta name=\"robots\" content=\"index, follow, max-snippet:-1, max-image-preview:large, max-video-preview:-1\" \/>\n<link rel=\"canonical\" href=\"https:\/\/com-quotidiens.fr\/blog\/a-la-une\/optimiser-vos-deplacements-quotidiens-conseils-pratiques-et-impact-environnemental\/\" \/>\n<meta property=\"og:locale\" content=\"fr_FR\" \/>\n<meta property=\"og:type\" content=\"article\" \/>\n<meta property=\"og:title\" content=\"Optimiser ses d\u00e9placements quotidiens : conseils pratiques\" \/>\n<meta property=\"og:description\" content=\"Aller au travail, d\u00e9poser les enfants, faire ses courses : nos trajets quotidiens p\u00e8sent \u00e0 la fois sur notre budget temps et sur l&#039;environnement.\" \/>\n<meta property=\"og:url\" content=\"https:\/\/com-quotidiens.fr\/blog\/a-la-une\/optimiser-vos-deplacements-quotidiens-conseils-pratiques-et-impact-environnemental\/\" \/>\n<meta property=\"og:site_name\" content=\"com-quotidiens\" \/>\n<meta property=\"og:image\" content=\"https:\/\/com-quotidiens.fr\/blog\/wp-content\/uploads\/2025\/02\/stability-optimiser-vos-deplacements-quotidiens-conseils-pratiques-et-impact-environnemental.png\" \/>\n\t<meta property=\"og:image:width\" content=\"1024\" \/>\n\t<meta property=\"og:image:height\" content=\"576\" \/>\n\t<meta property=\"og:image:type\" content=\"image\/png\" \/>\n<meta name=\"author\" content=\"Th\u00e9o R.\" \/>\n<meta name=\"twitter:card\" content=\"summary_large_image\" \/>\n<script type=\"application\/ld+json\" class=\"yoast-schema-graph\">{\"@context\":\"https:\/\/schema.org\",\"@graph\":[{\"@type\":\"NewsArticle\",\"@id\":\"https:\/\/com-quotidiens.fr\/blog\/a-la-une\/optimiser-vos-deplacements-quotidiens-conseils-pratiques-et-impact-environnemental\/#article\",\"isPartOf\":{\"@id\":\"https:\/\/com-quotidiens.fr\/blog\/a-la-une\/optimiser-vos-deplacements-quotidiens-conseils-pratiques-et-impact-environnemental\/\"},\"author\":{\"name\":\"Th\u00e9o R.\",\"@id\":\"https:\/\/com-quotidiens.fr\/blog\/#\/schema\/person\/3c864cdc320801e3db34b663e7e3f816\"},\"headline\":\"Optimiser vos d\u00e9placements quotidiens : conseils pratiques et impact environnemental\",\"datePublished\":\"2026-06-19T11:52:43+00:00\",\"mainEntityOfPage\":{\"@id\":\"https:\/\/com-quotidiens.fr\/blog\/a-la-une\/optimiser-vos-deplacements-quotidiens-conseils-pratiques-et-impact-environnemental\/\"},\"wordCount\":1275,\"commentCount\":26,\"publisher\":{\"@id\":\"https:\/\/com-quotidiens.fr\/blog\/#organization\"},\"image\":{\"@id\":\"https:\/\/com-quotidiens.fr\/blog\/a-la-une\/optimiser-vos-deplacements-quotidiens-conseils-pratiques-et-impact-environnemental\/#primaryimage\"},\"thumbnailUrl\":\"https:\/\/com-quotidiens.fr\/blog\/wp-content\/uploads\/2025\/02\/stability-optimiser-vos-deplacements-quotidiens-conseils-pratiques-et-impact-environnemental.png\",\"keywords\":[\"D\u00e9placements\",\"Environnement\",\"Mobilit\u00e9 Durable\",\"Transport\",\"Transports en Commun\",\"V\u00e9lo\"],\"articleSection\":[\"\u00c0 la une\"],\"inLanguage\":\"fr-FR\",\"potentialAction\":[{\"@type\":\"CommentAction\",\"name\":\"Comment\",\"target\":[\"https:\/\/com-quotidiens.fr\/blog\/a-la-une\/optimiser-vos-deplacements-quotidiens-conseils-pratiques-et-impact-environnemental\/#respond\"]}]},{\"@type\":\"WebPage\",\"@id\":\"https:\/\/com-quotidiens.fr\/blog\/a-la-une\/optimiser-vos-deplacements-quotidiens-conseils-pratiques-et-impact-environnemental\/\",\"url\":\"https:\/\/com-quotidiens.fr\/blog\/a-la-une\/optimiser-vos-deplacements-quotidiens-conseils-pratiques-et-impact-environnemental\/\",\"name\":\"Optimiser ses d\u00e9placements quotidiens : conseils pratiques\",\"isPartOf\":{\"@id\":\"https:\/\/com-quotidiens.fr\/blog\/#website\"},\"primaryImageOfPage\":{\"@id\":\"https:\/\/com-quotidiens.fr\/blog\/a-la-une\/optimiser-vos-deplacements-quotidiens-conseils-pratiques-et-impact-environnemental\/#primaryimage\"},\"image\":{\"@id\":\"https:\/\/com-quotidiens.fr\/blog\/a-la-une\/optimiser-vos-deplacements-quotidiens-conseils-pratiques-et-impact-environnemental\/#primaryimage\"},\"thumbnailUrl\":\"https:\/\/com-quotidiens.fr\/blog\/wp-content\/uploads\/2025\/02\/stability-optimiser-vos-deplacements-quotidiens-conseils-pratiques-et-impact-environnemental.png\",\"datePublished\":\"2026-06-19T11:52:43+00:00\",\"description\":\"Aller au travail, d\u00e9poser les enfants, faire ses courses : nos trajets quotidiens p\u00e8sent \u00e0 la fois sur notre budget temps et sur l'environnement.\",\"inLanguage\":\"fr-FR\",\"potentialAction\":[{\"@type\":\"ReadAction\",\"target\":[\"https:\/\/com-quotidiens.fr\/blog\/a-la-une\/optimiser-vos-deplacements-quotidiens-conseils-pratiques-et-impact-environnemental\/\"]}]},{\"@type\":\"ImageObject\",\"inLanguage\":\"fr-FR\",\"@id\":\"https:\/\/com-quotidiens.fr\/blog\/a-la-une\/optimiser-vos-deplacements-quotidiens-conseils-pratiques-et-impact-environnemental\/#primaryimage\",\"url\":\"https:\/\/com-quotidiens.fr\/blog\/wp-content\/uploads\/2025\/02\/stability-optimiser-vos-deplacements-quotidiens-conseils-pratiques-et-impact-environnemental.png\",\"contentUrl\":\"https:\/\/com-quotidiens.fr\/blog\/wp-content\/uploads\/2025\/02\/stability-optimiser-vos-deplacements-quotidiens-conseils-pratiques-et-impact-environnemental.png\",\"width\":1024,\"height\":576},{\"@type\":\"WebSite\",\"@id\":\"https:\/\/com-quotidiens.fr\/blog\/#website\",\"url\":\"https:\/\/com-quotidiens.fr\/blog\/\",\"name\":\"com-quotidiens.fr\",\"description\":\"Com Quotidiens, l&#039;info communication au quotidien\",\"publisher\":{\"@id\":\"https:\/\/com-quotidiens.fr\/blog\/#organization\"},\"alternateName\":\"Com Quotidiens, l'info communication au quotidien\",\"potentialAction\":[{\"@type\":\"SearchAction\",\"target\":{\"@type\":\"EntryPoint\",\"urlTemplate\":\"https:\/\/com-quotidiens.fr\/blog\/?s={search_term_string}\"},\"query-input\":{\"@type\":\"PropertyValueSpecification\",\"valueRequired\":true,\"valueName\":\"search_term_string\"}}],\"inLanguage\":\"fr-FR\"},{\"@type\":\"Organization\",\"@id\":\"https:\/\/com-quotidiens.fr\/blog\/#organization\",\"name\":\"Foretsensations.fr\",\"url\":\"https:\/\/com-quotidiens.fr\/blog\/\",\"logo\":{\"@type\":\"ImageObject\",\"inLanguage\":\"fr-FR\",\"@id\":\"https:\/\/com-quotidiens.fr\/blog\/#\/schema\/logo\/image\/\",\"url\":\"https:\/\/com-quotidiens.fr\/blog\/wp-content\/uploads\/2024\/12\/26.png\",\"contentUrl\":\"https:\/\/com-quotidiens.fr\/blog\/wp-content\/uploads\/2024\/12\/26.png\",\"width\":500,\"height\":500,\"caption\":\"Foretsensations.fr\"},\"image\":{\"@id\":\"https:\/\/com-quotidiens.fr\/blog\/#\/schema\/logo\/image\/\"}},{\"@type\":\"Person\",\"@id\":\"https:\/\/com-quotidiens.fr\/blog\/#\/schema\/person\/3c864cdc320801e3db34b663e7e3f816\",\"name\":\"Th\u00e9o R.\",\"image\":{\"@type\":\"ImageObject\",\"inLanguage\":\"fr-FR\",\"@id\":\"https:\/\/com-quotidiens.fr\/blog\/#\/schema\/person\/image\/\",\"url\":\"https:\/\/com-quotidiens.fr\/blog\/wp-content\/uploads\/2026\/06\/persona_theo-r-96x96.jpg\",\"contentUrl\":\"https:\/\/com-quotidiens.fr\/blog\/wp-content\/uploads\/2026\/06\/persona_theo-r-96x96.jpg\",\"caption\":\"Th\u00e9o R.\"},\"description\":\"Le web et la communication sont mon m\u00e9tier depuis une dizaine d'ann\u00e9es, entre r\u00e9daction, strat\u00e9gie de contenu et accompagnement de projets en ligne. J'\u00e9cris sur la cr\u00e9ation de site, le marketing digital, l'image de marque et le m\u00e9tier de r\u00e9dacteur web, avec l'envie de rendre ces sujets concrets pour les ind\u00e9pendants et les petites entreprises. J'aime expliquer comment se construit une pr\u00e9sence en ligne cr\u00e9dible, du choix des mots \u00e0 la coh\u00e9rence visuelle, sans recourir au jargon d'agence. Avant de recommander une m\u00e9thode ou un outil, je l'\u00e9prouve sur le terrain et je distingue ce qui marche vraiment des promesses \u00e0 la mode. Je me m\u00e9fie des recettes miracles en marketing, car aucune ne dispense de travail et de r\u00e9gularit\u00e9. Mon angle : donner des rep\u00e8res solides pour communiquer juste et b\u00e2tir une marque qui dure, \u00e0 hauteur de budgets r\u00e9els et d'\u00e9quipes r\u00e9duites.\",\"url\":\"https:\/\/com-quotidiens.fr\/blog\/auteur\/noname\/\",\"jobTitle\":\"R\u00e9dacteur en chef \u00b7 Web & Communication\",\"knowsAbout\":[\"Web\",\"Communication\"],\"email\":\"theo.r@clickbuzz.fr\"}]}<\/script>\n<!-- \/ Yoast SEO Premium plugin. -->","yoast_head_json":{"title":"Optimiser ses d\u00e9placements quotidiens : conseils pratiques","description":"Aller au travail, d\u00e9poser les enfants, faire ses courses : nos trajets quotidiens p\u00e8sent \u00e0 la fois sur notre budget temps et sur l'environnement.","robots":{"index":"index","follow":"follow","max-snippet":"max-snippet:-1","max-image-preview":"max-image-preview:large","max-video-preview":"max-video-preview:-1"},"canonical":"https:\/\/com-quotidiens.fr\/blog\/a-la-une\/optimiser-vos-deplacements-quotidiens-conseils-pratiques-et-impact-environnemental\/","og_locale":"fr_FR","og_type":"article","og_title":"Optimiser ses d\u00e9placements quotidiens : conseils pratiques","og_description":"Aller au travail, d\u00e9poser les enfants, faire ses courses : nos trajets quotidiens p\u00e8sent \u00e0 la fois sur notre budget temps et sur l'environnement.","og_url":"https:\/\/com-quotidiens.fr\/blog\/a-la-une\/optimiser-vos-deplacements-quotidiens-conseils-pratiques-et-impact-environnemental\/","og_site_name":"com-quotidiens","og_image":[{"width":1024,"height":576,"url":"https:\/\/com-quotidiens.fr\/blog\/wp-content\/uploads\/2025\/02\/stability-optimiser-vos-deplacements-quotidiens-conseils-pratiques-et-impact-environnemental.png","type":"image\/png"}],"author":"Th\u00e9o R.","twitter_card":"summary_large_image","schema":{"@context":"https:\/\/schema.org","@graph":[{"@type":"NewsArticle","@id":"https:\/\/com-quotidiens.fr\/blog\/a-la-une\/optimiser-vos-deplacements-quotidiens-conseils-pratiques-et-impact-environnemental\/#article","isPartOf":{"@id":"https:\/\/com-quotidiens.fr\/blog\/a-la-une\/optimiser-vos-deplacements-quotidiens-conseils-pratiques-et-impact-environnemental\/"},"author":{"name":"Th\u00e9o R.","@id":"https:\/\/com-quotidiens.fr\/blog\/#\/schema\/person\/3c864cdc320801e3db34b663e7e3f816"},"headline":"Optimiser vos d\u00e9placements quotidiens : conseils pratiques et impact environnemental","datePublished":"2026-06-19T11:52:43+00:00","mainEntityOfPage":{"@id":"https:\/\/com-quotidiens.fr\/blog\/a-la-une\/optimiser-vos-deplacements-quotidiens-conseils-pratiques-et-impact-environnemental\/"},"wordCount":1275,"commentCount":26,"publisher":{"@id":"https:\/\/com-quotidiens.fr\/blog\/#organization"},"image":{"@id":"https:\/\/com-quotidiens.fr\/blog\/a-la-une\/optimiser-vos-deplacements-quotidiens-conseils-pratiques-et-impact-environnemental\/#primaryimage"},"thumbnailUrl":"https:\/\/com-quotidiens.fr\/blog\/wp-content\/uploads\/2025\/02\/stability-optimiser-vos-deplacements-quotidiens-conseils-pratiques-et-impact-environnemental.png","keywords":["D\u00e9placements","Environnement","Mobilit\u00e9 Durable","Transport","Transports en Commun","V\u00e9lo"],"articleSection":["\u00c0 la une"],"inLanguage":"fr-FR","potentialAction":[{"@type":"CommentAction","name":"Comment","target":["https:\/\/com-quotidiens.fr\/blog\/a-la-une\/optimiser-vos-deplacements-quotidiens-conseils-pratiques-et-impact-environnemental\/#respond"]}]},{"@type":"WebPage","@id":"https:\/\/com-quotidiens.fr\/blog\/a-la-une\/optimiser-vos-deplacements-quotidiens-conseils-pratiques-et-impact-environnemental\/","url":"https:\/\/com-quotidiens.fr\/blog\/a-la-une\/optimiser-vos-deplacements-quotidiens-conseils-pratiques-et-impact-environnemental\/","name":"Optimiser ses d\u00e9placements quotidiens : conseils pratiques","isPartOf":{"@id":"https:\/\/com-quotidiens.fr\/blog\/#website"},"primaryImageOfPage":{"@id":"https:\/\/com-quotidiens.fr\/blog\/a-la-une\/optimiser-vos-deplacements-quotidiens-conseils-pratiques-et-impact-environnemental\/#primaryimage"},"image":{"@id":"https:\/\/com-quotidiens.fr\/blog\/a-la-une\/optimiser-vos-deplacements-quotidiens-conseils-pratiques-et-impact-environnemental\/#primaryimage"},"thumbnailUrl":"https:\/\/com-quotidiens.fr\/blog\/wp-content\/uploads\/2025\/02\/stability-optimiser-vos-deplacements-quotidiens-conseils-pratiques-et-impact-environnemental.png","datePublished":"2026-06-19T11:52:43+00:00","description":"Aller au travail, d\u00e9poser les enfants, faire ses courses : nos trajets quotidiens p\u00e8sent \u00e0 la fois sur notre budget temps et sur l'environnement.","inLanguage":"fr-FR","potentialAction":[{"@type":"ReadAction","target":["https:\/\/com-quotidiens.fr\/blog\/a-la-une\/optimiser-vos-deplacements-quotidiens-conseils-pratiques-et-impact-environnemental\/"]}]},{"@type":"ImageObject","inLanguage":"fr-FR","@id":"https:\/\/com-quotidiens.fr\/blog\/a-la-une\/optimiser-vos-deplacements-quotidiens-conseils-pratiques-et-impact-environnemental\/#primaryimage","url":"https:\/\/com-quotidiens.fr\/blog\/wp-content\/uploads\/2025\/02\/stability-optimiser-vos-deplacements-quotidiens-conseils-pratiques-et-impact-environnemental.png","contentUrl":"https:\/\/com-quotidiens.fr\/blog\/wp-content\/uploads\/2025\/02\/stability-optimiser-vos-deplacements-quotidiens-conseils-pratiques-et-impact-environnemental.png","width":1024,"height":576},{"@type":"WebSite","@id":"https:\/\/com-quotidiens.fr\/blog\/#website","url":"https:\/\/com-quotidiens.fr\/blog\/","name":"com-quotidiens.fr","description":"Com Quotidiens, l&#039;info communication au quotidien","publisher":{"@id":"https:\/\/com-quotidiens.fr\/blog\/#organization"},"alternateName":"Com Quotidiens, l'info communication au quotidien","potentialAction":[{"@type":"SearchAction","target":{"@type":"EntryPoint","urlTemplate":"https:\/\/com-quotidiens.fr\/blog\/?s={search_term_string}"},"query-input":{"@type":"PropertyValueSpecification","valueRequired":true,"valueName":"search_term_string"}}],"inLanguage":"fr-FR"},{"@type":"Organization","@id":"https:\/\/com-quotidiens.fr\/blog\/#organization","name":"Foretsensations.fr","url":"https:\/\/com-quotidiens.fr\/blog\/","logo":{"@type":"ImageObject","inLanguage":"fr-FR","@id":"https:\/\/com-quotidiens.fr\/blog\/#\/schema\/logo\/image\/","url":"https:\/\/com-quotidiens.fr\/blog\/wp-content\/uploads\/2024\/12\/26.png","contentUrl":"https:\/\/com-quotidiens.fr\/blog\/wp-content\/uploads\/2024\/12\/26.png","width":500,"height":500,"caption":"Foretsensations.fr"},"image":{"@id":"https:\/\/com-quotidiens.fr\/blog\/#\/schema\/logo\/image\/"}},{"@type":"Person","@id":"https:\/\/com-quotidiens.fr\/blog\/#\/schema\/person\/3c864cdc320801e3db34b663e7e3f816","name":"Th\u00e9o R.","image":{"@type":"ImageObject","inLanguage":"fr-FR","@id":"https:\/\/com-quotidiens.fr\/blog\/#\/schema\/person\/image\/","url":"https:\/\/com-quotidiens.fr\/blog\/wp-content\/uploads\/2026\/06\/persona_theo-r-96x96.jpg","contentUrl":"https:\/\/com-quotidiens.fr\/blog\/wp-content\/uploads\/2026\/06\/persona_theo-r-96x96.jpg","caption":"Th\u00e9o R."},"description":"Le web et la communication sont mon m\u00e9tier depuis une dizaine d'ann\u00e9es, entre r\u00e9daction, strat\u00e9gie de contenu et accompagnement de projets en ligne. J'\u00e9cris sur la cr\u00e9ation de site, le marketing digital, l'image de marque et le m\u00e9tier de r\u00e9dacteur web, avec l'envie de rendre ces sujets concrets pour les ind\u00e9pendants et les petites entreprises. J'aime expliquer comment se construit une pr\u00e9sence en ligne cr\u00e9dible, du choix des mots \u00e0 la coh\u00e9rence visuelle, sans recourir au jargon d'agence. Avant de recommander une m\u00e9thode ou un outil, je l'\u00e9prouve sur le terrain et je distingue ce qui marche vraiment des promesses \u00e0 la mode. Je me m\u00e9fie des recettes miracles en marketing, car aucune ne dispense de travail et de r\u00e9gularit\u00e9. Mon angle : donner des rep\u00e8res solides pour communiquer juste et b\u00e2tir une marque qui dure, \u00e0 hauteur de budgets r\u00e9els et d'\u00e9quipes r\u00e9duites.","url":"https:\/\/com-quotidiens.fr\/blog\/auteur\/noname\/","jobTitle":"R\u00e9dacteur en chef \u00b7 Web & Communication","knowsAbout":["Web","Communication"],"email":"theo.r@clickbuzz.fr"}]}},"_links":{"self":[{"href":"https:\/\/com-quotidiens.fr\/blog\/wp-json\/wp\/v2\/posts\/7425","targetHints":{"allow":["GET"]}}],"collection":[{"href":"https:\/\/com-quotidiens.fr\/blog\/wp-json\/wp\/v2\/posts"}],"about":[{"href":"https:\/\/com-quotidiens.fr\/blog\/wp-json\/wp\/v2\/types\/post"}],"author":[{"embeddable":true,"href":"https:\/\/com-quotidiens.fr\/blog\/wp-json\/wp\/v2\/users\/34"}],"replies":[{"embeddable":true,"href":"https:\/\/com-quotidiens.fr\/blog\/wp-json\/wp\/v2\/comments?post=7425"}],"version-history":[{"count":3,"href":"https:\/\/com-quotidiens.fr\/blog\/wp-json\/wp\/v2\/posts\/7425\/revisions"}],"predecessor-version":[{"id":7625,"href":"https:\/\/com-quotidiens.fr\/blog\/wp-json\/wp\/v2\/posts\/7425\/revisions\/7625"}],"wp:featuredmedia":[{"embeddable":true,"href":"https:\/\/com-quotidiens.fr\/blog\/wp-json\/wp\/v2\/media\/7426"}],"wp:attachment":[{"href":"https:\/\/com-quotidiens.fr\/blog\/wp-json\/wp\/v2\/media?parent=7425"}],"wp:term":[{"taxonomy":"category","embeddable":true,"href":"https:\/\/com-quotidiens.fr\/blog\/wp-json\/wp\/v2\/categories?post=7425"},{"taxonomy":"post_tag","embeddable":true,"href":"https:\/\/com-quotidiens.fr\/blog\/wp-json\/wp\/v2\/tags?post=7425"}],"curies":[{"name":"wp","href":"https:\/\/api.w.org\/{rel}","templated":true}]}}