{"id":7421,"date":"2026-06-19T13:54:52","date_gmt":"2026-06-19T11:54:52","guid":{"rendered":"https:\/\/com-quotidiens.fr\/blog\/?p=7421"},"modified":"2026-06-19T13:54:52","modified_gmt":"2026-06-19T11:54:52","slug":"les-20-quotidiens-francais-les-plus-lus-en-2023-analyse-et-classement","status":"publish","type":"post","link":"https:\/\/com-quotidiens.fr\/blog\/a-la-une\/les-20-quotidiens-francais-les-plus-lus-en-2023-analyse-et-classement\/","title":{"rendered":"Les 20 quotidiens fran\u00e7ais les plus lus en 2023 : Analyse et Classement"},"content":{"rendered":"<link rel=\"stylesheet\" href=\"https:\/\/fonts.googleapis.com\/css2?family=Fraunces:opsz,wght@9..144,500;9..144,600;9..144,700;9..144,900&#038;family=Inter:wght@400;500;600;700&#038;family=JetBrains+Mono:wght@500&#038;display=swap\">\n<style>\n.cq-list-wrap{font-family:'Inter',-apple-system,BlinkMacSystemFont,sans-serif;color:#1d2733;line-height:1.65;font-size:17px;max-width:820px;margin:0 auto}\n.cq-list-wrap h2{font-family:'Fraunces','Georgia',serif;font-weight:700;font-size:clamp(24px,3.2vw,33px);line-height:1.18;letter-spacing:-0.015em;color:#0e1c2e;margin:46px 0 16px}\n.cq-list-wrap h3{font-family:'Fraunces','Georgia',serif;font-weight:600;font-size:clamp(19px,2.2vw,22px);color:#0e1c2e;margin:26px 0 10px}\n.cq-list-wrap p{margin:0 0 16px}\n.cq-list-kicker{font-family:'JetBrains Mono',monospace;font-size:12px;font-weight:500;letter-spacing:.12em;text-transform:uppercase;color:#1f5fa6;display:block;margin-bottom:8px}\n.cq-list-lead{font-size:19px;color:#3a4655;line-height:1.6;margin:6px 0 26px}\n.cq-list-brief{background:#eef4fb;border-left:5px solid #1f5fa6;border-radius:0 12px 12px 0;padding:22px 26px;margin:26px 0}\n.cq-list-brief .cq-list-bt{font-family:'JetBrains Mono',monospace;font-size:12px;font-weight:500;letter-spacing:.1em;text-transform:uppercase;color:#1f5fa6;display:block;margin-bottom:10px}\n.cq-list-brief .cq-list-txt{font-size:17.5px;color:#1d2733;margin-bottom:12px}\n.cq-list-brief ul{margin:8px 0 0;padding-left:20px}\n.cq-list-brief li{margin:7px 0}\n.cq-list-toc{background:#fff;border:1px solid #dce4ee;border-radius:14px;padding:20px 24px;margin:28px 0;box-shadow:0 1px 2px rgba(16,24,40,.05),0 12px 28px -18px rgba(16,24,40,.18)}\n.cq-list-toc .cq-list-tt{font-family:'JetBrains Mono',monospace;font-size:12px;letter-spacing:.1em;text-transform:uppercase;color:#1f5fa6;display:block;margin-bottom:12px}\n.cq-list-toc ul{list-style:none;margin:0;padding:0;display:grid;grid-template-columns:repeat(auto-fit,minmax(220px,1fr));gap:8px 22px}\n.cq-list-toc li{margin:0}\n.cq-list-toc a{color:#1d2733;text-decoration:none;font-weight:500;border-bottom:2px solid transparent;transition:.2s ease}\n.cq-list-toc a:hover{color:#1f5fa6;border-bottom-color:#1f5fa6}\n.cq-list-grid{display:grid;grid-template-columns:repeat(auto-fit,minmax(250px,1fr));gap:20px;margin:24px 0}\n.cq-list-card{background:#fff;border:1px solid #dce4ee;border-top:3px solid #1f5fa6;border-radius:12px;padding:20px 22px;transition:.25s ease}\n.cq-list-card:hover{transform:translateY(-3px);box-shadow:0 14px 30px -16px rgba(16,24,40,.28);border-color:#9fbede}\n.cq-list-card .cq-list-name{font-family:'Fraunces','Georgia',serif;font-weight:700;font-size:19px;color:#0e1c2e;display:block;margin-bottom:4px}\n.cq-list-card .cq-list-tag{font-family:'JetBrains Mono',monospace;font-size:11px;letter-spacing:.06em;text-transform:uppercase;color:#1f5fa6;display:block;margin-bottom:10px}\n.cq-list-card .cq-list-txt{font-size:15px;color:#3a4655;line-height:1.55}\n.cq-list-table-wrap{border:1px solid #dce4ee;border-radius:12px;overflow:hidden;margin:24px 0}\n.cq-list-wrap table{width:100%;border-collapse:collapse;font-size:15.5px}\n.cq-list-wrap th{background:#0e1c2e;color:#f3f7fc;font-family:'Inter';font-weight:600;text-align:left;padding:13px 16px;font-size:14px}\n.cq-list-wrap td{padding:12px 16px;border-top:1px solid #e6ecf4;color:#1d2733;vertical-align:top}\n.cq-list-wrap tbody tr:nth-child(even){background:#f6f9fd}\n.cq-list-note{background:#fff7ed;border:1px solid #f3d9b0;border-radius:12px;padding:16px 20px;margin:24px 0;font-size:15.5px;color:#5a4424}\n.cq-list-note strong{color:#9a5b16}\n.cq-list-retain{background:#0e1c2e;color:#dde7f3;border-radius:14px;padding:24px 28px;margin:34px 0}\n.cq-list-retain .cq-list-rt{font-family:'Fraunces',serif;font-weight:700;font-size:20px;color:#fff;margin-bottom:12px;display:block}\n.cq-list-retain ul{margin:0;padding-left:20px}\n.cq-list-retain li{margin:9px 0;color:#dde7f3}\n.cq-list-retain strong{color:#fff}\n.cq-list-faq{margin:30px 0}\n.cq-list-faq details{border:1px solid #dce4ee;border-radius:10px;padding:4px 18px;margin:10px 0;background:#fff;transition:.2s ease}\n.cq-list-faq details[open]{border-color:#9fbede;box-shadow:0 10px 24px -18px rgba(16,24,40,.3)}\n.cq-list-faq summary{font-family:'Fraunces',serif;font-weight:600;font-size:17px;color:#0e1c2e;cursor:pointer;padding:12px 0;list-style:none}\n.cq-list-faq summary::-webkit-details-marker{display:none}\n.cq-list-faq summary::before{content:\"+\";color:#1f5fa6;font-weight:700;margin-right:10px;font-family:'JetBrains Mono',monospace}\n.cq-list-faq details[open] summary::before{content:\"\u2013\"}\n.cq-list-faq .cq-list-ans{font-size:16px;color:#3a4655;padding:0 0 14px}\n@media(max-width:560px){.cq-list-wrap{font-size:16px}}\n<\/style>\n<div class=\"cq-list-wrap\">\n<span class=\"cq-list-kicker\">Presse fran\u00e7aise \u00b7 Panorama 2023<\/span><\/p>\n<p class=\"cq-list-lead\">Quels sont les grands quotidiens qui rythment l&rsquo;information en France ? Ce panorama 2023 passe en revue les titres les plus lus, du g\u00e9n\u00e9raliste national au r\u00e9gional de r\u00e9f\u00e9rence, en expliquant ce qui distingue chacun et qui ils touchent.<\/p>\n<div class=\"cq-list-brief\">\n<span class=\"cq-list-bt\">En bref<\/span><\/p>\n<div class=\"cq-list-txt\">En France, le paysage des quotidiens les plus lus se partage entre <strong>la presse quotidienne r\u00e9gionale<\/strong> (PQR), de loin la plus diffus\u00e9e, et <strong>les grands titres nationaux g\u00e9n\u00e9ralistes<\/strong>, compl\u00e9t\u00e9s par des quotidiens sp\u00e9cialis\u00e9s (sport, \u00e9conomie) et d&rsquo;opinion.<\/div>\n<ul>\n<li><strong>R\u00e9gional dominant<\/strong> \u2014 <strong>Ouest-France<\/strong> reste le quotidien le plus diffus\u00e9 du pays, devant d&rsquo;autres titres r\u00e9gionaux solidement implant\u00e9s.<\/li>\n<li><strong>Nationaux g\u00e9n\u00e9ralistes<\/strong> \u2014 Le Monde, Le Figaro, Le Parisien \/ Aujourd&rsquo;hui en France, Lib\u00e9ration.<\/li>\n<li><strong>Sp\u00e9cialis\u00e9s<\/strong> \u2014 L&rsquo;\u00c9quipe (sport), Les \u00c9chos (\u00e9conomie), La Croix et L&rsquo;Humanit\u00e9 (opinion).<\/li>\n<li><strong>Chiffres officiels<\/strong> \u2014 les tirages et audiences exacts sont publi\u00e9s et mis \u00e0 jour par l&rsquo;<strong>ACPM<\/strong> (ex-OJD).<\/li>\n<\/ul>\n<\/div>\n<div class=\"cq-list-toc\">\n<span class=\"cq-list-tt\">Au sommaire<\/span><\/p>\n<ul>\n<li><a href=\"#cq-pqr\">Les quotidiens r\u00e9gionaux<\/a><\/li>\n<li><a href=\"#cq-nat\">Les grands nationaux<\/a><\/li>\n<li><a href=\"#cq-spe\">Les titres sp\u00e9cialis\u00e9s<\/a><\/li>\n<li><a href=\"#cq-pop\">Pourquoi ils fid\u00e9lisent<\/a><\/li>\n<li><a href=\"#cq-impact\">Leur impact<\/a><\/li>\n<li><a href=\"#cq-tendances\">Tendances de lecture<\/a><\/li>\n<\/ul>\n<\/div>\n<h2 id=\"cq-pqr\">La presse quotidienne r\u00e9gionale, championne de la diffusion<\/h2>\n<p>On l&rsquo;oublie souvent, mais ce sont les <strong>quotidiens r\u00e9gionaux<\/strong> qui p\u00e8sent le plus lourd dans la diffusion en France. Ancr\u00e9s dans leur territoire, ils couvrent \u00e0 la fois l&rsquo;actualit\u00e9 nationale et la vie locale \u2014 communes, sport amateur, faits divers, vie associative \u2014 ce qui cr\u00e9e un lien de proximit\u00e9 difficile \u00e0 concurrencer pour les titres nationaux.<\/p>\n<div class=\"cq-list-grid\">\n<div class=\"cq-list-card\"><span class=\"cq-list-name\">Ouest-France<\/span><span class=\"cq-list-tag\">R\u00e9gional \u00b7 Grand Ouest<\/span><\/p>\n<div class=\"cq-list-txt\">Le quotidien le plus diffus\u00e9 de France. Une couverture dense de la Bretagne, des Pays de la Loire et de la Normandie, d\u00e9clin\u00e9e en tr\u00e8s nombreuses \u00e9ditions locales.<\/div>\n<\/div>\n<div class=\"cq-list-card\"><span class=\"cq-list-name\">Sud Ouest<\/span><span class=\"cq-list-tag\">R\u00e9gional \u00b7 Sud-Ouest<\/span><\/p>\n<div class=\"cq-list-txt\">R\u00e9f\u00e9rence du grand Sud-Ouest, de la Gironde aux Pyr\u00e9n\u00e9es, avec une forte pr\u00e9sence sur l&rsquo;actualit\u00e9 locale et le rugby.<\/div>\n<\/div>\n<div class=\"cq-list-card\"><span class=\"cq-list-name\">La Voix du Nord<\/span><span class=\"cq-list-tag\">R\u00e9gional \u00b7 Hauts-de-France<\/span><\/p>\n<div class=\"cq-list-txt\">Le grand quotidien des Hauts-de-France, profond\u00e9ment li\u00e9 \u00e0 l&rsquo;identit\u00e9 du Nord et du Pas-de-Calais.<\/div>\n<\/div>\n<div class=\"cq-list-card\"><span class=\"cq-list-name\">Le T\u00e9l\u00e9gramme<\/span><span class=\"cq-list-tag\">R\u00e9gional \u00b7 Bretagne<\/span><\/p>\n<div class=\"cq-list-txt\">Solidement implant\u00e9 en Bretagne, o\u00f9 il rivalise avec Ouest-France sur l&rsquo;actualit\u00e9 r\u00e9gionale et maritime.<\/div>\n<\/div>\n<div class=\"cq-list-card\"><span class=\"cq-list-name\">La Nouvelle R\u00e9publique<\/span><span class=\"cq-list-tag\">R\u00e9gional \u00b7 Centre<\/span><\/p>\n<div class=\"cq-list-txt\">Quotidien de r\u00e9f\u00e9rence du Centre-Val de Loire, attentif \u00e0 la vie des territoires qu&rsquo;il couvre.<\/div>\n<\/div>\n<div class=\"cq-list-card\"><span class=\"cq-list-name\">Autres titres PQR<\/span><span class=\"cq-list-tag\">R\u00e9gional \u00b7 National<\/span><\/p>\n<div class=\"cq-list-txt\">Le Dauphin\u00e9 Lib\u00e9r\u00e9, Le Progr\u00e8s, La D\u00e9p\u00eache du Midi, L&rsquo;Est R\u00e9publicain\u2026 maillent l&rsquo;ensemble du territoire.<\/div>\n<\/div>\n<\/div>\n<h2 id=\"cq-nat\">Les grands quotidiens nationaux g\u00e9n\u00e9ralistes<\/h2>\n<p>Les titres nationaux ont une diffusion plus concentr\u00e9e que la PQR, mais une influence \u00e9ditoriale consid\u00e9rable sur le d\u00e9bat public. Chacun cultive une <strong>ligne et un public propres<\/strong>, ce qui explique la fid\u00e9lit\u00e9 de leurs lecteurs.<\/p>\n<h3>Le Monde<\/h3>\n<p>Quotidien du soir de r\u00e9f\u00e9rence, <strong>Le Monde<\/strong> est reconnu pour son analyse approfondie de l&rsquo;actualit\u00e9 et son traitement de l&rsquo;international. Il attire un public en qu\u00eate d&rsquo;informations d\u00e9taill\u00e9es et de mise en perspective.<\/p>\n<h3>Le Figaro<\/h3>\n<p>Plus ancien quotidien national encore publi\u00e9, <strong>Le Figaro<\/strong> est associ\u00e9 \u00e0 une ligne \u00e9ditoriale conservatrice qui fid\u00e9lise un lectorat distinct, avec une offre forte en culture, \u00e9conomie et art de vivre.<\/p>\n<h3>Le Parisien \/ Aujourd&rsquo;hui en France<\/h3>\n<p>Avec son \u00e9dition nationale <strong>Aujourd&rsquo;hui en France<\/strong>, ce titre conjugue actualit\u00e9 de proximit\u00e9 (Paris et l&rsquo;\u00cele-de-France) et information nationale dans un format accessible et populaire.<\/p>\n<h3>Lib\u00e9ration<\/h3>\n<p><strong>Lib\u00e9ration<\/strong> se distingue par un ton engag\u00e9 et une couverture marqu\u00e9e des questions de soci\u00e9t\u00e9, fid\u00e9lisant historiquement un lectorat plut\u00f4t jeune et urbain.<\/p>\n<h2 id=\"cq-spe\">Les quotidiens sp\u00e9cialis\u00e9s et d&rsquo;opinion<\/h2>\n<p>Au-del\u00e0 des g\u00e9n\u00e9ralistes, plusieurs quotidiens occupent des niches \u00e0 forte audience gr\u00e2ce \u00e0 une <strong>sp\u00e9cialisation th\u00e9matique ou \u00e9ditoriale<\/strong> assum\u00e9e.<\/p>\n<div class=\"cq-list-table-wrap\">\n<table>\n<thead>\n<tr>\n<th>Quotidien<\/th>\n<th>Sp\u00e9cialit\u00e9<\/th>\n<th>Public<\/th>\n<\/tr>\n<\/thead>\n<tbody>\n<tr>\n<td>L&rsquo;\u00c9quipe<\/td>\n<td>Sport<\/td>\n<td>Passionn\u00e9s de sport, suivi quotidien des comp\u00e9titions<\/td>\n<\/tr>\n<tr>\n<td>Les \u00c9chos<\/td>\n<td>\u00c9conomie &amp; finance<\/td>\n<td>D\u00e9cideurs, monde des affaires, march\u00e9s<\/td>\n<\/tr>\n<tr>\n<td>La Croix<\/td>\n<td>Information &amp; spiritualit\u00e9<\/td>\n<td>Lectorat attach\u00e9 \u00e0 une lecture r\u00e9flexive de l&rsquo;actualit\u00e9<\/td>\n<\/tr>\n<tr>\n<td>L&rsquo;Humanit\u00e9<\/td>\n<td>Opinion engag\u00e9e<\/td>\n<td>Lectorat fid\u00e8le, sensible aux questions sociales<\/td>\n<\/tr>\n<\/tbody>\n<\/table>\n<\/div>\n<div class=\"cq-list-note\">\n<strong>\u00c0 propos des chiffres.<\/strong> Les classements pr\u00e9cis, tirages et audiences des quotidiens fran\u00e7ais \u00e9voluent d&rsquo;une ann\u00e9e \u00e0 l&rsquo;autre. Pour des donn\u00e9es certifi\u00e9es et \u00e0 jour, la source officielle est l&rsquo;<strong>ACPM<\/strong> (Alliance pour les chiffres de la presse et des m\u00e9dias, ex-OJD), qui publie la diffusion et l&rsquo;audience de chaque titre.\n<\/div>\n<h2 id=\"cq-pop\">Pourquoi ces journaux attirent-ils autant de lecteurs ?<\/h2>\n<p>Chaque journal a sa propre identit\u00e9 et r\u00e9pond \u00e0 des besoins sp\u00e9cifiques de ses lecteurs. Par exemple, <strong>Le Monde<\/strong> est reconnu pour son analyse approfondie de l&rsquo;actualit\u00e9, attirant ainsi un public en qu\u00eate d&rsquo;informations d\u00e9taill\u00e9es. \u00c0 l&rsquo;inverse, <strong>Le Figaro<\/strong> privil\u00e9gie une approche plus conservatrice, ce qui lui permet de fid\u00e9liser un lectorat diff\u00e9rent.<\/p>\n<p>Les choix \u00e9ditoriaux influencent \u00e9galement l&rsquo;audience. Les journaux qui adoptent un ton tranch\u00e9 ou qui traitent des sujets d&rsquo;actualit\u00e9 br\u00fblants suscitent souvent un fort engagement. En outre, la qualit\u00e9 de l&rsquo;\u00e9criture, la fiabilit\u00e9 des sources et la diversit\u00e9 des sujets abord\u00e9s jouent un r\u00f4le cl\u00e9 dans l&rsquo;attractivit\u00e9 d&rsquo;un quotidien.<img decoding=\"async\" width=\"1024\" height=\"576\" src=\"https:\/\/com-quotidiens.fr\/blog\/wp-content\/uploads\/2025\/02\/stability-les-20-quotidiens-francais-les-plus-lus-en-2023-analyse-et-classement-1.png\" class=\"aligncenter\" alt=\"Illustration d\u00e9taill\u00e9e sur Les 20 quotidiens fran\u00e7ais les plus lus en 2023 : Analyse et Classement\" title=\"Les 20 quotidiens fran\u00e7ais les plus lus en 2023 : Analyse et Classement\" loading=\"lazy\" \/><\/p>\n<h2 id=\"cq-impact\">Les cons\u00e9quences de la lecture de ces quotidiens<\/h2>\n<p>La lecture de journaux influents contribue \u00e0 la formation de l&rsquo;opinion publique. Les articles, analyses et \u00e9ditoriaux pr\u00e9sent\u00e9s dans ces publications fa\u00e7onnent la perception des \u00e9v\u00e9nements en cours. Par exemple, un article bien document\u00e9 sur une crise politique peut mobiliser l&rsquo;opinion publique et nourrir le d\u00e9bat d\u00e9mocratique.<\/p>\n<p>Ainsi, le choix d&rsquo;un quotidien ne se limite pas \u00e0 une simple question de pr\u00e9f\u00e9rence personnelle : il influence aussi la mani\u00e8re dont les lecteurs per\u00e7oivent le monde qui les entoure.<\/p>\n<p><iframe loading=\"lazy\" title=\"Elle \u00c9tait Coinc\u00e9e Donc Ce Policier L&#039;aide\" width=\"1200\" height=\"675\" src=\"https:\/\/www.youtube.com\/embed\/_1jo43b2wIY?feature=oembed\" frameborder=\"0\" allow=\"accelerometer; autoplay; clipboard-write; encrypted-media; gyroscope; picture-in-picture; web-share\" referrerpolicy=\"strict-origin-when-cross-origin\" allowfullscreen><\/iframe><\/p>\n<h2 id=\"cq-tendances\">Les tendances de consommation des m\u00e9dias en France<\/h2>\n<p>Avec l&rsquo;essor des m\u00e9dias num\u00e9riques, les habitudes de lecture \u00e9voluent. Les jeunes g\u00e9n\u00e9rations se tournent de plus en plus vers les informations en ligne, souvent au d\u00e9triment des formats papier. Cependant, beaucoup de quotidiens s&rsquo;adaptent en proposant des versions num\u00e9riques attrayantes et des offres d&rsquo;abonnement digital, ce qui leur permet de toucher un public plus large et de maintenir leur pertinence.<\/p>\n<p>Les r\u00e9seaux sociaux jouent \u00e9galement un r\u00f4le crucial dans la distribution de l&rsquo;information. Les articles partag\u00e9s sur ces plateformes peuvent rapidement atteindre des millions de personnes, augmentant la visibilit\u00e9 des journaux. Les quotidiens doivent d\u00e9sormais naviguer dans un paysage m\u00e9diatique o\u00f9 l&rsquo;information est \u00e0 la fois accessible, imm\u00e9diate et \u00e9ph\u00e9m\u00e8re.<\/p>\n<div class=\"cq-list-retain\">\n<span class=\"cq-list-rt\">\u00c0 retenir<\/span><\/p>\n<ul>\n<li>En France, la <strong>presse r\u00e9gionale<\/strong> (PQR) est la plus diffus\u00e9e, avec <strong>Ouest-France<\/strong> en t\u00eate du pays.<\/li>\n<li>Les <strong>grands nationaux<\/strong> (Le Monde, Le Figaro, Le Parisien, Lib\u00e9ration) p\u00e8sent surtout par leur influence \u00e9ditoriale.<\/li>\n<li>Les <strong>sp\u00e9cialis\u00e9s<\/strong> (L&rsquo;\u00c9quipe, Les \u00c9chos) et les titres d&rsquo;opinion (La Croix, L&rsquo;Humanit\u00e9) f\u00e9d\u00e8rent des audiences fid\u00e8les.<\/li>\n<li>Pour les <strong>chiffres exacts<\/strong> de diffusion et d&rsquo;audience, se r\u00e9f\u00e9rer \u00e0 l&rsquo;<strong>ACPM<\/strong> (ex-OJD).<\/li>\n<\/ul>\n<\/div>\n<div class=\"cq-list-faq\">\n<h2>Questions fr\u00e9quentes<\/h2>\n<details>\n<summary>Quel est le quotidien le plus lu en France ?<\/summary>\n<div class=\"cq-list-ans\">En diffusion, c&rsquo;est la presse r\u00e9gionale qui domine, et <strong>Ouest-France<\/strong> est le quotidien le plus diffus\u00e9 du pays. Parmi les nationaux g\u00e9n\u00e9ralistes figurent Le Monde, Le Figaro et Le Parisien. Pour le classement pr\u00e9cis et chiffr\u00e9, l&rsquo;ACPM fait r\u00e9f\u00e9rence.<\/div>\n<\/details>\n<details>\n<summary>Quelle diff\u00e9rence entre presse r\u00e9gionale et presse nationale ?<\/summary>\n<div class=\"cq-list-ans\">La presse r\u00e9gionale (PQR) couvre \u00e0 la fois l&rsquo;actualit\u00e9 nationale et la vie locale d&rsquo;un territoire, ce qui lui assure une diffusion \u00e9lev\u00e9e. La presse nationale a une audience plus concentr\u00e9e mais une forte influence sur le d\u00e9bat public.<\/div>\n<\/details>\n<details>\n<summary>Quel quotidien choisir selon mes centres d&rsquo;int\u00e9r\u00eat ?<\/summary>\n<div class=\"cq-list-ans\">Pour le sport, L&rsquo;\u00c9quipe ; pour l&rsquo;\u00e9conomie et la finance, Les \u00c9chos ; pour l&rsquo;analyse internationale, Le Monde ; pour une actualit\u00e9 de proximit\u00e9, votre quotidien r\u00e9gional ou Le Parisien.<\/div>\n<\/details>\n<details>\n<summary>Les journaux papier sont-ils en d\u00e9clin ?<\/summary>\n<div class=\"cq-list-ans\">La diffusion papier recule globalement au profit des formats num\u00e9riques, mais de nombreux titres compensent par des abonnements digitaux et des versions en ligne enrichies.<\/div>\n<\/details>\n<details>\n<summary>O\u00f9 trouver les chiffres officiels de diffusion ?<\/summary>\n<div class=\"cq-list-ans\">Aupr\u00e8s de l&rsquo;<strong>ACPM<\/strong> (Alliance pour les chiffres de la presse et des m\u00e9dias, ex-OJD), l&rsquo;organisme qui certifie et publie la diffusion et l&rsquo;audience de la presse fran\u00e7aise.<\/div>\n<\/details>\n<\/div>\n<\/div>\n","protected":false},"excerpt":{"rendered":"","protected":false},"author":34,"featured_media":7422,"comment_status":"open","ping_status":"open","sticky":false,"template":"","format":"standard","meta":{"_acf_changed":false,"manual_indexmenow":false,"indexmenow_id_project":0,"footnotes":""},"categories":[1],"tags":[4623,4624,4567,4537,4625,4556],"class_list":["post-7421","post","type-post","status-publish","format-standard","has-post-thumbnail","hentry","category-a-la-une","tag-france","tag-lecteurs","tag-medias-numeriques","tag-opinion-publique","tag-popularite","tag-quotidiens","generate-columns","tablet-grid-50","mobile-grid-100","grid-parent","grid-25"],"acf":[],"yoast_head":"<!-- This site is optimized with the Yoast SEO Premium plugin v21.3 (Yoast SEO v25.6) - https:\/\/yoast.com\/wordpress\/plugins\/seo\/ -->\n<title>Journaux fran\u00e7ais : les quotidiens nationaux les plus lus<\/title>\n<meta name=\"description\" content=\"La liste des principaux journaux quotidiens fran\u00e7ais (nationaux et r\u00e9gionaux), class\u00e9s et pr\u00e9sent\u00e9s.\" \/>\n<meta name=\"robots\" content=\"index, follow, max-snippet:-1, max-image-preview:large, max-video-preview:-1\" \/>\n<link rel=\"canonical\" href=\"https:\/\/com-quotidiens.fr\/blog\/a-la-une\/les-20-quotidiens-francais-les-plus-lus-en-2023-analyse-et-classement\/\" \/>\n<meta property=\"og:locale\" content=\"fr_FR\" \/>\n<meta property=\"og:type\" content=\"article\" \/>\n<meta property=\"og:title\" content=\"Journaux fran\u00e7ais : les quotidiens nationaux les plus lus\" \/>\n<meta property=\"og:description\" content=\"La liste des principaux journaux quotidiens fran\u00e7ais (nationaux et r\u00e9gionaux), class\u00e9s et pr\u00e9sent\u00e9s.\" \/>\n<meta property=\"og:url\" content=\"https:\/\/com-quotidiens.fr\/blog\/a-la-une\/les-20-quotidiens-francais-les-plus-lus-en-2023-analyse-et-classement\/\" \/>\n<meta property=\"og:site_name\" content=\"com-quotidiens\" \/>\n<meta property=\"og:image\" content=\"https:\/\/com-quotidiens.fr\/blog\/wp-content\/uploads\/2025\/02\/stability-les-20-quotidiens-francais-les-plus-lus-en-2023-analyse-et-classement.png\" \/>\n\t<meta property=\"og:image:width\" content=\"1024\" \/>\n\t<meta property=\"og:image:height\" content=\"576\" \/>\n\t<meta property=\"og:image:type\" content=\"image\/png\" \/>\n<meta name=\"author\" content=\"Th\u00e9o R.\" \/>\n<meta name=\"twitter:card\" content=\"summary_large_image\" \/>\n<script type=\"application\/ld+json\" class=\"yoast-schema-graph\">{\"@context\":\"https:\/\/schema.org\",\"@graph\":[{\"@type\":\"NewsArticle\",\"@id\":\"https:\/\/com-quotidiens.fr\/blog\/a-la-une\/les-20-quotidiens-francais-les-plus-lus-en-2023-analyse-et-classement\/#article\",\"isPartOf\":{\"@id\":\"https:\/\/com-quotidiens.fr\/blog\/a-la-une\/les-20-quotidiens-francais-les-plus-lus-en-2023-analyse-et-classement\/\"},\"author\":{\"name\":\"Th\u00e9o R.\",\"@id\":\"https:\/\/com-quotidiens.fr\/blog\/#\/schema\/person\/3c864cdc320801e3db34b663e7e3f816\"},\"headline\":\"Les 20 quotidiens fran\u00e7ais les plus lus en 2023 : Analyse et Classement\",\"datePublished\":\"2026-06-19T11:54:52+00:00\",\"mainEntityOfPage\":{\"@id\":\"https:\/\/com-quotidiens.fr\/blog\/a-la-une\/les-20-quotidiens-francais-les-plus-lus-en-2023-analyse-et-classement\/\"},\"wordCount\":1429,\"commentCount\":15,\"publisher\":{\"@id\":\"https:\/\/com-quotidiens.fr\/blog\/#organization\"},\"image\":{\"@id\":\"https:\/\/com-quotidiens.fr\/blog\/a-la-une\/les-20-quotidiens-francais-les-plus-lus-en-2023-analyse-et-classement\/#primaryimage\"},\"thumbnailUrl\":\"https:\/\/com-quotidiens.fr\/blog\/wp-content\/uploads\/2025\/02\/stability-les-20-quotidiens-francais-les-plus-lus-en-2023-analyse-et-classement.png\",\"keywords\":[\"France\",\"Lecteurs\",\"M\u00e9dias Num\u00e9riques\",\"Opinion Publique\",\"Popularit\u00e9\",\"Quotidiens\"],\"articleSection\":[\"\u00c0 la une\"],\"inLanguage\":\"fr-FR\",\"potentialAction\":[{\"@type\":\"CommentAction\",\"name\":\"Comment\",\"target\":[\"https:\/\/com-quotidiens.fr\/blog\/a-la-une\/les-20-quotidiens-francais-les-plus-lus-en-2023-analyse-et-classement\/#respond\"]}]},{\"@type\":\"WebPage\",\"@id\":\"https:\/\/com-quotidiens.fr\/blog\/a-la-une\/les-20-quotidiens-francais-les-plus-lus-en-2023-analyse-et-classement\/\",\"url\":\"https:\/\/com-quotidiens.fr\/blog\/a-la-une\/les-20-quotidiens-francais-les-plus-lus-en-2023-analyse-et-classement\/\",\"name\":\"Journaux fran\u00e7ais : les quotidiens nationaux les plus lus\",\"isPartOf\":{\"@id\":\"https:\/\/com-quotidiens.fr\/blog\/#website\"},\"primaryImageOfPage\":{\"@id\":\"https:\/\/com-quotidiens.fr\/blog\/a-la-une\/les-20-quotidiens-francais-les-plus-lus-en-2023-analyse-et-classement\/#primaryimage\"},\"image\":{\"@id\":\"https:\/\/com-quotidiens.fr\/blog\/a-la-une\/les-20-quotidiens-francais-les-plus-lus-en-2023-analyse-et-classement\/#primaryimage\"},\"thumbnailUrl\":\"https:\/\/com-quotidiens.fr\/blog\/wp-content\/uploads\/2025\/02\/stability-les-20-quotidiens-francais-les-plus-lus-en-2023-analyse-et-classement.png\",\"datePublished\":\"2026-06-19T11:54:52+00:00\",\"description\":\"La liste des principaux journaux quotidiens fran\u00e7ais (nationaux et r\u00e9gionaux), class\u00e9s et pr\u00e9sent\u00e9s.\",\"inLanguage\":\"fr-FR\",\"potentialAction\":[{\"@type\":\"ReadAction\",\"target\":[\"https:\/\/com-quotidiens.fr\/blog\/a-la-une\/les-20-quotidiens-francais-les-plus-lus-en-2023-analyse-et-classement\/\"]}]},{\"@type\":\"ImageObject\",\"inLanguage\":\"fr-FR\",\"@id\":\"https:\/\/com-quotidiens.fr\/blog\/a-la-une\/les-20-quotidiens-francais-les-plus-lus-en-2023-analyse-et-classement\/#primaryimage\",\"url\":\"https:\/\/com-quotidiens.fr\/blog\/wp-content\/uploads\/2025\/02\/stability-les-20-quotidiens-francais-les-plus-lus-en-2023-analyse-et-classement.png\",\"contentUrl\":\"https:\/\/com-quotidiens.fr\/blog\/wp-content\/uploads\/2025\/02\/stability-les-20-quotidiens-francais-les-plus-lus-en-2023-analyse-et-classement.png\",\"width\":1024,\"height\":576},{\"@type\":\"WebSite\",\"@id\":\"https:\/\/com-quotidiens.fr\/blog\/#website\",\"url\":\"https:\/\/com-quotidiens.fr\/blog\/\",\"name\":\"com-quotidiens.fr\",\"description\":\"Com Quotidiens, l&#039;info communication au quotidien\",\"publisher\":{\"@id\":\"https:\/\/com-quotidiens.fr\/blog\/#organization\"},\"alternateName\":\"Com Quotidiens, l'info communication au quotidien\",\"potentialAction\":[{\"@type\":\"SearchAction\",\"target\":{\"@type\":\"EntryPoint\",\"urlTemplate\":\"https:\/\/com-quotidiens.fr\/blog\/?s={search_term_string}\"},\"query-input\":{\"@type\":\"PropertyValueSpecification\",\"valueRequired\":true,\"valueName\":\"search_term_string\"}}],\"inLanguage\":\"fr-FR\"},{\"@type\":\"Organization\",\"@id\":\"https:\/\/com-quotidiens.fr\/blog\/#organization\",\"name\":\"Foretsensations.fr\",\"url\":\"https:\/\/com-quotidiens.fr\/blog\/\",\"logo\":{\"@type\":\"ImageObject\",\"inLanguage\":\"fr-FR\",\"@id\":\"https:\/\/com-quotidiens.fr\/blog\/#\/schema\/logo\/image\/\",\"url\":\"https:\/\/com-quotidiens.fr\/blog\/wp-content\/uploads\/2024\/12\/26.png\",\"contentUrl\":\"https:\/\/com-quotidiens.fr\/blog\/wp-content\/uploads\/2024\/12\/26.png\",\"width\":500,\"height\":500,\"caption\":\"Foretsensations.fr\"},\"image\":{\"@id\":\"https:\/\/com-quotidiens.fr\/blog\/#\/schema\/logo\/image\/\"}},{\"@type\":\"Person\",\"@id\":\"https:\/\/com-quotidiens.fr\/blog\/#\/schema\/person\/3c864cdc320801e3db34b663e7e3f816\",\"name\":\"Th\u00e9o R.\",\"image\":{\"@type\":\"ImageObject\",\"inLanguage\":\"fr-FR\",\"@id\":\"https:\/\/com-quotidiens.fr\/blog\/#\/schema\/person\/image\/\",\"url\":\"https:\/\/com-quotidiens.fr\/blog\/wp-content\/uploads\/2026\/06\/persona_theo-r-96x96.jpg\",\"contentUrl\":\"https:\/\/com-quotidiens.fr\/blog\/wp-content\/uploads\/2026\/06\/persona_theo-r-96x96.jpg\",\"caption\":\"Th\u00e9o R.\"},\"description\":\"Le web et la communication sont mon m\u00e9tier depuis une dizaine d'ann\u00e9es, entre r\u00e9daction, strat\u00e9gie de contenu et accompagnement de projets en ligne. J'\u00e9cris sur la cr\u00e9ation de site, le marketing digital, l'image de marque et le m\u00e9tier de r\u00e9dacteur web, avec l'envie de rendre ces sujets concrets pour les ind\u00e9pendants et les petites entreprises. J'aime expliquer comment se construit une pr\u00e9sence en ligne cr\u00e9dible, du choix des mots \u00e0 la coh\u00e9rence visuelle, sans recourir au jargon d'agence. Avant de recommander une m\u00e9thode ou un outil, je l'\u00e9prouve sur le terrain et je distingue ce qui marche vraiment des promesses \u00e0 la mode. Je me m\u00e9fie des recettes miracles en marketing, car aucune ne dispense de travail et de r\u00e9gularit\u00e9. Mon angle : donner des rep\u00e8res solides pour communiquer juste et b\u00e2tir une marque qui dure, \u00e0 hauteur de budgets r\u00e9els et d'\u00e9quipes r\u00e9duites.\",\"url\":\"https:\/\/com-quotidiens.fr\/blog\/auteur\/noname\/\",\"jobTitle\":\"R\u00e9dacteur en chef \u00b7 Web & Communication\",\"knowsAbout\":[\"Web\",\"Communication\"],\"email\":\"theo.r@clickbuzz.fr\"}]}<\/script>\n<!-- \/ Yoast SEO Premium plugin. -->","yoast_head_json":{"title":"Journaux fran\u00e7ais : les quotidiens nationaux les plus lus","description":"La liste des principaux journaux quotidiens fran\u00e7ais (nationaux et r\u00e9gionaux), class\u00e9s et pr\u00e9sent\u00e9s.","robots":{"index":"index","follow":"follow","max-snippet":"max-snippet:-1","max-image-preview":"max-image-preview:large","max-video-preview":"max-video-preview:-1"},"canonical":"https:\/\/com-quotidiens.fr\/blog\/a-la-une\/les-20-quotidiens-francais-les-plus-lus-en-2023-analyse-et-classement\/","og_locale":"fr_FR","og_type":"article","og_title":"Journaux fran\u00e7ais : les quotidiens nationaux les plus lus","og_description":"La liste des principaux journaux quotidiens fran\u00e7ais (nationaux et r\u00e9gionaux), class\u00e9s et pr\u00e9sent\u00e9s.","og_url":"https:\/\/com-quotidiens.fr\/blog\/a-la-une\/les-20-quotidiens-francais-les-plus-lus-en-2023-analyse-et-classement\/","og_site_name":"com-quotidiens","og_image":[{"width":1024,"height":576,"url":"https:\/\/com-quotidiens.fr\/blog\/wp-content\/uploads\/2025\/02\/stability-les-20-quotidiens-francais-les-plus-lus-en-2023-analyse-et-classement.png","type":"image\/png"}],"author":"Th\u00e9o R.","twitter_card":"summary_large_image","schema":{"@context":"https:\/\/schema.org","@graph":[{"@type":"NewsArticle","@id":"https:\/\/com-quotidiens.fr\/blog\/a-la-une\/les-20-quotidiens-francais-les-plus-lus-en-2023-analyse-et-classement\/#article","isPartOf":{"@id":"https:\/\/com-quotidiens.fr\/blog\/a-la-une\/les-20-quotidiens-francais-les-plus-lus-en-2023-analyse-et-classement\/"},"author":{"name":"Th\u00e9o R.","@id":"https:\/\/com-quotidiens.fr\/blog\/#\/schema\/person\/3c864cdc320801e3db34b663e7e3f816"},"headline":"Les 20 quotidiens fran\u00e7ais les plus lus en 2023 : Analyse et Classement","datePublished":"2026-06-19T11:54:52+00:00","mainEntityOfPage":{"@id":"https:\/\/com-quotidiens.fr\/blog\/a-la-une\/les-20-quotidiens-francais-les-plus-lus-en-2023-analyse-et-classement\/"},"wordCount":1429,"commentCount":15,"publisher":{"@id":"https:\/\/com-quotidiens.fr\/blog\/#organization"},"image":{"@id":"https:\/\/com-quotidiens.fr\/blog\/a-la-une\/les-20-quotidiens-francais-les-plus-lus-en-2023-analyse-et-classement\/#primaryimage"},"thumbnailUrl":"https:\/\/com-quotidiens.fr\/blog\/wp-content\/uploads\/2025\/02\/stability-les-20-quotidiens-francais-les-plus-lus-en-2023-analyse-et-classement.png","keywords":["France","Lecteurs","M\u00e9dias Num\u00e9riques","Opinion Publique","Popularit\u00e9","Quotidiens"],"articleSection":["\u00c0 la une"],"inLanguage":"fr-FR","potentialAction":[{"@type":"CommentAction","name":"Comment","target":["https:\/\/com-quotidiens.fr\/blog\/a-la-une\/les-20-quotidiens-francais-les-plus-lus-en-2023-analyse-et-classement\/#respond"]}]},{"@type":"WebPage","@id":"https:\/\/com-quotidiens.fr\/blog\/a-la-une\/les-20-quotidiens-francais-les-plus-lus-en-2023-analyse-et-classement\/","url":"https:\/\/com-quotidiens.fr\/blog\/a-la-une\/les-20-quotidiens-francais-les-plus-lus-en-2023-analyse-et-classement\/","name":"Journaux fran\u00e7ais : les quotidiens nationaux les plus lus","isPartOf":{"@id":"https:\/\/com-quotidiens.fr\/blog\/#website"},"primaryImageOfPage":{"@id":"https:\/\/com-quotidiens.fr\/blog\/a-la-une\/les-20-quotidiens-francais-les-plus-lus-en-2023-analyse-et-classement\/#primaryimage"},"image":{"@id":"https:\/\/com-quotidiens.fr\/blog\/a-la-une\/les-20-quotidiens-francais-les-plus-lus-en-2023-analyse-et-classement\/#primaryimage"},"thumbnailUrl":"https:\/\/com-quotidiens.fr\/blog\/wp-content\/uploads\/2025\/02\/stability-les-20-quotidiens-francais-les-plus-lus-en-2023-analyse-et-classement.png","datePublished":"2026-06-19T11:54:52+00:00","description":"La liste des principaux journaux quotidiens fran\u00e7ais (nationaux et r\u00e9gionaux), class\u00e9s et pr\u00e9sent\u00e9s.","inLanguage":"fr-FR","potentialAction":[{"@type":"ReadAction","target":["https:\/\/com-quotidiens.fr\/blog\/a-la-une\/les-20-quotidiens-francais-les-plus-lus-en-2023-analyse-et-classement\/"]}]},{"@type":"ImageObject","inLanguage":"fr-FR","@id":"https:\/\/com-quotidiens.fr\/blog\/a-la-une\/les-20-quotidiens-francais-les-plus-lus-en-2023-analyse-et-classement\/#primaryimage","url":"https:\/\/com-quotidiens.fr\/blog\/wp-content\/uploads\/2025\/02\/stability-les-20-quotidiens-francais-les-plus-lus-en-2023-analyse-et-classement.png","contentUrl":"https:\/\/com-quotidiens.fr\/blog\/wp-content\/uploads\/2025\/02\/stability-les-20-quotidiens-francais-les-plus-lus-en-2023-analyse-et-classement.png","width":1024,"height":576},{"@type":"WebSite","@id":"https:\/\/com-quotidiens.fr\/blog\/#website","url":"https:\/\/com-quotidiens.fr\/blog\/","name":"com-quotidiens.fr","description":"Com Quotidiens, l&#039;info communication au quotidien","publisher":{"@id":"https:\/\/com-quotidiens.fr\/blog\/#organization"},"alternateName":"Com Quotidiens, l'info communication au quotidien","potentialAction":[{"@type":"SearchAction","target":{"@type":"EntryPoint","urlTemplate":"https:\/\/com-quotidiens.fr\/blog\/?s={search_term_string}"},"query-input":{"@type":"PropertyValueSpecification","valueRequired":true,"valueName":"search_term_string"}}],"inLanguage":"fr-FR"},{"@type":"Organization","@id":"https:\/\/com-quotidiens.fr\/blog\/#organization","name":"Foretsensations.fr","url":"https:\/\/com-quotidiens.fr\/blog\/","logo":{"@type":"ImageObject","inLanguage":"fr-FR","@id":"https:\/\/com-quotidiens.fr\/blog\/#\/schema\/logo\/image\/","url":"https:\/\/com-quotidiens.fr\/blog\/wp-content\/uploads\/2024\/12\/26.png","contentUrl":"https:\/\/com-quotidiens.fr\/blog\/wp-content\/uploads\/2024\/12\/26.png","width":500,"height":500,"caption":"Foretsensations.fr"},"image":{"@id":"https:\/\/com-quotidiens.fr\/blog\/#\/schema\/logo\/image\/"}},{"@type":"Person","@id":"https:\/\/com-quotidiens.fr\/blog\/#\/schema\/person\/3c864cdc320801e3db34b663e7e3f816","name":"Th\u00e9o R.","image":{"@type":"ImageObject","inLanguage":"fr-FR","@id":"https:\/\/com-quotidiens.fr\/blog\/#\/schema\/person\/image\/","url":"https:\/\/com-quotidiens.fr\/blog\/wp-content\/uploads\/2026\/06\/persona_theo-r-96x96.jpg","contentUrl":"https:\/\/com-quotidiens.fr\/blog\/wp-content\/uploads\/2026\/06\/persona_theo-r-96x96.jpg","caption":"Th\u00e9o R."},"description":"Le web et la communication sont mon m\u00e9tier depuis une dizaine d'ann\u00e9es, entre r\u00e9daction, strat\u00e9gie de contenu et accompagnement de projets en ligne. J'\u00e9cris sur la cr\u00e9ation de site, le marketing digital, l'image de marque et le m\u00e9tier de r\u00e9dacteur web, avec l'envie de rendre ces sujets concrets pour les ind\u00e9pendants et les petites entreprises. J'aime expliquer comment se construit une pr\u00e9sence en ligne cr\u00e9dible, du choix des mots \u00e0 la coh\u00e9rence visuelle, sans recourir au jargon d'agence. Avant de recommander une m\u00e9thode ou un outil, je l'\u00e9prouve sur le terrain et je distingue ce qui marche vraiment des promesses \u00e0 la mode. Je me m\u00e9fie des recettes miracles en marketing, car aucune ne dispense de travail et de r\u00e9gularit\u00e9. Mon angle : donner des rep\u00e8res solides pour communiquer juste et b\u00e2tir une marque qui dure, \u00e0 hauteur de budgets r\u00e9els et d'\u00e9quipes r\u00e9duites.","url":"https:\/\/com-quotidiens.fr\/blog\/auteur\/noname\/","jobTitle":"R\u00e9dacteur en chef \u00b7 Web & Communication","knowsAbout":["Web","Communication"],"email":"theo.r@clickbuzz.fr"}]}},"_links":{"self":[{"href":"https:\/\/com-quotidiens.fr\/blog\/wp-json\/wp\/v2\/posts\/7421","targetHints":{"allow":["GET"]}}],"collection":[{"href":"https:\/\/com-quotidiens.fr\/blog\/wp-json\/wp\/v2\/posts"}],"about":[{"href":"https:\/\/com-quotidiens.fr\/blog\/wp-json\/wp\/v2\/types\/post"}],"author":[{"embeddable":true,"href":"https:\/\/com-quotidiens.fr\/blog\/wp-json\/wp\/v2\/users\/34"}],"replies":[{"embeddable":true,"href":"https:\/\/com-quotidiens.fr\/blog\/wp-json\/wp\/v2\/comments?post=7421"}],"version-history":[{"count":3,"href":"https:\/\/com-quotidiens.fr\/blog\/wp-json\/wp\/v2\/posts\/7421\/revisions"}],"predecessor-version":[{"id":7628,"href":"https:\/\/com-quotidiens.fr\/blog\/wp-json\/wp\/v2\/posts\/7421\/revisions\/7628"}],"wp:featuredmedia":[{"embeddable":true,"href":"https:\/\/com-quotidiens.fr\/blog\/wp-json\/wp\/v2\/media\/7422"}],"wp:attachment":[{"href":"https:\/\/com-quotidiens.fr\/blog\/wp-json\/wp\/v2\/media?parent=7421"}],"wp:term":[{"taxonomy":"category","embeddable":true,"href":"https:\/\/com-quotidiens.fr\/blog\/wp-json\/wp\/v2\/categories?post=7421"},{"taxonomy":"post_tag","embeddable":true,"href":"https:\/\/com-quotidiens.fr\/blog\/wp-json\/wp\/v2\/tags?post=7421"}],"curies":[{"name":"wp","href":"https:\/\/api.w.org\/{rel}","templated":true}]}}