{"id":7417,"date":"2026-06-19T13:59:45","date_gmt":"2026-06-19T11:59:45","guid":{"rendered":"https:\/\/com-quotidiens.fr\/blog\/?p=7417"},"modified":"2026-06-19T13:59:45","modified_gmt":"2026-06-19T11:59:45","slug":"les-quotidiens-belges-un-panorama-des-medias-dinformation-en-belgique","status":"publish","type":"post","link":"https:\/\/com-quotidiens.fr\/blog\/a-la-une\/les-quotidiens-belges-un-panorama-des-medias-dinformation-en-belgique\/","title":{"rendered":"Les quotidiens belges : un panorama des m\u00e9dias d&rsquo;information en Belgique"},"content":{"rendered":"<link rel=\"stylesheet\" href=\"https:\/\/fonts.googleapis.com\/css2?family=Space+Grotesk:wght@500;600;700&#038;family=Inter:wght@400;500;600&#038;family=JetBrains+Mono:wght@500&#038;display=swap\">\n<style>\n.cqb-brief-wrap{font-family:'Inter',system-ui,sans-serif;color:#1c2430;line-height:1.68;font-size:17px;max-width:760px;margin:0 auto}\n.cqb-brief-wrap h2{font-family:'Space Grotesk','Inter',sans-serif;font-weight:700;font-size:clamp(23px,3.1vw,32px);letter-spacing:-.02em;color:#10202f;margin:48px 0 14px;line-height:1.22}\n.cqb-brief-wrap h3{font-family:'Space Grotesk','Inter',sans-serif;font-weight:600;font-size:clamp(18px,2.2vw,21px);color:#10202f;margin:26px 0 8px}\n.cqb-brief-wrap p{margin:0 0 16px}\n.cqb-brief-kicker{font-family:'JetBrains Mono',monospace;font-size:12px;font-weight:500;letter-spacing:.14em;text-transform:uppercase;color:#b91c2c;margin:0 0 6px}\n.cqb-brief-enbref{background:#fbf3f3;border:1px solid #f0d4d6;border-left:5px solid #b91c2c;border-radius:12px;padding:22px 26px;margin:26px 0 34px}\n.cqb-brief-enbref .cqb-brief-lead{font-family:'Space Grotesk','Inter',sans-serif;font-size:19px;font-weight:600;color:#10202f;margin:0 0 12px;line-height:1.45}\n.cqb-brief-enbref ul{margin:10px 0 0;padding-left:0;list-style:none}\n.cqb-brief-enbref li{position:relative;padding-left:24px;margin:0 0 9px;font-size:15.5px}\n.cqb-brief-enbref li:before{content:\"\u203a\";position:absolute;left:4px;top:-1px;color:#b91c2c;font-weight:700;font-size:18px}\n.cqb-brief-grid{display:grid;grid-template-columns:repeat(auto-fit,minmax(220px,1fr));gap:20px;margin:24px 0 8px}\n.cqb-brief-card{border:1px solid #e4e8ee;border-top:3px solid #b91c2c;border-radius:12px;padding:20px 22px;background:#fff;box-shadow:0 1px 2px rgba(16,24,40,.05),0 12px 28px -18px rgba(16,24,40,.16);transition:transform .25s ease,box-shadow .25s ease}\n.cqb-brief-card:hover{transform:translateY(-3px);box-shadow:0 1px 2px rgba(16,24,40,.06),0 18px 36px -18px rgba(16,24,40,.24)}\n.cqb-brief-card .cqb-brief-cn{font-family:'Space Grotesk','Inter',sans-serif;font-weight:700;font-size:18px;color:#10202f;display:block;margin:0 0 4px}\n.cqb-brief-card .cqb-brief-lang{font-family:'JetBrains Mono',monospace;font-size:11px;letter-spacing:.08em;text-transform:uppercase;color:#7a8597;display:block;margin:0 0 10px}\n.cqb-brief-card .cqb-brief-desc{font-size:14.5px;color:#3a4452;line-height:1.55}\n.cqb-brief-tablewrap{border:1px solid #e4e8ee;border-radius:12px;overflow:hidden;margin:24px 0}\n.cqb-brief-tablewrap table{border-collapse:collapse;width:100%;font-size:15px}\n.cqb-brief-tablewrap th{background:#10202f;color:#fff;text-align:left;padding:12px 16px;font-family:'Space Grotesk','Inter',sans-serif;font-weight:600;font-size:13.5px;letter-spacing:.02em}\n.cqb-brief-tablewrap td{padding:11px 16px;border-top:1px solid #eef1f5;color:#2a3340}\n.cqb-brief-tablewrap tr:nth-child(even) td{background:#f9fafb}\n.cqb-brief-attn{background:#fff8ec;border:1px solid #f3e0b8;border-left:5px solid #d99a17;border-radius:12px;padding:18px 22px;margin:28px 0}\n.cqb-brief-attn .cqb-brief-at{font-family:'Space Grotesk','Inter',sans-serif;font-weight:600;color:#8a5d04;margin:0 0 6px;font-size:16px}\n.cqb-brief-attn .cqb-brief-atx{margin:0;font-size:15.5px;color:#5c4a26;line-height:1.6}\n.cqb-brief-takeaway{background:#10202f;border-radius:14px;padding:24px 28px;margin:36px 0;color:#e8edf3}\n.cqb-brief-takeaway .cqb-brief-tt{font-family:'Space Grotesk','Inter',sans-serif;font-weight:700;font-size:18px;color:#fff!important;margin:0 0 12px}\n.cqb-brief-takeaway ul{margin:0;padding-left:0;list-style:none}\n.cqb-brief-takeaway li{position:relative;padding-left:24px;margin:0 0 9px;font-size:15.5px;color:#e8edf3!important}\n.cqb-brief-takeaway li:before{content:\"\u2713\";position:absolute;left:0;top:0;color:#f3b3b8!important;font-weight:700}\n.cqb-brief-faq{margin:18px 0 0}\n.cqb-brief-faq details{border:1px solid #e4e8ee;border-radius:10px;padding:0;margin:0 0 12px;background:#fff;overflow:hidden}\n.cqb-brief-faq summary{cursor:pointer;padding:15px 20px;font-family:'Space Grotesk','Inter',sans-serif;font-weight:600;font-size:16px;color:#10202f;list-style:none;position:relative;padding-right:46px}\n.cqb-brief-faq summary:before{content:\"+\";position:absolute;right:20px;top:13px;color:#b91c2c;font-size:22px;font-weight:700}\n.cqb-brief-faq details[open] summary:before{content:\"\u2013\"}\n.cqb-brief-faq details[open] summary{border-bottom:1px solid #eef1f5}\n.cqb-brief-faq .cqb-brief-ans{padding:14px 20px 18px;font-size:15.5px;color:#3a4452}\n.cqb-brief-ytcard{border:1px solid #e6e8ee;border-radius:14px;padding:16px 18px;margin:26px 0;background:#fafbfc}\n.cqb-brief-ythead{display:flex;align-items:center;gap:9px;margin-bottom:11px}\n.cqb-brief-ytbadge{font-size:11px;font-weight:700;letter-spacing:.05em;color:#fff;background:#FF0000;padding:3px 9px;border-radius:6px}\n.cqb-brief-ytch{font-size:13px;color:#667085;font-weight:600}\n.cqb-brief-img{margin:24px 0}\n.cqb-brief-img img{width:100%;height:auto;border-radius:12px;display:block}\n@media(max-width:640px){.cqb-brief-wrap{font-size:16px}}\n<\/style>\n<div class=\"cqb-brief-wrap\">\n<p class=\"cqb-brief-kicker\">M\u00e9dias \u00b7 Belgique<\/p>\n<p>Petit pays, paysage de presse dense : la Belgique compte plusieurs quotidiens de r\u00e9f\u00e9rence, r\u00e9partis de part et d&rsquo;autre de la fronti\u00e8re linguistique. C\u00f4t\u00e9 francophone comme n\u00e9erlandophone, ces titres structurent le d\u00e9bat public et accompagnent leur lectorat dans une transition num\u00e9rique d\u00e9sormais bien engag\u00e9e.<\/p>\n<div class=\"cqb-brief-enbref\">\n<div class=\"cqb-brief-lead\">La presse quotidienne belge se lit dans deux grandes communaut\u00e9s linguistiques. C\u00f4t\u00e9 francophone, <strong>Le Soir<\/strong> et <strong>La Libre Belgique<\/strong> font figure de r\u00e9f\u00e9rences ; c\u00f4t\u00e9 n\u00e9erlandophone, <strong>De Standaard<\/strong> et <strong>Het Laatste Nieuws<\/strong> dominent. Une troisi\u00e8me communaut\u00e9, germanophone, dispose elle aussi de sa propre presse.<\/div>\n<ul>\n<li>Un march\u00e9 segment\u00e9 par la langue : titres francophones, n\u00e9erlandophones et germanophones.<\/li>\n<li>Des r\u00e9f\u00e9rences d&rsquo;analyse (Le Soir, La Libre, De Standaard) et un grand titre populaire (Het Laatste Nieuws).<\/li>\n<li>Une bascule vers le web et les abonnements num\u00e9riques pour tous les \u00e9diteurs.<\/li>\n<li>Les r\u00e9seaux sociaux \u00e9largissent l&rsquo;audience mais posent la question de la fiabilit\u00e9.<\/li>\n<\/ul>\n<\/div>\n<h2>Un paysage de presse fa\u00e7onn\u00e9 par la fronti\u00e8re linguistique<\/h2>\n<p>La particularit\u00e9 de la presse belge tient d&rsquo;abord \u00e0 la g\u00e9ographie linguistique du pays. La Belgique est organis\u00e9e autour de trois communaut\u00e9s \u2014 francophone (essentiellement en Wallonie et \u00e0 Bruxelles), n\u00e9erlandophone (en Flandre) et germanophone (\u00e0 l&rsquo;est) \u2014 et son paysage m\u00e9diatique \u00e9pouse cette division. Il n&rsquo;existe donc pas un \u00ab march\u00e9 belge \u00bb unique de la presse quotidienne, mais des march\u00e9s parall\u00e8les, chacun avec ses titres, son lectorat et ses sensibilit\u00e9s \u00e9ditoriales.<\/p>\n<p>Cette structure explique qu&rsquo;un lecteur flamand et un lecteur wallon ne partagent pas forc\u00e9ment les m\u00eames journaux du matin, m\u00eame lorsqu&rsquo;ils traitent des m\u00eames sujets nationaux. Comprendre la presse belge, c&rsquo;est donc d&rsquo;abord reconna\u00eetre cette double, voire triple, sc\u00e8ne m\u00e9diatique.<\/p>\n<h2>Les principaux quotidiens belges<\/h2>\n<p>Plusieurs titres font autorit\u00e9 de chaque c\u00f4t\u00e9 de la fronti\u00e8re linguistique. En voici quelques-uns parmi les plus identifiables.<\/p>\n<div class=\"cqb-brief-grid\">\n<div class=\"cqb-brief-card\">\n    <span class=\"cqb-brief-cn\">Le Soir<\/span><br \/>\n    <span class=\"cqb-brief-lang\">Francophone<\/span><br \/>\n    <span class=\"cqb-brief-desc\">Quotidien de r\u00e9f\u00e9rence c\u00f4t\u00e9 francophone, reconnu pour son traitement analytique de l&rsquo;actualit\u00e9 nationale et internationale.<\/span>\n  <\/div>\n<div class=\"cqb-brief-card\">\n    <span class=\"cqb-brief-cn\">La Libre Belgique<\/span><br \/>\n    <span class=\"cqb-brief-lang\">Francophone<\/span><br \/>\n    <span class=\"cqb-brief-desc\">Autre grand titre francophone, appr\u00e9ci\u00e9 pour ses analyses approfondies et la diversit\u00e9 de ses points de vue.<\/span>\n  <\/div>\n<div class=\"cqb-brief-card\">\n    <span class=\"cqb-brief-cn\">De Standaard<\/span><br \/>\n    <span class=\"cqb-brief-lang\">N\u00e9erlandophone<\/span><br \/>\n    <span class=\"cqb-brief-desc\">Quotidien flamand de r\u00e9f\u00e9rence, qui couvre aussi bien la politique que la culture avec une exigence \u00e9ditoriale marqu\u00e9e.<\/span>\n  <\/div>\n<div class=\"cqb-brief-card\">\n    <span class=\"cqb-brief-cn\">Het Laatste Nieuws<\/span><br \/>\n    <span class=\"cqb-brief-lang\">N\u00e9erlandophone<\/span><br \/>\n    <span class=\"cqb-brief-desc\">Grand titre populaire en n\u00e9erlandais, au ton accessible et aux sujets vari\u00e9s, parmi les plus diffus\u00e9s de Flandre.<\/span>\n  <\/div>\n<\/div>\n<h2>La transition num\u00e9rique des quotidiens<\/h2>\n<p>Avec l&rsquo;essor d&rsquo;Internet, les quotidiens belges ont d\u00fb repenser leur mod\u00e8le. Une part croissante du lectorat s&rsquo;informe d\u00e9sormais sur les plateformes num\u00e9riques, ce qui pose une question simple mais structurante : comment continuer \u00e0 produire une information de qualit\u00e9 tout en la finan\u00e7ant ?<\/p>\n<div class=\"cqb-brief-img\">\n<img decoding=\"async\" width=\"1024\" height=\"576\" src=\"https:\/\/com-quotidiens.fr\/blog\/wp-content\/uploads\/2025\/02\/stability-les-quotidiens-belges-un-panorama-des-medias-dinformation-en-belgique-1.png\" class=\"aligncenter\" alt=\"Illustration sur les quotidiens belges et les m\u00e9dias d'information en Belgique\" title=\"Les quotidiens belges : un panorama des m\u00e9dias d'information en Belgique\" loading=\"lazy\" \/>\n<\/div>\n<p>La plupart des titres ont d\u00e9velopp\u00e9 des sites web et des applications mobiles, et misent de plus en plus sur l&rsquo;abonnement num\u00e9rique comme source de revenus. <strong>Le Soir<\/strong>, par exemple, propose une \u00e9dition en ligne enrichie de contenus multim\u00e9dias permettant de suivre l&rsquo;actualit\u00e9 en continu. Cette mont\u00e9e des formules payantes en ligne illustre l&rsquo;\u00e9volution des habitudes de lecture, du papier vers l&rsquo;\u00e9cran.<\/p>\n<div class=\"cqb-brief-ytcard\">\n<div class=\"cqb-brief-ythead\">\n    <span class=\"cqb-brief-ytbadge\">\u25b6 YouTube<\/span><br \/>\n    <span class=\"cqb-brief-ytch\">Vid\u00e9o<\/span>\n  <\/div>\n<p>  <iframe loading=\"lazy\" title=\"Brigitte Macron danse comme un robot \u00e0 l&#039;Elys\u00e9e\" width=\"1200\" height=\"900\" src=\"https:\/\/www.youtube.com\/embed\/AHPqooP_ePo?feature=oembed\" frameborder=\"0\" allow=\"accelerometer; autoplay; clipboard-write; encrypted-media; gyroscope; picture-in-picture; web-share\" referrerpolicy=\"strict-origin-when-cross-origin\" allowfullscreen><\/iframe>\n<\/div>\n<h2>L&rsquo;impact des r\u00e9seaux sociaux sur l&rsquo;information<\/h2>\n<p>Les r\u00e9seaux sociaux ont profond\u00e9ment modifi\u00e9 la fa\u00e7on dont les Belges acc\u00e8dent \u00e0 l&rsquo;actualit\u00e9. Les r\u00e9dactions s&rsquo;en servent pour diffuser leurs articles et dialoguer avec leur audience, ce qui \u00e9largit consid\u00e9rablement leur port\u00e9e. Mais cette m\u00eame rapidit\u00e9 de diffusion peut favoriser la circulation d&rsquo;informations non v\u00e9rifi\u00e9es.<\/p>\n<div class=\"cqb-brief-attn\">\n<div class=\"cqb-brief-at\">\u00c0 garder en t\u00eate<\/div>\n<div class=\"cqb-brief-atx\">Plus l&rsquo;information circule vite, plus la v\u00e9rification des faits devient d\u00e9terminante. C&rsquo;est pr\u00e9cis\u00e9ment sur ce terrain \u2014 fiabilit\u00e9, recoupement, responsabilit\u00e9 \u00e9ditoriale \u2014 que les quotidiens \u00e9tablis cherchent \u00e0 conserver leur valeur face aux flux des plateformes.<\/div>\n<\/div>\n<p>Pour les m\u00e9dias traditionnels, l&rsquo;enjeu est donc double : \u00eatre pr\u00e9sents l\u00e0 o\u00f9 se trouve l&rsquo;audience tout en pr\u00e9servant la cr\u00e9dibilit\u00e9 qui fait leur raison d&rsquo;\u00eatre.<\/p>\n<h2>Tableau r\u00e9capitulatif<\/h2>\n<div class=\"cqb-brief-tablewrap\">\n<table>\n<tr>\n<th>Quotidien<\/th>\n<th>Langue<\/th>\n<th>Profil \u00e9ditorial<\/th>\n<\/tr>\n<tr>\n<td>Le Soir<\/td>\n<td>Fran\u00e7ais<\/td>\n<td>Analyse, opinion<\/td>\n<\/tr>\n<tr>\n<td>La Libre Belgique<\/td>\n<td>Fran\u00e7ais<\/td>\n<td>Analyse, reportages<\/td>\n<\/tr>\n<tr>\n<td>De Standaard<\/td>\n<td>N\u00e9erlandais<\/td>\n<td>Actualit\u00e9s, culture<\/td>\n<\/tr>\n<tr>\n<td>Het Laatste Nieuws<\/td>\n<td>N\u00e9erlandais<\/td>\n<td>Actualit\u00e9 grand public<\/td>\n<\/tr>\n<\/table>\n<\/div>\n<div class=\"cqb-brief-takeaway\">\n<div class=\"cqb-brief-tt\">\u00c0 retenir<\/div>\n<ul>\n<li>La presse quotidienne belge se structure autour de la fronti\u00e8re linguistique FR \/ NL (et d&rsquo;une communaut\u00e9 germanophone).<\/li>\n<li>C\u00f4t\u00e9 francophone, Le Soir et La Libre Belgique font r\u00e9f\u00e9rence ; c\u00f4t\u00e9 n\u00e9erlandophone, De Standaard et Het Laatste Nieuws.<\/li>\n<li>Tous les \u00e9diteurs ont bascul\u00e9 vers le web et misent sur l&rsquo;abonnement num\u00e9rique.<\/li>\n<li>Les r\u00e9seaux sociaux \u00e9tendent l&rsquo;audience mais renforcent l&rsquo;enjeu de la v\u00e9rification des faits.<\/li>\n<\/ul>\n<\/div>\n<h2>Questions fr\u00e9quentes<\/h2>\n<div class=\"cqb-brief-faq\">\n<details>\n<summary>Quels sont les principaux quotidiens belges ?<\/summary>\n<div class=\"cqb-brief-ans\">C\u00f4t\u00e9 francophone, Le Soir et La Libre Belgique figurent parmi les titres de r\u00e9f\u00e9rence. C\u00f4t\u00e9 n\u00e9erlandophone, De Standaard et Het Laatste Nieuws comptent parmi les plus identifiables.<\/div>\n<\/details>\n<details>\n<summary>Pourquoi la presse belge est-elle divis\u00e9e par la langue ?<\/summary>\n<div class=\"cqb-brief-ans\">Parce que le pays s&rsquo;organise autour de communaut\u00e9s linguistiques distinctes \u2014 francophone, n\u00e9erlandophone et germanophone. Chaque communaut\u00e9 dispose de ses propres titres et de son propre lectorat, d&rsquo;o\u00f9 des march\u00e9s de presse parall\u00e8les.<\/div>\n<\/details>\n<details>\n<summary>Comment les quotidiens belges s&rsquo;adaptent-ils au num\u00e9rique ?<\/summary>\n<div class=\"cqb-brief-ans\">Ils ont d\u00e9velopp\u00e9 des sites web et des applications mobiles et d\u00e9veloppent les abonnements num\u00e9riques, qui deviennent une source de revenus essentielle \u00e0 mesure que la lecture migre du papier vers l&rsquo;\u00e9cran.<\/div>\n<\/details>\n<details>\n<summary>Quel r\u00f4le jouent les r\u00e9seaux sociaux ?<\/summary>\n<div class=\"cqb-brief-ans\">Ils augmentent fortement la port\u00e9e des articles et facilitent l&rsquo;interaction avec le public, mais accentuent le risque de d\u00e9sinformation, ce qui place la v\u00e9rification des faits au c\u0153ur du travail des r\u00e9dactions.<\/div>\n<\/details>\n<\/div>\n<\/div>\n","protected":false},"excerpt":{"rendered":"","protected":false},"author":34,"featured_media":7418,"comment_status":"open","ping_status":"open","sticky":false,"template":"","format":"standard","meta":{"_acf_changed":false,"manual_indexmenow":false,"indexmenow_id_project":0,"footnotes":""},"categories":[1],"tags":[4621,4622,4566,4535,4556,4561],"class_list":["post-7417","post","type-post","status-publish","format-standard","has-post-thumbnail","hentry","category-a-la-une","tag-belgique","tag-digitalisation","tag-information","tag-medias","tag-quotidiens","tag-reseaux-sociaux","generate-columns","tablet-grid-50","mobile-grid-100","grid-parent","grid-25"],"acf":[],"yoast_head":"<!-- This site is optimized with the Yoast SEO Premium plugin v21.3 (Yoast SEO v25.6) - https:\/\/yoast.com\/wordpress\/plugins\/seo\/ -->\n<title>Les quotidiens belges : panorama des m\u00e9dias d&#039;information<\/title>\n<meta name=\"description\" content=\"Petit pays, presse dense : la Belgique compte plusieurs quotidiens de r\u00e9f\u00e9rence, francophones et n\u00e9erlandophones, qui structurent le d\u00e9bat public.\" \/>\n<meta name=\"robots\" content=\"index, follow, max-snippet:-1, max-image-preview:large, max-video-preview:-1\" \/>\n<link rel=\"canonical\" href=\"https:\/\/com-quotidiens.fr\/blog\/a-la-une\/les-quotidiens-belges-un-panorama-des-medias-dinformation-en-belgique\/\" \/>\n<meta property=\"og:locale\" content=\"fr_FR\" \/>\n<meta property=\"og:type\" content=\"article\" \/>\n<meta property=\"og:title\" content=\"Les quotidiens belges : panorama des m\u00e9dias d&#039;information\" \/>\n<meta property=\"og:description\" content=\"Petit pays, presse dense : la Belgique compte plusieurs quotidiens de r\u00e9f\u00e9rence, francophones et n\u00e9erlandophones, qui structurent le d\u00e9bat public.\" \/>\n<meta property=\"og:url\" content=\"https:\/\/com-quotidiens.fr\/blog\/a-la-une\/les-quotidiens-belges-un-panorama-des-medias-dinformation-en-belgique\/\" \/>\n<meta property=\"og:site_name\" content=\"com-quotidiens\" \/>\n<meta property=\"og:image\" content=\"https:\/\/com-quotidiens.fr\/blog\/wp-content\/uploads\/2025\/02\/stability-les-quotidiens-belges-un-panorama-des-medias-dinformation-en-belgique.png\" \/>\n\t<meta property=\"og:image:width\" content=\"1024\" \/>\n\t<meta property=\"og:image:height\" content=\"576\" \/>\n\t<meta property=\"og:image:type\" content=\"image\/png\" \/>\n<meta name=\"author\" content=\"Th\u00e9o R.\" \/>\n<meta name=\"twitter:card\" content=\"summary_large_image\" \/>\n<script type=\"application\/ld+json\" class=\"yoast-schema-graph\">{\"@context\":\"https:\/\/schema.org\",\"@graph\":[{\"@type\":\"NewsArticle\",\"@id\":\"https:\/\/com-quotidiens.fr\/blog\/a-la-une\/les-quotidiens-belges-un-panorama-des-medias-dinformation-en-belgique\/#article\",\"isPartOf\":{\"@id\":\"https:\/\/com-quotidiens.fr\/blog\/a-la-une\/les-quotidiens-belges-un-panorama-des-medias-dinformation-en-belgique\/\"},\"author\":{\"name\":\"Th\u00e9o R.\",\"@id\":\"https:\/\/com-quotidiens.fr\/blog\/#\/schema\/person\/3c864cdc320801e3db34b663e7e3f816\"},\"headline\":\"Les quotidiens belges : un panorama des m\u00e9dias d&rsquo;information en Belgique\",\"datePublished\":\"2026-06-19T11:59:45+00:00\",\"mainEntityOfPage\":{\"@id\":\"https:\/\/com-quotidiens.fr\/blog\/a-la-une\/les-quotidiens-belges-un-panorama-des-medias-dinformation-en-belgique\/\"},\"wordCount\":1000,\"commentCount\":24,\"publisher\":{\"@id\":\"https:\/\/com-quotidiens.fr\/blog\/#organization\"},\"image\":{\"@id\":\"https:\/\/com-quotidiens.fr\/blog\/a-la-une\/les-quotidiens-belges-un-panorama-des-medias-dinformation-en-belgique\/#primaryimage\"},\"thumbnailUrl\":\"https:\/\/com-quotidiens.fr\/blog\/wp-content\/uploads\/2025\/02\/stability-les-quotidiens-belges-un-panorama-des-medias-dinformation-en-belgique.png\",\"keywords\":[\"Belgique\",\"Digitalisation\",\"Information\",\"M\u00e9dias\",\"Quotidiens\",\"R\u00e9seaux sociaux\"],\"articleSection\":[\"\u00c0 la une\"],\"inLanguage\":\"fr-FR\",\"potentialAction\":[{\"@type\":\"CommentAction\",\"name\":\"Comment\",\"target\":[\"https:\/\/com-quotidiens.fr\/blog\/a-la-une\/les-quotidiens-belges-un-panorama-des-medias-dinformation-en-belgique\/#respond\"]}]},{\"@type\":\"WebPage\",\"@id\":\"https:\/\/com-quotidiens.fr\/blog\/a-la-une\/les-quotidiens-belges-un-panorama-des-medias-dinformation-en-belgique\/\",\"url\":\"https:\/\/com-quotidiens.fr\/blog\/a-la-une\/les-quotidiens-belges-un-panorama-des-medias-dinformation-en-belgique\/\",\"name\":\"Les quotidiens belges : panorama des m\u00e9dias d'information\",\"isPartOf\":{\"@id\":\"https:\/\/com-quotidiens.fr\/blog\/#website\"},\"primaryImageOfPage\":{\"@id\":\"https:\/\/com-quotidiens.fr\/blog\/a-la-une\/les-quotidiens-belges-un-panorama-des-medias-dinformation-en-belgique\/#primaryimage\"},\"image\":{\"@id\":\"https:\/\/com-quotidiens.fr\/blog\/a-la-une\/les-quotidiens-belges-un-panorama-des-medias-dinformation-en-belgique\/#primaryimage\"},\"thumbnailUrl\":\"https:\/\/com-quotidiens.fr\/blog\/wp-content\/uploads\/2025\/02\/stability-les-quotidiens-belges-un-panorama-des-medias-dinformation-en-belgique.png\",\"datePublished\":\"2026-06-19T11:59:45+00:00\",\"description\":\"Petit pays, presse dense : la Belgique compte plusieurs quotidiens de r\u00e9f\u00e9rence, francophones et n\u00e9erlandophones, qui structurent le d\u00e9bat public.\",\"inLanguage\":\"fr-FR\",\"potentialAction\":[{\"@type\":\"ReadAction\",\"target\":[\"https:\/\/com-quotidiens.fr\/blog\/a-la-une\/les-quotidiens-belges-un-panorama-des-medias-dinformation-en-belgique\/\"]}]},{\"@type\":\"ImageObject\",\"inLanguage\":\"fr-FR\",\"@id\":\"https:\/\/com-quotidiens.fr\/blog\/a-la-une\/les-quotidiens-belges-un-panorama-des-medias-dinformation-en-belgique\/#primaryimage\",\"url\":\"https:\/\/com-quotidiens.fr\/blog\/wp-content\/uploads\/2025\/02\/stability-les-quotidiens-belges-un-panorama-des-medias-dinformation-en-belgique.png\",\"contentUrl\":\"https:\/\/com-quotidiens.fr\/blog\/wp-content\/uploads\/2025\/02\/stability-les-quotidiens-belges-un-panorama-des-medias-dinformation-en-belgique.png\",\"width\":1024,\"height\":576},{\"@type\":\"WebSite\",\"@id\":\"https:\/\/com-quotidiens.fr\/blog\/#website\",\"url\":\"https:\/\/com-quotidiens.fr\/blog\/\",\"name\":\"com-quotidiens.fr\",\"description\":\"Com Quotidiens, l&#039;info communication au quotidien\",\"publisher\":{\"@id\":\"https:\/\/com-quotidiens.fr\/blog\/#organization\"},\"alternateName\":\"Com Quotidiens, l'info communication au quotidien\",\"potentialAction\":[{\"@type\":\"SearchAction\",\"target\":{\"@type\":\"EntryPoint\",\"urlTemplate\":\"https:\/\/com-quotidiens.fr\/blog\/?s={search_term_string}\"},\"query-input\":{\"@type\":\"PropertyValueSpecification\",\"valueRequired\":true,\"valueName\":\"search_term_string\"}}],\"inLanguage\":\"fr-FR\"},{\"@type\":\"Organization\",\"@id\":\"https:\/\/com-quotidiens.fr\/blog\/#organization\",\"name\":\"Foretsensations.fr\",\"url\":\"https:\/\/com-quotidiens.fr\/blog\/\",\"logo\":{\"@type\":\"ImageObject\",\"inLanguage\":\"fr-FR\",\"@id\":\"https:\/\/com-quotidiens.fr\/blog\/#\/schema\/logo\/image\/\",\"url\":\"https:\/\/com-quotidiens.fr\/blog\/wp-content\/uploads\/2024\/12\/26.png\",\"contentUrl\":\"https:\/\/com-quotidiens.fr\/blog\/wp-content\/uploads\/2024\/12\/26.png\",\"width\":500,\"height\":500,\"caption\":\"Foretsensations.fr\"},\"image\":{\"@id\":\"https:\/\/com-quotidiens.fr\/blog\/#\/schema\/logo\/image\/\"}},{\"@type\":\"Person\",\"@id\":\"https:\/\/com-quotidiens.fr\/blog\/#\/schema\/person\/3c864cdc320801e3db34b663e7e3f816\",\"name\":\"Th\u00e9o R.\",\"image\":{\"@type\":\"ImageObject\",\"inLanguage\":\"fr-FR\",\"@id\":\"https:\/\/com-quotidiens.fr\/blog\/#\/schema\/person\/image\/\",\"url\":\"https:\/\/com-quotidiens.fr\/blog\/wp-content\/uploads\/2026\/06\/persona_theo-r-96x96.jpg\",\"contentUrl\":\"https:\/\/com-quotidiens.fr\/blog\/wp-content\/uploads\/2026\/06\/persona_theo-r-96x96.jpg\",\"caption\":\"Th\u00e9o R.\"},\"description\":\"Le web et la communication sont mon m\u00e9tier depuis une dizaine d'ann\u00e9es, entre r\u00e9daction, strat\u00e9gie de contenu et accompagnement de projets en ligne. J'\u00e9cris sur la cr\u00e9ation de site, le marketing digital, l'image de marque et le m\u00e9tier de r\u00e9dacteur web, avec l'envie de rendre ces sujets concrets pour les ind\u00e9pendants et les petites entreprises. J'aime expliquer comment se construit une pr\u00e9sence en ligne cr\u00e9dible, du choix des mots \u00e0 la coh\u00e9rence visuelle, sans recourir au jargon d'agence. Avant de recommander une m\u00e9thode ou un outil, je l'\u00e9prouve sur le terrain et je distingue ce qui marche vraiment des promesses \u00e0 la mode. Je me m\u00e9fie des recettes miracles en marketing, car aucune ne dispense de travail et de r\u00e9gularit\u00e9. Mon angle : donner des rep\u00e8res solides pour communiquer juste et b\u00e2tir une marque qui dure, \u00e0 hauteur de budgets r\u00e9els et d'\u00e9quipes r\u00e9duites.\",\"url\":\"https:\/\/com-quotidiens.fr\/blog\/auteur\/noname\/\",\"jobTitle\":\"R\u00e9dacteur en chef \u00b7 Web & Communication\",\"knowsAbout\":[\"Web\",\"Communication\"],\"email\":\"theo.r@clickbuzz.fr\"}]}<\/script>\n<!-- \/ Yoast SEO Premium plugin. -->","yoast_head_json":{"title":"Les quotidiens belges : panorama des m\u00e9dias d'information","description":"Petit pays, presse dense : la Belgique compte plusieurs quotidiens de r\u00e9f\u00e9rence, francophones et n\u00e9erlandophones, qui structurent le d\u00e9bat public.","robots":{"index":"index","follow":"follow","max-snippet":"max-snippet:-1","max-image-preview":"max-image-preview:large","max-video-preview":"max-video-preview:-1"},"canonical":"https:\/\/com-quotidiens.fr\/blog\/a-la-une\/les-quotidiens-belges-un-panorama-des-medias-dinformation-en-belgique\/","og_locale":"fr_FR","og_type":"article","og_title":"Les quotidiens belges : panorama des m\u00e9dias d'information","og_description":"Petit pays, presse dense : la Belgique compte plusieurs quotidiens de r\u00e9f\u00e9rence, francophones et n\u00e9erlandophones, qui structurent le d\u00e9bat public.","og_url":"https:\/\/com-quotidiens.fr\/blog\/a-la-une\/les-quotidiens-belges-un-panorama-des-medias-dinformation-en-belgique\/","og_site_name":"com-quotidiens","og_image":[{"width":1024,"height":576,"url":"https:\/\/com-quotidiens.fr\/blog\/wp-content\/uploads\/2025\/02\/stability-les-quotidiens-belges-un-panorama-des-medias-dinformation-en-belgique.png","type":"image\/png"}],"author":"Th\u00e9o R.","twitter_card":"summary_large_image","schema":{"@context":"https:\/\/schema.org","@graph":[{"@type":"NewsArticle","@id":"https:\/\/com-quotidiens.fr\/blog\/a-la-une\/les-quotidiens-belges-un-panorama-des-medias-dinformation-en-belgique\/#article","isPartOf":{"@id":"https:\/\/com-quotidiens.fr\/blog\/a-la-une\/les-quotidiens-belges-un-panorama-des-medias-dinformation-en-belgique\/"},"author":{"name":"Th\u00e9o R.","@id":"https:\/\/com-quotidiens.fr\/blog\/#\/schema\/person\/3c864cdc320801e3db34b663e7e3f816"},"headline":"Les quotidiens belges : un panorama des m\u00e9dias d&rsquo;information en Belgique","datePublished":"2026-06-19T11:59:45+00:00","mainEntityOfPage":{"@id":"https:\/\/com-quotidiens.fr\/blog\/a-la-une\/les-quotidiens-belges-un-panorama-des-medias-dinformation-en-belgique\/"},"wordCount":1000,"commentCount":24,"publisher":{"@id":"https:\/\/com-quotidiens.fr\/blog\/#organization"},"image":{"@id":"https:\/\/com-quotidiens.fr\/blog\/a-la-une\/les-quotidiens-belges-un-panorama-des-medias-dinformation-en-belgique\/#primaryimage"},"thumbnailUrl":"https:\/\/com-quotidiens.fr\/blog\/wp-content\/uploads\/2025\/02\/stability-les-quotidiens-belges-un-panorama-des-medias-dinformation-en-belgique.png","keywords":["Belgique","Digitalisation","Information","M\u00e9dias","Quotidiens","R\u00e9seaux sociaux"],"articleSection":["\u00c0 la une"],"inLanguage":"fr-FR","potentialAction":[{"@type":"CommentAction","name":"Comment","target":["https:\/\/com-quotidiens.fr\/blog\/a-la-une\/les-quotidiens-belges-un-panorama-des-medias-dinformation-en-belgique\/#respond"]}]},{"@type":"WebPage","@id":"https:\/\/com-quotidiens.fr\/blog\/a-la-une\/les-quotidiens-belges-un-panorama-des-medias-dinformation-en-belgique\/","url":"https:\/\/com-quotidiens.fr\/blog\/a-la-une\/les-quotidiens-belges-un-panorama-des-medias-dinformation-en-belgique\/","name":"Les quotidiens belges : panorama des m\u00e9dias d'information","isPartOf":{"@id":"https:\/\/com-quotidiens.fr\/blog\/#website"},"primaryImageOfPage":{"@id":"https:\/\/com-quotidiens.fr\/blog\/a-la-une\/les-quotidiens-belges-un-panorama-des-medias-dinformation-en-belgique\/#primaryimage"},"image":{"@id":"https:\/\/com-quotidiens.fr\/blog\/a-la-une\/les-quotidiens-belges-un-panorama-des-medias-dinformation-en-belgique\/#primaryimage"},"thumbnailUrl":"https:\/\/com-quotidiens.fr\/blog\/wp-content\/uploads\/2025\/02\/stability-les-quotidiens-belges-un-panorama-des-medias-dinformation-en-belgique.png","datePublished":"2026-06-19T11:59:45+00:00","description":"Petit pays, presse dense : la Belgique compte plusieurs quotidiens de r\u00e9f\u00e9rence, francophones et n\u00e9erlandophones, qui structurent le d\u00e9bat public.","inLanguage":"fr-FR","potentialAction":[{"@type":"ReadAction","target":["https:\/\/com-quotidiens.fr\/blog\/a-la-une\/les-quotidiens-belges-un-panorama-des-medias-dinformation-en-belgique\/"]}]},{"@type":"ImageObject","inLanguage":"fr-FR","@id":"https:\/\/com-quotidiens.fr\/blog\/a-la-une\/les-quotidiens-belges-un-panorama-des-medias-dinformation-en-belgique\/#primaryimage","url":"https:\/\/com-quotidiens.fr\/blog\/wp-content\/uploads\/2025\/02\/stability-les-quotidiens-belges-un-panorama-des-medias-dinformation-en-belgique.png","contentUrl":"https:\/\/com-quotidiens.fr\/blog\/wp-content\/uploads\/2025\/02\/stability-les-quotidiens-belges-un-panorama-des-medias-dinformation-en-belgique.png","width":1024,"height":576},{"@type":"WebSite","@id":"https:\/\/com-quotidiens.fr\/blog\/#website","url":"https:\/\/com-quotidiens.fr\/blog\/","name":"com-quotidiens.fr","description":"Com Quotidiens, l&#039;info communication au quotidien","publisher":{"@id":"https:\/\/com-quotidiens.fr\/blog\/#organization"},"alternateName":"Com Quotidiens, l'info communication au quotidien","potentialAction":[{"@type":"SearchAction","target":{"@type":"EntryPoint","urlTemplate":"https:\/\/com-quotidiens.fr\/blog\/?s={search_term_string}"},"query-input":{"@type":"PropertyValueSpecification","valueRequired":true,"valueName":"search_term_string"}}],"inLanguage":"fr-FR"},{"@type":"Organization","@id":"https:\/\/com-quotidiens.fr\/blog\/#organization","name":"Foretsensations.fr","url":"https:\/\/com-quotidiens.fr\/blog\/","logo":{"@type":"ImageObject","inLanguage":"fr-FR","@id":"https:\/\/com-quotidiens.fr\/blog\/#\/schema\/logo\/image\/","url":"https:\/\/com-quotidiens.fr\/blog\/wp-content\/uploads\/2024\/12\/26.png","contentUrl":"https:\/\/com-quotidiens.fr\/blog\/wp-content\/uploads\/2024\/12\/26.png","width":500,"height":500,"caption":"Foretsensations.fr"},"image":{"@id":"https:\/\/com-quotidiens.fr\/blog\/#\/schema\/logo\/image\/"}},{"@type":"Person","@id":"https:\/\/com-quotidiens.fr\/blog\/#\/schema\/person\/3c864cdc320801e3db34b663e7e3f816","name":"Th\u00e9o R.","image":{"@type":"ImageObject","inLanguage":"fr-FR","@id":"https:\/\/com-quotidiens.fr\/blog\/#\/schema\/person\/image\/","url":"https:\/\/com-quotidiens.fr\/blog\/wp-content\/uploads\/2026\/06\/persona_theo-r-96x96.jpg","contentUrl":"https:\/\/com-quotidiens.fr\/blog\/wp-content\/uploads\/2026\/06\/persona_theo-r-96x96.jpg","caption":"Th\u00e9o R."},"description":"Le web et la communication sont mon m\u00e9tier depuis une dizaine d'ann\u00e9es, entre r\u00e9daction, strat\u00e9gie de contenu et accompagnement de projets en ligne. J'\u00e9cris sur la cr\u00e9ation de site, le marketing digital, l'image de marque et le m\u00e9tier de r\u00e9dacteur web, avec l'envie de rendre ces sujets concrets pour les ind\u00e9pendants et les petites entreprises. J'aime expliquer comment se construit une pr\u00e9sence en ligne cr\u00e9dible, du choix des mots \u00e0 la coh\u00e9rence visuelle, sans recourir au jargon d'agence. Avant de recommander une m\u00e9thode ou un outil, je l'\u00e9prouve sur le terrain et je distingue ce qui marche vraiment des promesses \u00e0 la mode. Je me m\u00e9fie des recettes miracles en marketing, car aucune ne dispense de travail et de r\u00e9gularit\u00e9. Mon angle : donner des rep\u00e8res solides pour communiquer juste et b\u00e2tir une marque qui dure, \u00e0 hauteur de budgets r\u00e9els et d'\u00e9quipes r\u00e9duites.","url":"https:\/\/com-quotidiens.fr\/blog\/auteur\/noname\/","jobTitle":"R\u00e9dacteur en chef \u00b7 Web & Communication","knowsAbout":["Web","Communication"],"email":"theo.r@clickbuzz.fr"}]}},"_links":{"self":[{"href":"https:\/\/com-quotidiens.fr\/blog\/wp-json\/wp\/v2\/posts\/7417","targetHints":{"allow":["GET"]}}],"collection":[{"href":"https:\/\/com-quotidiens.fr\/blog\/wp-json\/wp\/v2\/posts"}],"about":[{"href":"https:\/\/com-quotidiens.fr\/blog\/wp-json\/wp\/v2\/types\/post"}],"author":[{"embeddable":true,"href":"https:\/\/com-quotidiens.fr\/blog\/wp-json\/wp\/v2\/users\/34"}],"replies":[{"embeddable":true,"href":"https:\/\/com-quotidiens.fr\/blog\/wp-json\/wp\/v2\/comments?post=7417"}],"version-history":[{"count":3,"href":"https:\/\/com-quotidiens.fr\/blog\/wp-json\/wp\/v2\/posts\/7417\/revisions"}],"predecessor-version":[{"id":7633,"href":"https:\/\/com-quotidiens.fr\/blog\/wp-json\/wp\/v2\/posts\/7417\/revisions\/7633"}],"wp:featuredmedia":[{"embeddable":true,"href":"https:\/\/com-quotidiens.fr\/blog\/wp-json\/wp\/v2\/media\/7418"}],"wp:attachment":[{"href":"https:\/\/com-quotidiens.fr\/blog\/wp-json\/wp\/v2\/media?parent=7417"}],"wp:term":[{"taxonomy":"category","embeddable":true,"href":"https:\/\/com-quotidiens.fr\/blog\/wp-json\/wp\/v2\/categories?post=7417"},{"taxonomy":"post_tag","embeddable":true,"href":"https:\/\/com-quotidiens.fr\/blog\/wp-json\/wp\/v2\/tags?post=7417"}],"curies":[{"name":"wp","href":"https:\/\/api.w.org\/{rel}","templated":true}]}}