{"id":7405,"date":"2026-06-19T13:45:13","date_gmt":"2026-06-19T11:45:13","guid":{"rendered":"https:\/\/com-quotidiens.fr\/blog\/?p=7405"},"modified":"2026-06-19T13:45:13","modified_gmt":"2026-06-19T11:45:13","slug":"les-quotidiens-luxembourgeois-une-fenetre-sur-la-vie-au-grand-duche","status":"publish","type":"post","link":"https:\/\/com-quotidiens.fr\/blog\/a-la-une\/les-quotidiens-luxembourgeois-une-fenetre-sur-la-vie-au-grand-duche\/","title":{"rendered":"Les quotidiens luxembourgeois : Une fen\u00eatre sur la vie au Grand-Duch\u00e9"},"content":{"rendered":"<link rel=\"stylesheet\" href=\"https:\/\/fonts.googleapis.com\/css2?family=Newsreader:ital,opsz,wght@0,6..72,500..700;1,6..72,500&#038;family=Inter:wght@400;500;600&#038;family=JetBrains+Mono:wght@500&#038;display=swap\">\n<style>\n.cqp-ib-wrap{font-family:'Inter',-apple-system,sans-serif;color:#1d2026;line-height:1.65;font-size:17px;max-width:780px;margin:0 auto}\n.cqp-ib-wrap h2{font-family:'Newsreader',Georgia,serif;font-weight:700;font-size:clamp(24px,3.2vw,33px);letter-spacing:-.01em;color:#171a1f;margin:48px 0 16px;line-height:1.2}\n.cqp-ib-wrap h3{font-family:'Newsreader',Georgia,serif;font-weight:600;font-size:21px;color:#22262d;margin:26px 0 10px}\n.cqp-ib-wrap p{margin:0 0 18px}\n.cqp-ib-lead{font-family:'Newsreader',Georgia,serif;font-size:20px;line-height:1.55;color:#3a3f48;font-style:italic;margin:0 0 30px;border-left:4px solid #9E1B32;padding-left:18px}\n.cqp-ib-kick{font-family:'JetBrains Mono',monospace;font-size:12px;font-weight:500;letter-spacing:.12em;text-transform:uppercase;color:#9E1B32;display:block;margin-bottom:6px}\n.cqp-ib-brief{background:#fbf3f4;border:1px solid #f0d4d9;border-left:5px solid #9E1B32;border-radius:12px;padding:22px 26px;margin:0 0 34px;box-shadow:0 12px 28px -18px rgba(158,27,50,.4)}\n.cqp-ib-brief .cqp-ib-bt{font-family:'Newsreader',Georgia,serif;font-weight:700;font-size:19px;color:#171a1f;margin-bottom:8px}\n.cqp-ib-brief .cqp-ib-txt{font-size:16px;color:#2c3038;margin-bottom:12px}\n.cqp-ib-brief ul{margin:0;padding-left:20px}\n.cqp-ib-brief li{margin:6px 0;font-size:15.5px}\n.cqp-ib-grid{display:grid;grid-template-columns:repeat(auto-fit,minmax(230px,1fr));gap:20px;margin:26px 0}\n.cqp-ib-card{background:#fff;border:1px solid #e6e2da;border-top:3px solid #9E1B32;border-radius:12px;padding:22px 22px 20px;transition:.25s ease}\n.cqp-ib-card:hover{transform:translateY(-3px);box-shadow:0 14px 30px -18px rgba(23,26,31,.4)}\n.cqp-ib-card .cqp-ib-nm{font-family:'Newsreader',Georgia,serif;font-weight:700;font-size:20px;color:#171a1f;margin-bottom:4px}\n.cqp-ib-card .cqp-ib-yr{font-family:'JetBrains Mono',monospace;font-size:12px;color:#9E1B32;letter-spacing:.05em;margin-bottom:10px}\n.cqp-ib-card .cqp-ib-d{font-size:15px;color:#3a3f48}\n.cqp-ib-tbl{width:100%;border-collapse:collapse;margin:24px 0;border-radius:12px;overflow:hidden;border:1px solid #e6e2da;font-size:15.5px}\n.cqp-ib-tbl th{background:#171a1f;color:#fff;font-family:'Inter',sans-serif;font-weight:600;text-align:left;padding:13px 16px;font-size:14px}\n.cqp-ib-tbl td{padding:12px 16px;border-top:1px solid #ece8e0}\n.cqp-ib-tbl tr:nth-child(even) td{background:#faf8f5}\n.cqp-ib-note{background:#f6f4f0;border-radius:10px;padding:16px 20px;margin:24px 0;font-size:15px;color:#3a3f48;border-left:4px solid #c9a24a}\n.cqp-ib-retain{background:#171a1f;color:#eef1f5;border-radius:14px;padding:26px 28px;margin:42px 0}\n.cqp-ib-retain .cqp-ib-rt{font-family:'Newsreader',Georgia,serif;font-weight:700;font-size:21px;color:#fff;margin-bottom:14px}\n.cqp-ib-retain ul{margin:0;padding-left:20px}\n.cqp-ib-retain li{margin:9px 0;color:#eef1f5}\n.cqp-ib-retain strong{color:#fff}\n.cqp-ib-faq{margin:18px 0}\n.cqp-ib-faq details{border:1px solid #e6e2da;border-radius:10px;margin:10px 0;padding:0 18px;background:#fff;transition:.2s ease}\n.cqp-ib-faq details[open]{border-color:#9E1B32;box-shadow:0 10px 26px -18px rgba(158,27,50,.45)}\n.cqp-ib-faq summary{font-family:'Newsreader',Georgia,serif;font-weight:600;font-size:17.5px;color:#171a1f;cursor:pointer;padding:16px 0;list-style:none}\n.cqp-ib-faq summary::-webkit-details-marker{display:none}\n.cqp-ib-faq summary::before{content:\"+\";color:#9E1B32;font-weight:700;margin-right:10px}\n.cqp-ib-faq details[open] summary::before{content:\"\u2013\"}\n.cqp-ib-faq .cqp-ib-a{padding:0 0 16px;font-size:15.5px;color:#3a3f48}\n.cqp-ib-pq{font-family:'Newsreader',Georgia,serif;font-style:italic;font-size:22px;line-height:1.45;color:#171a1f;border-left:4px solid #9E1B32;padding:6px 0 6px 22px;margin:30px 0}\n.cqp-ib-pq span{display:block;font-family:'JetBrains Mono',monospace;font-style:normal;font-size:12px;color:#8a8f98;margin-top:8px;letter-spacing:.04em}\n.cqp-ib-wrap img{border-radius:12px;max-width:100%;height:auto;margin:10px 0}\n@media(max-width:640px){.cqp-ib-wrap{font-size:16px}}\n<\/style>\n<div class=\"cqp-ib-wrap\">\n<div class=\"cqp-ib-lead\">Trilingue, pluraliste et profond\u00e9ment ancr\u00e9e dans la vie du Grand-Duch\u00e9, la presse quotidienne luxembourgeoise est un miroir de la soci\u00e9t\u00e9 : un pays minuscule, mais un paysage m\u00e9diatique d&rsquo;une densit\u00e9 rare en Europe.<\/div>\n<p><span class=\"cqp-ib-kick\">En bref<\/span><\/p>\n<div class=\"cqp-ib-brief\">\n<div class=\"cqp-ib-bt\">Quels sont les quotidiens du Luxembourg ?<\/div>\n<div class=\"cqp-ib-txt\">Le Luxembourg compte plusieurs quotidiens de r\u00e9f\u00e9rence, publi\u00e9s en allemand, fran\u00e7ais et parfois en luxembourgeois. Les principaux sont le <strong>Luxemburger Wort<\/strong>, le <strong>Tageblatt<\/strong>, <strong>Le Quotidien<\/strong> et le gratuit <strong>L&rsquo;essentiel<\/strong>. Tous refl\u00e8tent le multilinguisme et le pluralisme propres au Grand-Duch\u00e9.<\/div>\n<ul>\n<li><strong>Multilingue<\/strong> : un m\u00eame titre m\u00eale souvent articles en allemand et en fran\u00e7ais.<\/li>\n<li><strong>Pluraliste<\/strong> : sensibilit\u00e9s \u00e9ditoriales vari\u00e9es, du conservateur au progressiste.<\/li>\n<li><strong>En mutation<\/strong> : forte bascule vers le num\u00e9rique et les \u00e9ditions en ligne.<\/li>\n<\/ul>\n<\/div>\n<h2>Le r\u00f4le des quotidiens au Luxembourg<\/h2>\n<p>Les quotidiens luxembourgeois jouent un r\u00f4le essentiel dans la diffusion d&rsquo;informations et la r\u00e9flexion sur la soci\u00e9t\u00e9. Dans un pays de petite taille mais travers\u00e9 par une intense vie politique, \u00e9conomique et transfrontali\u00e8re, ils restent un rep\u00e8re pour comprendre l&rsquo;actualit\u00e9 nationale comme r\u00e9gionale. Au-del\u00e0 de relayer les faits, ils participent \u00e0 la formation de l&rsquo;opinion publique gr\u00e2ce \u00e0 leurs enqu\u00eates, analyses et \u00e9ditoriaux.<\/p>\n<p>Leur originalit\u00e9 tient aussi \u00e0 la langue : le Grand-Duch\u00e9 vit au quotidien entre le luxembourgeois, l&rsquo;allemand et le fran\u00e7ais. La presse \u00e9crite \u00e9pouse ce trilinguisme, ce qui en fait un cas singulier dans le paysage m\u00e9diatique europ\u00e9en.<\/p>\n<h2>Les principaux quotidiens luxembourgeois<\/h2>\n<p>Plusieurs titres se distinguent par leur histoire et leur audience. Voici les quotidiens de r\u00e9f\u00e9rence du pays, avec leur ann\u00e9e de fondation et leur identit\u00e9 \u00e9ditoriale.<\/p>\n<div class=\"cqp-ib-grid\">\n<div class=\"cqp-ib-card\">\n<div class=\"cqp-ib-nm\">Luxemburger Wort<\/div>\n<div class=\"cqp-ib-yr\">Fond\u00e9 en 1848<\/div>\n<div class=\"cqp-ib-d\">Le plus ancien et l&rsquo;un des plus diffus\u00e9s du pays. D&rsquo;origine catholique, il couvre l&rsquo;actualit\u00e9 locale, nationale et internationale avec une perspective approfondie sur les enjeux politiques. Publi\u00e9 principalement en allemand, avec des pages en fran\u00e7ais.<\/div>\n<\/div>\n<div class=\"cqp-ib-card\">\n<div class=\"cqp-ib-nm\">Tageblatt<\/div>\n<div class=\"cqp-ib-yr\">Fond\u00e9 en 1913<\/div>\n<div class=\"cqp-ib-d\">Quotidien de tradition sociale-d\u00e9mocrate, proche du mouvement syndical. Il propose une lecture plus progressiste de l&rsquo;actualit\u00e9, en allemand et en fran\u00e7ais, et compte parmi les titres historiques du Grand-Duch\u00e9.<\/div>\n<\/div>\n<div class=\"cqp-ib-card\">\n<div class=\"cqp-ib-nm\">Le Quotidien<\/div>\n<div class=\"cqp-ib-yr\">Fond\u00e9 en 2001<\/div>\n<div class=\"cqp-ib-d\">Le grand quotidien d&rsquo;information r\u00e9dig\u00e9 enti\u00e8rement en fran\u00e7ais. Il s&rsquo;adresse notamment au lectorat francophone et aux nombreux frontaliers, avec une approche accessible des sujets de soci\u00e9t\u00e9 et d&rsquo;actualit\u00e9.<\/div>\n<\/div>\n<div class=\"cqp-ib-card\">\n<div class=\"cqp-ib-nm\">L&rsquo;essentiel<\/div>\n<div class=\"cqp-ib-yr\">Lanc\u00e9 en 2007<\/div>\n<div class=\"cqp-ib-d\">Quotidien gratuit en fran\u00e7ais, tr\u00e8s pr\u00e9sent dans les transports et aupr\u00e8s des frontaliers. Format court et synth\u00e9tique, il s&rsquo;est impos\u00e9 comme l&rsquo;un des titres les plus lus, en version papier comme en ligne.<\/div>\n<\/div>\n<\/div>\n<div class=\"cqp-ib-note\">\u00c0 noter : on parle ici des principaux quotidiens. Le Luxembourg dispose aussi d&rsquo;une presse hebdomadaire et de m\u00e9dias en ligne actifs, qui compl\u00e8tent cette offre dans un march\u00e9 m\u00e9diatique remarquablement dense au regard de la taille du pays.<\/div>\n<p><iframe loading=\"lazy\" title=\"Apartment 2 bedrooms in Rodange - Luxembourg  #immobilierluxembourg #luxembourg #letzebuerg #immo\" width=\"1200\" height=\"900\" src=\"https:\/\/www.youtube.com\/embed\/UMKwsKiBtrQ?feature=oembed\" frameborder=\"0\" allow=\"accelerometer; autoplay; clipboard-write; encrypted-media; gyroscope; picture-in-picture; web-share\" referrerpolicy=\"strict-origin-when-cross-origin\" allowfullscreen><\/iframe><\/p>\n<h2>Le multilinguisme, marque de fabrique de la presse luxembourgeoise<\/h2>\n<p>Au Luxembourg, le choix de la langue n&rsquo;est pas anodin : il fait partie de l&rsquo;identit\u00e9 de chaque titre. La langue luxembourgeoise, langue nationale, c\u00f4toie l&rsquo;allemand, longtemps dominant dans la presse \u00e9crite, et le fran\u00e7ais, langue administrative et privil\u00e9gi\u00e9e des lecteurs francophones et frontaliers.<\/p>\n<p>Concr\u00e8tement, un m\u00eame journal peut publier des articles en allemand et en fran\u00e7ais au sein d&rsquo;une m\u00eame \u00e9dition, tandis que le luxembourgeois appara\u00eet plut\u00f4t dans certaines rubriques, titres ou contenus de proximit\u00e9. Cette souplesse linguistique r\u00e9pond \u00e0 la composition de la population, marqu\u00e9e par une forte pr\u00e9sence d&rsquo;\u00e9trangers et de travailleurs venus de Belgique, de France et d&rsquo;Allemagne.<\/p>\n<h3>Un public pluriel<\/h3>\n<p>Cette diversit\u00e9 linguistique se double d&rsquo;une diversit\u00e9 de lectorats : r\u00e9sidents luxembourgeois, communaut\u00e9s \u00e9trang\u00e8res install\u00e9es dans le pays et frontaliers qui consultent la presse pour l&rsquo;actualit\u00e9 \u00e9conomique et pratique de la r\u00e9gion. Chaque titre cultive ainsi sa propre identit\u00e9 et sa propre voix.<\/p>\n<h2>Une influence sur la soci\u00e9t\u00e9 luxembourgeoise<\/h2>\n<p>Les quotidiens ne se contentent pas de relater les \u00e9v\u00e9nements : ils participent activement \u00e0 la formation de l&rsquo;opinion publique. Gr\u00e2ce \u00e0 des enqu\u00eates, des analyses et des \u00e9ditoriaux, ils offrent un cadre de r\u00e9flexion sur des sujets essentiels comme la politique, l&rsquo;\u00e9conomie et l&rsquo;environnement.<\/p>\n<p>Chaque titre a sa propre ligne \u00e9ditoriale, ce qui permet aux lecteurs de choisir la voix qui r\u00e9sonne avec leurs valeurs. Le <strong>Luxemburger Wort<\/strong>, d&rsquo;h\u00e9ritage catholique, est souvent per\u00e7u comme plut\u00f4t conservateur, tandis que le <strong>Tageblatt<\/strong>, proche du monde syndical, d\u00e9fend une orientation plus progressiste. Cette pluralit\u00e9 de sensibilit\u00e9s enrichit le d\u00e9bat public et nourrit une soci\u00e9t\u00e9 mieux inform\u00e9e.<\/p>\n<div class=\"cqp-ib-pq\">\u00ab L&rsquo;information est la cl\u00e9 d&rsquo;une d\u00e9mocratie saine. \u00bb<span>Adage souvent cit\u00e9 \u00e0 propos du r\u00f4le de la presse<\/span><\/div>\n<h2>Tableau comparatif des quotidiens<\/h2>\n<table class=\"cqp-ib-tbl\">\n<tr>\n<th>Titre<\/th>\n<th>Fondation<\/th>\n<th>Langue(s)<\/th>\n<th>Identit\u00e9 \u00e9ditoriale<\/th>\n<\/tr>\n<tr>\n<td>Luxemburger Wort<\/td>\n<td>1848<\/td>\n<td>Allemand \/ fran\u00e7ais<\/td>\n<td>Le plus ancien, plut\u00f4t conservateur<\/td>\n<\/tr>\n<tr>\n<td>Tageblatt<\/td>\n<td>1913<\/td>\n<td>Allemand \/ fran\u00e7ais<\/td>\n<td>Tradition sociale-d\u00e9mocrate<\/td>\n<\/tr>\n<tr>\n<td>Le Quotidien<\/td>\n<td>2001<\/td>\n<td>Fran\u00e7ais<\/td>\n<td>Information accessible, lectorat francophone<\/td>\n<\/tr>\n<tr>\n<td>L&rsquo;essentiel<\/td>\n<td>2007<\/td>\n<td>Fran\u00e7ais<\/td>\n<td>Gratuit, format court, tr\u00e8s diffus\u00e9<\/td>\n<\/tr>\n<\/table>\n<h2>Les d\u00e9fis contemporains des quotidiens<\/h2>\n<p>Comme ailleurs en Europe, les quotidiens luxembourgeois font face \u00e0 des d\u00e9fis majeurs. La transition num\u00e9rique a profond\u00e9ment modifi\u00e9 les habitudes de consommation de l&rsquo;information : le lectorat, de plus en plus connect\u00e9, privil\u00e9gie les \u00e9ditions en ligne et les formats courts au d\u00e9triment du papier.<\/p>\n<p>Les r\u00e9seaux sociaux jouent d\u00e9sormais un r\u00f4le central dans la circulation des nouvelles. Cette \u00e9volution pousse les titres \u00e0 repenser leur strat\u00e9gie et \u00e0 investir dans leurs plateformes num\u00e9riques. Dans ce contexte, la qualit\u00e9 de l&rsquo;information doit primer, et la lutte contre la d\u00e9sinformation devient un enjeu crucial pour pr\u00e9server la confiance du public.<\/p>\n<div class=\"cqp-ib-retain\">\n<div class=\"cqp-ib-rt\">\u00c0 retenir<\/div>\n<ul>\n<li>Le Luxembourg dispose d&rsquo;un paysage de presse <strong>dense et pluraliste<\/strong> malgr\u00e9 sa petite taille.<\/li>\n<li>Les quotidiens de r\u00e9f\u00e9rence : <strong>Luxemburger Wort<\/strong> (1848), <strong>Tageblatt<\/strong> (1913), <strong>Le Quotidien<\/strong> (2001) et <strong>L&rsquo;essentiel<\/strong> (2007).<\/li>\n<li>Le <strong>trilinguisme<\/strong> (luxembourgeois, allemand, fran\u00e7ais) est la marque de fabrique de cette presse.<\/li>\n<li>Chaque titre porte une <strong>ligne \u00e9ditoriale propre<\/strong>, du conservateur au progressiste.<\/li>\n<li>Le grand d\u00e9fi reste la <strong>bascule num\u00e9rique<\/strong> et la lutte contre la d\u00e9sinformation.<\/li>\n<\/ul>\n<\/div>\n<h2>FAQ<\/h2>\n<div class=\"cqp-ib-faq\">\n<details>\n<summary>Quels sont les principaux quotidiens au Luxembourg ?<\/summary>\n<div class=\"cqp-ib-a\">Les principaux quotidiens sont le Luxemburger Wort, le Tageblatt, Le Quotidien et le gratuit L&rsquo;essentiel.<\/div>\n<\/details>\n<details>\n<summary>En quelles langues paraissent les journaux luxembourgeois ?<\/summary>\n<div class=\"cqp-ib-a\">Essentiellement en allemand et en fran\u00e7ais, parfois en luxembourgeois. Un m\u00eame titre peut m\u00ealer plusieurs langues au sein d&rsquo;une \u00e9dition, \u00e0 l&rsquo;image du multilinguisme du pays.<\/div>\n<\/details>\n<details>\n<summary>Quel est le plus ancien quotidien du Luxembourg ?<\/summary>\n<div class=\"cqp-ib-a\">Le Luxemburger Wort, fond\u00e9 en 1848, est le plus ancien quotidien encore publi\u00e9 dans le pays.<\/div>\n<\/details>\n<details>\n<summary>Comment les quotidiens influencent-ils l&rsquo;opinion publique ?<\/summary>\n<div class=\"cqp-ib-a\">Par leurs enqu\u00eates, analyses et \u00e9ditoriaux : chaque titre porte une ligne \u00e9ditoriale qui contribue \u00e0 fa\u00e7onner les d\u00e9bats de soci\u00e9t\u00e9.<\/div>\n<\/details>\n<details>\n<summary>Quels d\u00e9fis rencontrent les quotidiens luxembourgeois ?<\/summary>\n<div class=\"cqp-ib-a\">Ils doivent r\u00e9ussir leur transition vers le num\u00e9rique, s&rsquo;adapter \u00e0 un lectorat connect\u00e9 et lutter contre la d\u00e9sinformation.<\/div>\n<\/details>\n<details>\n<summary>Quel format de lecture les Luxembourgeois privil\u00e9gient-ils ?<\/summary>\n<div class=\"cqp-ib-a\">De plus en plus, les lecteurs se tournent vers les \u00e9ditions num\u00e9riques des journaux, m\u00eame si le papier conserve un lectorat fid\u00e8le.<\/div>\n<\/details>\n<\/div>\n<p>Loin d&rsquo;\u00eatre de simples diffuseurs d&rsquo;informations, les quotidiens luxembourgeois s&rsquo;imposent comme de v\u00e9ritables acteurs de la vie sociale et politique. En s&rsquo;adaptant aux \u00e9volutions technologiques et en cultivant leur identit\u00e9 multilingue, ils continuent de jouer un r\u00f4le capital dans la soci\u00e9t\u00e9 du Grand-Duch\u00e9.<\/p>\n<\/div>\n<p><img decoding=\"async\" width=\"1024\" height=\"576\" src=\"https:\/\/com-quotidiens.fr\/blog\/wp-content\/uploads\/2025\/02\/stability-les-quotidiens-luxembourgeois-une-fenetre-sur-la-vie-au-grand-duche-1.png\" class=\"aligncenter\" alt=\"Illustration d\u00e9taill\u00e9e sur Les quotidiens luxembourgeois : Une fen\u00eatre sur la vie au Grand-Duch\u00e9\" title=\"Les quotidiens luxembourgeois : Une fen\u00eatre sur la vie au Grand-Duch\u00e9\" loading=\"lazy\" \/><\/p>\n","protected":false},"excerpt":{"rendered":"","protected":false},"author":34,"featured_media":7406,"comment_status":"open","ping_status":"open","sticky":false,"template":"","format":"standard","meta":{"_acf_changed":false,"manual_indexmenow":false,"indexmenow_id_project":0,"footnotes":""},"categories":[1],"tags":[4557,4614,4613,4553,4612,4556],"class_list":["post-7405","post","type-post","status-publish","format-standard","has-post-thumbnail","hentry","category-a-la-une","tag-desinformation","tag-la-voix-du-luxembourg","tag-le-quotidien","tag-luxembourg","tag-luxemburger-wort","tag-quotidiens","generate-columns","tablet-grid-50","mobile-grid-100","grid-parent","grid-25"],"acf":[],"yoast_head":"<!-- This site is optimized with the Yoast SEO Premium plugin v21.3 (Yoast SEO v25.6) - https:\/\/yoast.com\/wordpress\/plugins\/seo\/ -->\n<title>Les quotidiens luxembourgeois : la vie au Grand-Duch\u00e9<\/title>\n<meta name=\"description\" content=\"Les quotidiens luxembourgeois jouent un r\u00f4le essentiel dans la diffusion d&#039;informations et la r\u00e9flexion sur la soci\u00e9t\u00e9.\" \/>\n<meta name=\"robots\" content=\"index, follow, max-snippet:-1, max-image-preview:large, max-video-preview:-1\" \/>\n<link rel=\"canonical\" href=\"https:\/\/com-quotidiens.fr\/blog\/a-la-une\/les-quotidiens-luxembourgeois-une-fenetre-sur-la-vie-au-grand-duche\/\" \/>\n<meta property=\"og:locale\" content=\"fr_FR\" \/>\n<meta property=\"og:type\" content=\"article\" \/>\n<meta property=\"og:title\" content=\"Les quotidiens luxembourgeois : la vie au Grand-Duch\u00e9\" \/>\n<meta property=\"og:description\" content=\"Les quotidiens luxembourgeois jouent un r\u00f4le essentiel dans la diffusion d&#039;informations et la r\u00e9flexion sur la soci\u00e9t\u00e9.\" \/>\n<meta property=\"og:url\" content=\"https:\/\/com-quotidiens.fr\/blog\/a-la-une\/les-quotidiens-luxembourgeois-une-fenetre-sur-la-vie-au-grand-duche\/\" \/>\n<meta property=\"og:site_name\" content=\"com-quotidiens\" \/>\n<meta property=\"og:image\" content=\"https:\/\/com-quotidiens.fr\/blog\/wp-content\/uploads\/2025\/02\/stability-les-quotidiens-luxembourgeois-une-fenetre-sur-la-vie-au-grand-duche.png\" \/>\n\t<meta property=\"og:image:width\" content=\"1024\" \/>\n\t<meta property=\"og:image:height\" content=\"576\" \/>\n\t<meta property=\"og:image:type\" content=\"image\/png\" \/>\n<meta name=\"author\" content=\"Th\u00e9o R.\" \/>\n<meta name=\"twitter:card\" content=\"summary_large_image\" \/>\n<script type=\"application\/ld+json\" class=\"yoast-schema-graph\">{\"@context\":\"https:\/\/schema.org\",\"@graph\":[{\"@type\":\"NewsArticle\",\"@id\":\"https:\/\/com-quotidiens.fr\/blog\/a-la-une\/les-quotidiens-luxembourgeois-une-fenetre-sur-la-vie-au-grand-duche\/#article\",\"isPartOf\":{\"@id\":\"https:\/\/com-quotidiens.fr\/blog\/a-la-une\/les-quotidiens-luxembourgeois-une-fenetre-sur-la-vie-au-grand-duche\/\"},\"author\":{\"name\":\"Th\u00e9o R.\",\"@id\":\"https:\/\/com-quotidiens.fr\/blog\/#\/schema\/person\/3c864cdc320801e3db34b663e7e3f816\"},\"headline\":\"Les quotidiens luxembourgeois : Une fen\u00eatre sur la vie au Grand-Duch\u00e9\",\"datePublished\":\"2026-06-19T11:45:13+00:00\",\"mainEntityOfPage\":{\"@id\":\"https:\/\/com-quotidiens.fr\/blog\/a-la-une\/les-quotidiens-luxembourgeois-une-fenetre-sur-la-vie-au-grand-duche\/\"},\"wordCount\":1282,\"commentCount\":25,\"publisher\":{\"@id\":\"https:\/\/com-quotidiens.fr\/blog\/#organization\"},\"image\":{\"@id\":\"https:\/\/com-quotidiens.fr\/blog\/a-la-une\/les-quotidiens-luxembourgeois-une-fenetre-sur-la-vie-au-grand-duche\/#primaryimage\"},\"thumbnailUrl\":\"https:\/\/com-quotidiens.fr\/blog\/wp-content\/uploads\/2025\/02\/stability-les-quotidiens-luxembourgeois-une-fenetre-sur-la-vie-au-grand-duche.png\",\"keywords\":[\"D\u00e9sinformation\",\"La Voix du Luxembourg\",\"Le Quotidien\",\"Luxembourg\",\"Luxemburger Wort\",\"Quotidiens\"],\"articleSection\":[\"\u00c0 la une\"],\"inLanguage\":\"fr-FR\",\"potentialAction\":[{\"@type\":\"CommentAction\",\"name\":\"Comment\",\"target\":[\"https:\/\/com-quotidiens.fr\/blog\/a-la-une\/les-quotidiens-luxembourgeois-une-fenetre-sur-la-vie-au-grand-duche\/#respond\"]}]},{\"@type\":\"WebPage\",\"@id\":\"https:\/\/com-quotidiens.fr\/blog\/a-la-une\/les-quotidiens-luxembourgeois-une-fenetre-sur-la-vie-au-grand-duche\/\",\"url\":\"https:\/\/com-quotidiens.fr\/blog\/a-la-une\/les-quotidiens-luxembourgeois-une-fenetre-sur-la-vie-au-grand-duche\/\",\"name\":\"Les quotidiens luxembourgeois : la vie au Grand-Duch\u00e9\",\"isPartOf\":{\"@id\":\"https:\/\/com-quotidiens.fr\/blog\/#website\"},\"primaryImageOfPage\":{\"@id\":\"https:\/\/com-quotidiens.fr\/blog\/a-la-une\/les-quotidiens-luxembourgeois-une-fenetre-sur-la-vie-au-grand-duche\/#primaryimage\"},\"image\":{\"@id\":\"https:\/\/com-quotidiens.fr\/blog\/a-la-une\/les-quotidiens-luxembourgeois-une-fenetre-sur-la-vie-au-grand-duche\/#primaryimage\"},\"thumbnailUrl\":\"https:\/\/com-quotidiens.fr\/blog\/wp-content\/uploads\/2025\/02\/stability-les-quotidiens-luxembourgeois-une-fenetre-sur-la-vie-au-grand-duche.png\",\"datePublished\":\"2026-06-19T11:45:13+00:00\",\"description\":\"Les quotidiens luxembourgeois jouent un r\u00f4le essentiel dans la diffusion d'informations et la r\u00e9flexion sur la soci\u00e9t\u00e9.\",\"inLanguage\":\"fr-FR\",\"potentialAction\":[{\"@type\":\"ReadAction\",\"target\":[\"https:\/\/com-quotidiens.fr\/blog\/a-la-une\/les-quotidiens-luxembourgeois-une-fenetre-sur-la-vie-au-grand-duche\/\"]}]},{\"@type\":\"ImageObject\",\"inLanguage\":\"fr-FR\",\"@id\":\"https:\/\/com-quotidiens.fr\/blog\/a-la-une\/les-quotidiens-luxembourgeois-une-fenetre-sur-la-vie-au-grand-duche\/#primaryimage\",\"url\":\"https:\/\/com-quotidiens.fr\/blog\/wp-content\/uploads\/2025\/02\/stability-les-quotidiens-luxembourgeois-une-fenetre-sur-la-vie-au-grand-duche.png\",\"contentUrl\":\"https:\/\/com-quotidiens.fr\/blog\/wp-content\/uploads\/2025\/02\/stability-les-quotidiens-luxembourgeois-une-fenetre-sur-la-vie-au-grand-duche.png\",\"width\":1024,\"height\":576},{\"@type\":\"WebSite\",\"@id\":\"https:\/\/com-quotidiens.fr\/blog\/#website\",\"url\":\"https:\/\/com-quotidiens.fr\/blog\/\",\"name\":\"com-quotidiens.fr\",\"description\":\"Com Quotidiens, l&#039;info communication au quotidien\",\"publisher\":{\"@id\":\"https:\/\/com-quotidiens.fr\/blog\/#organization\"},\"alternateName\":\"Com Quotidiens, l'info communication au quotidien\",\"potentialAction\":[{\"@type\":\"SearchAction\",\"target\":{\"@type\":\"EntryPoint\",\"urlTemplate\":\"https:\/\/com-quotidiens.fr\/blog\/?s={search_term_string}\"},\"query-input\":{\"@type\":\"PropertyValueSpecification\",\"valueRequired\":true,\"valueName\":\"search_term_string\"}}],\"inLanguage\":\"fr-FR\"},{\"@type\":\"Organization\",\"@id\":\"https:\/\/com-quotidiens.fr\/blog\/#organization\",\"name\":\"Foretsensations.fr\",\"url\":\"https:\/\/com-quotidiens.fr\/blog\/\",\"logo\":{\"@type\":\"ImageObject\",\"inLanguage\":\"fr-FR\",\"@id\":\"https:\/\/com-quotidiens.fr\/blog\/#\/schema\/logo\/image\/\",\"url\":\"https:\/\/com-quotidiens.fr\/blog\/wp-content\/uploads\/2024\/12\/26.png\",\"contentUrl\":\"https:\/\/com-quotidiens.fr\/blog\/wp-content\/uploads\/2024\/12\/26.png\",\"width\":500,\"height\":500,\"caption\":\"Foretsensations.fr\"},\"image\":{\"@id\":\"https:\/\/com-quotidiens.fr\/blog\/#\/schema\/logo\/image\/\"}},{\"@type\":\"Person\",\"@id\":\"https:\/\/com-quotidiens.fr\/blog\/#\/schema\/person\/3c864cdc320801e3db34b663e7e3f816\",\"name\":\"Th\u00e9o R.\",\"image\":{\"@type\":\"ImageObject\",\"inLanguage\":\"fr-FR\",\"@id\":\"https:\/\/com-quotidiens.fr\/blog\/#\/schema\/person\/image\/\",\"url\":\"https:\/\/com-quotidiens.fr\/blog\/wp-content\/uploads\/2026\/06\/persona_theo-r-96x96.jpg\",\"contentUrl\":\"https:\/\/com-quotidiens.fr\/blog\/wp-content\/uploads\/2026\/06\/persona_theo-r-96x96.jpg\",\"caption\":\"Th\u00e9o R.\"},\"description\":\"Le web et la communication sont mon m\u00e9tier depuis une dizaine d'ann\u00e9es, entre r\u00e9daction, strat\u00e9gie de contenu et accompagnement de projets en ligne. J'\u00e9cris sur la cr\u00e9ation de site, le marketing digital, l'image de marque et le m\u00e9tier de r\u00e9dacteur web, avec l'envie de rendre ces sujets concrets pour les ind\u00e9pendants et les petites entreprises. J'aime expliquer comment se construit une pr\u00e9sence en ligne cr\u00e9dible, du choix des mots \u00e0 la coh\u00e9rence visuelle, sans recourir au jargon d'agence. Avant de recommander une m\u00e9thode ou un outil, je l'\u00e9prouve sur le terrain et je distingue ce qui marche vraiment des promesses \u00e0 la mode. Je me m\u00e9fie des recettes miracles en marketing, car aucune ne dispense de travail et de r\u00e9gularit\u00e9. Mon angle : donner des rep\u00e8res solides pour communiquer juste et b\u00e2tir une marque qui dure, \u00e0 hauteur de budgets r\u00e9els et d'\u00e9quipes r\u00e9duites.\",\"url\":\"https:\/\/com-quotidiens.fr\/blog\/auteur\/noname\/\",\"jobTitle\":\"R\u00e9dacteur en chef \u00b7 Web & Communication\",\"knowsAbout\":[\"Web\",\"Communication\"],\"email\":\"theo.r@clickbuzz.fr\"}]}<\/script>\n<!-- \/ Yoast SEO Premium plugin. -->","yoast_head_json":{"title":"Les quotidiens luxembourgeois : la vie au Grand-Duch\u00e9","description":"Les quotidiens luxembourgeois jouent un r\u00f4le essentiel dans la diffusion d'informations et la r\u00e9flexion sur la soci\u00e9t\u00e9.","robots":{"index":"index","follow":"follow","max-snippet":"max-snippet:-1","max-image-preview":"max-image-preview:large","max-video-preview":"max-video-preview:-1"},"canonical":"https:\/\/com-quotidiens.fr\/blog\/a-la-une\/les-quotidiens-luxembourgeois-une-fenetre-sur-la-vie-au-grand-duche\/","og_locale":"fr_FR","og_type":"article","og_title":"Les quotidiens luxembourgeois : la vie au Grand-Duch\u00e9","og_description":"Les quotidiens luxembourgeois jouent un r\u00f4le essentiel dans la diffusion d'informations et la r\u00e9flexion sur la soci\u00e9t\u00e9.","og_url":"https:\/\/com-quotidiens.fr\/blog\/a-la-une\/les-quotidiens-luxembourgeois-une-fenetre-sur-la-vie-au-grand-duche\/","og_site_name":"com-quotidiens","og_image":[{"width":1024,"height":576,"url":"https:\/\/com-quotidiens.fr\/blog\/wp-content\/uploads\/2025\/02\/stability-les-quotidiens-luxembourgeois-une-fenetre-sur-la-vie-au-grand-duche.png","type":"image\/png"}],"author":"Th\u00e9o R.","twitter_card":"summary_large_image","schema":{"@context":"https:\/\/schema.org","@graph":[{"@type":"NewsArticle","@id":"https:\/\/com-quotidiens.fr\/blog\/a-la-une\/les-quotidiens-luxembourgeois-une-fenetre-sur-la-vie-au-grand-duche\/#article","isPartOf":{"@id":"https:\/\/com-quotidiens.fr\/blog\/a-la-une\/les-quotidiens-luxembourgeois-une-fenetre-sur-la-vie-au-grand-duche\/"},"author":{"name":"Th\u00e9o R.","@id":"https:\/\/com-quotidiens.fr\/blog\/#\/schema\/person\/3c864cdc320801e3db34b663e7e3f816"},"headline":"Les quotidiens luxembourgeois : Une fen\u00eatre sur la vie au Grand-Duch\u00e9","datePublished":"2026-06-19T11:45:13+00:00","mainEntityOfPage":{"@id":"https:\/\/com-quotidiens.fr\/blog\/a-la-une\/les-quotidiens-luxembourgeois-une-fenetre-sur-la-vie-au-grand-duche\/"},"wordCount":1282,"commentCount":25,"publisher":{"@id":"https:\/\/com-quotidiens.fr\/blog\/#organization"},"image":{"@id":"https:\/\/com-quotidiens.fr\/blog\/a-la-une\/les-quotidiens-luxembourgeois-une-fenetre-sur-la-vie-au-grand-duche\/#primaryimage"},"thumbnailUrl":"https:\/\/com-quotidiens.fr\/blog\/wp-content\/uploads\/2025\/02\/stability-les-quotidiens-luxembourgeois-une-fenetre-sur-la-vie-au-grand-duche.png","keywords":["D\u00e9sinformation","La Voix du Luxembourg","Le Quotidien","Luxembourg","Luxemburger Wort","Quotidiens"],"articleSection":["\u00c0 la une"],"inLanguage":"fr-FR","potentialAction":[{"@type":"CommentAction","name":"Comment","target":["https:\/\/com-quotidiens.fr\/blog\/a-la-une\/les-quotidiens-luxembourgeois-une-fenetre-sur-la-vie-au-grand-duche\/#respond"]}]},{"@type":"WebPage","@id":"https:\/\/com-quotidiens.fr\/blog\/a-la-une\/les-quotidiens-luxembourgeois-une-fenetre-sur-la-vie-au-grand-duche\/","url":"https:\/\/com-quotidiens.fr\/blog\/a-la-une\/les-quotidiens-luxembourgeois-une-fenetre-sur-la-vie-au-grand-duche\/","name":"Les quotidiens luxembourgeois : la vie au Grand-Duch\u00e9","isPartOf":{"@id":"https:\/\/com-quotidiens.fr\/blog\/#website"},"primaryImageOfPage":{"@id":"https:\/\/com-quotidiens.fr\/blog\/a-la-une\/les-quotidiens-luxembourgeois-une-fenetre-sur-la-vie-au-grand-duche\/#primaryimage"},"image":{"@id":"https:\/\/com-quotidiens.fr\/blog\/a-la-une\/les-quotidiens-luxembourgeois-une-fenetre-sur-la-vie-au-grand-duche\/#primaryimage"},"thumbnailUrl":"https:\/\/com-quotidiens.fr\/blog\/wp-content\/uploads\/2025\/02\/stability-les-quotidiens-luxembourgeois-une-fenetre-sur-la-vie-au-grand-duche.png","datePublished":"2026-06-19T11:45:13+00:00","description":"Les quotidiens luxembourgeois jouent un r\u00f4le essentiel dans la diffusion d'informations et la r\u00e9flexion sur la soci\u00e9t\u00e9.","inLanguage":"fr-FR","potentialAction":[{"@type":"ReadAction","target":["https:\/\/com-quotidiens.fr\/blog\/a-la-une\/les-quotidiens-luxembourgeois-une-fenetre-sur-la-vie-au-grand-duche\/"]}]},{"@type":"ImageObject","inLanguage":"fr-FR","@id":"https:\/\/com-quotidiens.fr\/blog\/a-la-une\/les-quotidiens-luxembourgeois-une-fenetre-sur-la-vie-au-grand-duche\/#primaryimage","url":"https:\/\/com-quotidiens.fr\/blog\/wp-content\/uploads\/2025\/02\/stability-les-quotidiens-luxembourgeois-une-fenetre-sur-la-vie-au-grand-duche.png","contentUrl":"https:\/\/com-quotidiens.fr\/blog\/wp-content\/uploads\/2025\/02\/stability-les-quotidiens-luxembourgeois-une-fenetre-sur-la-vie-au-grand-duche.png","width":1024,"height":576},{"@type":"WebSite","@id":"https:\/\/com-quotidiens.fr\/blog\/#website","url":"https:\/\/com-quotidiens.fr\/blog\/","name":"com-quotidiens.fr","description":"Com Quotidiens, l&#039;info communication au quotidien","publisher":{"@id":"https:\/\/com-quotidiens.fr\/blog\/#organization"},"alternateName":"Com Quotidiens, l'info communication au quotidien","potentialAction":[{"@type":"SearchAction","target":{"@type":"EntryPoint","urlTemplate":"https:\/\/com-quotidiens.fr\/blog\/?s={search_term_string}"},"query-input":{"@type":"PropertyValueSpecification","valueRequired":true,"valueName":"search_term_string"}}],"inLanguage":"fr-FR"},{"@type":"Organization","@id":"https:\/\/com-quotidiens.fr\/blog\/#organization","name":"Foretsensations.fr","url":"https:\/\/com-quotidiens.fr\/blog\/","logo":{"@type":"ImageObject","inLanguage":"fr-FR","@id":"https:\/\/com-quotidiens.fr\/blog\/#\/schema\/logo\/image\/","url":"https:\/\/com-quotidiens.fr\/blog\/wp-content\/uploads\/2024\/12\/26.png","contentUrl":"https:\/\/com-quotidiens.fr\/blog\/wp-content\/uploads\/2024\/12\/26.png","width":500,"height":500,"caption":"Foretsensations.fr"},"image":{"@id":"https:\/\/com-quotidiens.fr\/blog\/#\/schema\/logo\/image\/"}},{"@type":"Person","@id":"https:\/\/com-quotidiens.fr\/blog\/#\/schema\/person\/3c864cdc320801e3db34b663e7e3f816","name":"Th\u00e9o R.","image":{"@type":"ImageObject","inLanguage":"fr-FR","@id":"https:\/\/com-quotidiens.fr\/blog\/#\/schema\/person\/image\/","url":"https:\/\/com-quotidiens.fr\/blog\/wp-content\/uploads\/2026\/06\/persona_theo-r-96x96.jpg","contentUrl":"https:\/\/com-quotidiens.fr\/blog\/wp-content\/uploads\/2026\/06\/persona_theo-r-96x96.jpg","caption":"Th\u00e9o R."},"description":"Le web et la communication sont mon m\u00e9tier depuis une dizaine d'ann\u00e9es, entre r\u00e9daction, strat\u00e9gie de contenu et accompagnement de projets en ligne. J'\u00e9cris sur la cr\u00e9ation de site, le marketing digital, l'image de marque et le m\u00e9tier de r\u00e9dacteur web, avec l'envie de rendre ces sujets concrets pour les ind\u00e9pendants et les petites entreprises. J'aime expliquer comment se construit une pr\u00e9sence en ligne cr\u00e9dible, du choix des mots \u00e0 la coh\u00e9rence visuelle, sans recourir au jargon d'agence. Avant de recommander une m\u00e9thode ou un outil, je l'\u00e9prouve sur le terrain et je distingue ce qui marche vraiment des promesses \u00e0 la mode. Je me m\u00e9fie des recettes miracles en marketing, car aucune ne dispense de travail et de r\u00e9gularit\u00e9. Mon angle : donner des rep\u00e8res solides pour communiquer juste et b\u00e2tir une marque qui dure, \u00e0 hauteur de budgets r\u00e9els et d'\u00e9quipes r\u00e9duites.","url":"https:\/\/com-quotidiens.fr\/blog\/auteur\/noname\/","jobTitle":"R\u00e9dacteur en chef \u00b7 Web & Communication","knowsAbout":["Web","Communication"],"email":"theo.r@clickbuzz.fr"}]}},"_links":{"self":[{"href":"https:\/\/com-quotidiens.fr\/blog\/wp-json\/wp\/v2\/posts\/7405","targetHints":{"allow":["GET"]}}],"collection":[{"href":"https:\/\/com-quotidiens.fr\/blog\/wp-json\/wp\/v2\/posts"}],"about":[{"href":"https:\/\/com-quotidiens.fr\/blog\/wp-json\/wp\/v2\/types\/post"}],"author":[{"embeddable":true,"href":"https:\/\/com-quotidiens.fr\/blog\/wp-json\/wp\/v2\/users\/34"}],"replies":[{"embeddable":true,"href":"https:\/\/com-quotidiens.fr\/blog\/wp-json\/wp\/v2\/comments?post=7405"}],"version-history":[{"count":3,"href":"https:\/\/com-quotidiens.fr\/blog\/wp-json\/wp\/v2\/posts\/7405\/revisions"}],"predecessor-version":[{"id":7614,"href":"https:\/\/com-quotidiens.fr\/blog\/wp-json\/wp\/v2\/posts\/7405\/revisions\/7614"}],"wp:featuredmedia":[{"embeddable":true,"href":"https:\/\/com-quotidiens.fr\/blog\/wp-json\/wp\/v2\/media\/7406"}],"wp:attachment":[{"href":"https:\/\/com-quotidiens.fr\/blog\/wp-json\/wp\/v2\/media?parent=7405"}],"wp:term":[{"taxonomy":"category","embeddable":true,"href":"https:\/\/com-quotidiens.fr\/blog\/wp-json\/wp\/v2\/categories?post=7405"},{"taxonomy":"post_tag","embeddable":true,"href":"https:\/\/com-quotidiens.fr\/blog\/wp-json\/wp\/v2\/tags?post=7405"}],"curies":[{"name":"wp","href":"https:\/\/api.w.org\/{rel}","templated":true}]}}