{"id":7389,"date":"2026-06-19T13:44:27","date_gmt":"2026-06-19T11:44:27","guid":{"rendered":"https:\/\/com-quotidiens.fr\/blog\/?p=7389"},"modified":"2026-06-19T13:44:27","modified_gmt":"2026-06-19T11:44:27","slug":"les-quotidiens-au-benin-un-panorama-des-medias-dinformation","status":"publish","type":"post","link":"https:\/\/com-quotidiens.fr\/blog\/a-la-une\/les-quotidiens-au-benin-un-panorama-des-medias-dinformation\/","title":{"rendered":"Les quotidiens au B\u00e9nin : un panorama des m\u00e9dias d&rsquo;information"},"content":{"rendered":"<link rel=\"stylesheet\" href=\"https:\/\/fonts.googleapis.com\/css2?family=Space+Grotesk:wght@500;600;700&#038;family=Inter:wght@400;500;600&#038;family=JetBrains+Mono:wght@500&#038;display=swap\">\n<style>\n.cq-ib-wrap{font-family:'Inter',-apple-system,sans-serif;color:#1f2733;line-height:1.65;font-size:17px}\n.cq-ib-wrap h2{font-family:'Space Grotesk',sans-serif;font-weight:700;font-size:clamp(24px,3.2vw,33px);letter-spacing:-.01em;color:#142433;margin:48px 0 14px}\n.cq-ib-wrap h3{font-family:'Space Grotesk',sans-serif;font-weight:600;font-size:20px;color:#142433;margin:26px 0 10px}\n.cq-ib-lead{font-size:19px;line-height:1.6;color:#33414f;margin:6px 0 26px}\n.cq-ib-kicker{font-family:'JetBrains Mono',monospace;font-size:12px;font-weight:500;letter-spacing:.12em;text-transform:uppercase;color:#0e7c86}\n.cq-ib-brief{background:#eef9fa;border-left:5px solid #0e7c86;border-radius:0 12px 12px 0;padding:20px 24px;margin:26px 0;box-shadow:0 1px 2px rgba(16,24,40,.05),0 12px 28px -18px rgba(14,124,134,.35)}\n.cq-ib-brief .cq-ib-bt{font-family:'Space Grotesk',sans-serif;font-weight:700;font-size:18px;color:#0b5057;margin:6px 0 8px}\n.cq-ib-brief ul{margin:10px 0 0;padding-left:20px}\n.cq-ib-brief li{margin:6px 0}\n.cq-ib-grid{display:grid;grid-template-columns:repeat(auto-fit,minmax(220px,1fr));gap:20px;margin:24px 0}\n.cq-ib-card{background:#fff;border:1px solid #e3e8ee;border-top:3px solid #0e7c86;border-radius:12px;padding:22px 24px;transition:.25s ease;box-shadow:0 1px 2px rgba(16,24,40,.05)}\n.cq-ib-card:hover{transform:translateY(-3px);box-shadow:0 14px 30px -18px rgba(14,124,134,.45)}\n.cq-ib-card .cq-ib-cn{font-family:'Space Grotesk',sans-serif;font-weight:700;font-size:19px;color:#142433;margin-bottom:8px}\n.cq-ib-card .cq-ib-tag{display:inline-block;font-family:'JetBrains Mono',monospace;font-size:11px;letter-spacing:.06em;color:#0e7c86;background:#eef9fa;border-radius:6px;padding:3px 9px;margin-bottom:10px}\n.cq-ib-card .cq-ib-txt{color:#46525f;font-size:15.5px;line-height:1.55}\n.cq-ib-tbl{margin:24px 0;border:1px solid #e3e8ee;border-radius:12px;overflow:hidden}\n.cq-ib-tbl table{width:100%;border-collapse:collapse;font-size:15.5px}\n.cq-ib-tbl th{background:#142433;color:#eef9fa;font-family:'Space Grotesk',sans-serif;font-weight:600;text-align:left;padding:13px 16px}\n.cq-ib-tbl td{padding:12px 16px;border-top:1px solid #eef1f5}\n.cq-ib-tbl tr:nth-child(even) td{background:#f7fafb}\n.cq-ib-warn{background:#fff6ee;border-left:5px solid #c97a18;border-radius:0 12px 12px 0;padding:18px 22px;margin:24px 0}\n.cq-ib-warn .cq-ib-wt{font-family:'Space Grotesk',sans-serif;font-weight:700;color:#9a5a0e;margin-bottom:6px}\n.cq-ib-warn ul{margin:8px 0 0;padding-left:20px}\n.cq-ib-warn li{margin:6px 0}\n.cq-ib-retain{background:#142433;color:#dce6ee;border-radius:14px;padding:24px 28px;margin:34px 0}\n.cq-ib-retain .cq-ib-rt{font-family:'Space Grotesk',sans-serif;font-weight:700;font-size:20px;color:#fff;margin-bottom:10px}\n.cq-ib-retain ul{margin:0;padding-left:22px}\n.cq-ib-retain li{margin:8px 0;color:#dce6ee}\n.cq-ib-retain strong,.cq-ib-retain b{color:#5fd4dd}\n.cq-ib-faq{margin:30px 0}\n.cq-ib-faq details{border:1px solid #e3e8ee;border-radius:10px;padding:0;margin:12px 0;transition:.25s ease;background:#fff}\n.cq-ib-faq details:hover{box-shadow:0 10px 24px -18px rgba(14,124,134,.4)}\n.cq-ib-faq summary{font-family:'Space Grotesk',sans-serif;font-weight:600;font-size:16.5px;color:#142433;padding:16px 20px;cursor:pointer;list-style:none}\n.cq-ib-faq summary::before{content:\"+\";color:#0e7c86;font-weight:700;margin-right:10px}\n.cq-ib-faq details[open] summary::before{content:\"\u2013\"}\n.cq-ib-faq .cq-ib-a{padding:0 20px 18px;color:#46525f;line-height:1.6}\n.cq-ib-wrap img{max-width:100%;height:auto;border-radius:10px;margin:8px 0}\n<\/style>\n<div class=\"cq-ib-wrap\">\n<p class=\"cq-ib-lead\">Au B\u00e9nin, la presse quotidienne reste un pilier de l&rsquo;information citoyenne et du d\u00e9bat d\u00e9mocratique. Entre journal d&rsquo;\u00c9tat, titres priv\u00e9s et virage num\u00e9rique, ce panorama fait le point sur les principaux quotidiens, leur r\u00f4le dans la soci\u00e9t\u00e9 et les d\u00e9fis qui p\u00e8sent sur leur ind\u00e9pendance.<\/p>\n<div class=\"cq-ib-brief\">\n<div class=\"cq-ib-kicker\">En bref<\/div>\n<div class=\"cq-ib-bt\">L&rsquo;essentiel sur les quotidiens b\u00e9ninois<\/div>\n<div>La presse \u00e9crite b\u00e9ninoise s&rsquo;articule autour de quelques titres de r\u00e9f\u00e9rence \u2014 au premier rang desquels <strong>La Nation<\/strong> (le quotidien public), aux c\u00f4t\u00e9s de journaux priv\u00e9s comme <strong>Le Matinal<\/strong> et <strong>Fraternit\u00e9<\/strong>. Au-del\u00e0 d&rsquo;informer, ces quotidiens nourrissent l&rsquo;opinion publique et l&rsquo;engagement civique, tout en affrontant des d\u00e9fis majeurs.<\/div>\n<ul>\n<li><strong>Diversit\u00e9 \u00e9ditoriale<\/strong> : titre public et titres priv\u00e9s couvrant politique, soci\u00e9t\u00e9 et culture.<\/li>\n<li><strong>R\u00f4le d\u00e9mocratique<\/strong> : sensibilisation, mobilisation citoyenne, d\u00e9bat public.<\/li>\n<li><strong>D\u00e9fis<\/strong> : pressions politiques, fragilit\u00e9 \u00e9conomique, transition vers le num\u00e9rique.<\/li>\n<\/ul>\n<\/div>\n<p><iframe loading=\"lazy\" title=\"Brigitte Macron danse comme un robot \u00e0 l&#039;Elys\u00e9e\" width=\"1200\" height=\"900\" src=\"https:\/\/www.youtube.com\/embed\/AHPqooP_ePo?feature=oembed\" frameborder=\"0\" allow=\"accelerometer; autoplay; clipboard-write; encrypted-media; gyroscope; picture-in-picture; web-share\" referrerpolicy=\"strict-origin-when-cross-origin\" allowfullscreen><\/iframe><\/p>\n<h2>Les principaux quotidiens b\u00e9ninois<\/h2>\n<p>Le paysage de la presse quotidienne au B\u00e9nin combine un titre public de r\u00e9f\u00e9rence et plusieurs journaux priv\u00e9s. Parmi les plus r\u00e9guli\u00e8rement cit\u00e9s figurent les trois titres ci-dessous, chacun avec sa ligne \u00e9ditoriale propre.<\/p>\n<div class=\"cq-ib-grid\">\n<div class=\"cq-ib-card\">\n<span class=\"cq-ib-tag\">Quotidien public<\/span><\/p>\n<div class=\"cq-ib-cn\">La Nation<\/div>\n<div class=\"cq-ib-txt\">Journal d&rsquo;\u00c9tat, il couvre un large spectre de sujets, de la vie politique et institutionnelle \u00e0 l&rsquo;\u00e9conomie et \u00e0 la culture.<\/div>\n<\/div>\n<div class=\"cq-ib-card\">\n<span class=\"cq-ib-tag\">Presse priv\u00e9e<\/span><\/p>\n<div class=\"cq-ib-cn\">Le Matinal<\/div>\n<div class=\"cq-ib-txt\">Titre priv\u00e9 r\u00e9put\u00e9 pour ses analyses et ses enqu\u00eates sur l&rsquo;actualit\u00e9 nationale.<\/div>\n<\/div>\n<div class=\"cq-ib-card\">\n<span class=\"cq-ib-tag\">Presse priv\u00e9e<\/span><\/p>\n<div class=\"cq-ib-cn\">Fraternit\u00e9<\/div>\n<div class=\"cq-ib-txt\">Quotidien tourn\u00e9 vers l&rsquo;actualit\u00e9 nationale et internationale, attach\u00e9 \u00e0 des valeurs de paix et de solidarit\u00e9.<\/div>\n<\/div>\n<\/div>\n<p>Par leur diversit\u00e9, ces journaux offrent une lecture plurielle de l&rsquo;actualit\u00e9 et aident les lecteurs \u00e0 se forger une opinion \u00e9clair\u00e9e sur les enjeux du pays.<\/p>\n<h2>Impact des m\u00e9dias sur la soci\u00e9t\u00e9 b\u00e9ninoise<\/h2>\n<p>Les quotidiens au B\u00e9nin ne se contentent pas d&rsquo;informer : ils participent \u00e0 la formation de l&rsquo;opinion publique et \u00e0 l&rsquo;engagement civique.<img width=\"1024\" height=\"576\" src=\"https:\/\/com-quotidiens.fr\/blog\/wp-content\/uploads\/2025\/02\/stability-les-quotidiens-au-benin-un-panorama-des-medias-dinformation-1.png\" class=\"aligncenter\" alt=\"Illustration d\u00e9taill\u00e9e sur Les quotidiens au B\u00e9nin : un panorama des m\u00e9dias d&#039;information\" title=\"Les quotidiens au B\u00e9nin : un panorama des m\u00e9dias d&#039;information\" decoding=\"async\" loading=\"lazy\" \/><\/p>\n<div class=\"cq-ib-grid\">\n<div class=\"cq-ib-card\">\n<div class=\"cq-ib-cn\">Sensibilisation<\/div>\n<div class=\"cq-ib-txt\">Des sujets comme la corruption, les droits humains ou l&rsquo;environnement sont r\u00e9guli\u00e8rement port\u00e9s \u00e0 l&rsquo;attention du public.<\/div>\n<\/div>\n<div class=\"cq-ib-card\">\n<div class=\"cq-ib-cn\">Mobilisation<\/div>\n<div class=\"cq-ib-txt\">Les journaux encouragent la participation aux processus \u00e9lectoraux et l&rsquo;implication dans la vie politique.<\/div>\n<\/div>\n<div class=\"cq-ib-card\">\n<div class=\"cq-ib-cn\">D\u00e9bat public<\/div>\n<div class=\"cq-ib-txt\">\u00c9ditoriaux et tribunes ouvertes permettent l&rsquo;\u00e9change d&rsquo;id\u00e9es entre les diff\u00e9rents acteurs de la soci\u00e9t\u00e9.<\/div>\n<\/div>\n<\/div>\n<p>Ce r\u00f4le de catalyseur des discussions soci\u00e9tales souligne l&rsquo;importance de la presse dans la d\u00e9mocratie b\u00e9ninoise.<\/p>\n<h2>Les d\u00e9fis auxquels font face les quotidiens<\/h2>\n<p>La presse b\u00e9ninoise doit composer avec plusieurs obstacles qui p\u00e8sent sur son fonctionnement et son ind\u00e9pendance.<\/p>\n<div class=\"cq-ib-warn\">\n<div class=\"cq-ib-wt\">Trois pressions majeures<\/div>\n<ul>\n<li><strong>Pression politique<\/strong> : censure et intimidations peuvent restreindre la libert\u00e9 de la presse.<\/li>\n<li><strong>Fragilit\u00e9 \u00e9conomique<\/strong> : la baisse des recettes publicitaires fragilise la viabilit\u00e9 financi\u00e8re des titres.<\/li>\n<li><strong>Transition num\u00e9rique<\/strong> : s&rsquo;adapter \u00e0 la consommation d&rsquo;information en ligne devient vital pour les quotidiens traditionnels.<\/li>\n<\/ul>\n<\/div>\n<p>Ces obstacles appellent des r\u00e9ponses cr\u00e9atives \u2014 d\u00e9veloppement de plateformes en ligne, diversification des contenus, recherche de nouveaux mod\u00e8les \u00e9conomiques \u2014 pour assurer la p\u00e9rennit\u00e9 de l&rsquo;information au B\u00e9nin.<\/p>\n<h2>Rep\u00e8res : qui fait quoi<\/h2>\n<p>Pour situer rapidement les trois titres de r\u00e9f\u00e9rence et leurs grandes th\u00e9matiques :<\/p>\n<div class=\"cq-ib-tbl\">\n<table>\n<tr>\n<th>Quotidien<\/th>\n<th>Statut<\/th>\n<th>Th\u00e9matiques principales<\/th>\n<\/tr>\n<tr>\n<td>La Nation<\/td>\n<td>Journal public<\/td>\n<td>Politique, \u00e9conomie, culture<\/td>\n<\/tr>\n<tr>\n<td>Le Matinal<\/td>\n<td>Presse priv\u00e9e<\/td>\n<td>Analyses, enqu\u00eates, politique<\/td>\n<\/tr>\n<tr>\n<td>Fraternit\u00e9<\/td>\n<td>Presse priv\u00e9e<\/td>\n<td>Actualit\u00e9s, droits humains, soci\u00e9t\u00e9<\/td>\n<\/tr>\n<\/table>\n<\/div>\n<div class=\"cq-ib-retain\">\n<div class=\"cq-ib-rt\">\u00c0 retenir<\/div>\n<ul>\n<li><strong>La Nation<\/strong> est le quotidien public de r\u00e9f\u00e9rence ; <strong>Le Matinal<\/strong> et <strong>Fraternit\u00e9<\/strong> illustrent une presse priv\u00e9e active.<\/li>\n<li>La presse quotidienne b\u00e9ninoise <strong>informe, sensibilise et mobilise<\/strong> autour des enjeux d\u00e9mocratiques.<\/li>\n<li>Trois d\u00e9fis structurels : <strong>pressions politiques, fragilit\u00e9 \u00e9conomique et virage num\u00e9rique<\/strong>.<\/li>\n<li>L&rsquo;avenir des titres d\u00e9pendra de leur capacit\u00e9 \u00e0 <strong>se r\u00e9inventer en ligne<\/strong> sans perdre leur exigence \u00e9ditoriale.<\/li>\n<\/ul>\n<\/div>\n<h2>Conclusion<\/h2>\n<p>Par leur diversit\u00e9 et leur engagement envers la d\u00e9mocratie, les quotidiens au B\u00e9nin continuent de jouer un r\u00f4le de premier plan dans la soci\u00e9t\u00e9. Acteurs cl\u00e9s de la vie politique et sociale, leur \u00e9volution face aux d\u00e9fis contemporains d\u00e9terminera leur impact futur.<\/p>\n<div class=\"cq-ib-faq\">\n<h3>FAQ<\/h3>\n<details>\n<summary>Quels sont les principaux quotidiens au B\u00e9nin ?<\/summary>\n<div class=\"cq-ib-a\">Parmi les titres les plus cit\u00e9s figurent La Nation (le quotidien public), Le Matinal et Fraternit\u00e9, deux journaux de la presse priv\u00e9e.<\/div>\n<\/details>\n<details>\n<summary>Quel est le r\u00f4le des quotidiens dans la d\u00e9mocratie b\u00e9ninoise ?<\/summary>\n<div class=\"cq-ib-a\">Ils informent, sensibilisent et mobilisent les citoyens sur les questions politiques et sociales, tout en ouvrant un espace de d\u00e9bat public via \u00e9ditoriaux et tribunes.<\/div>\n<\/details>\n<details>\n<summary>Quels d\u00e9fis rencontrent les m\u00e9dias au B\u00e9nin ?<\/summary>\n<div class=\"cq-ib-a\">Ils font principalement face \u00e0 la pression politique, \u00e0 la fragilit\u00e9 \u00e9conomique li\u00e9e \u00e0 la baisse des recettes publicitaires, et \u00e0 la n\u00e9cessaire transition vers le num\u00e9rique.<\/div>\n<\/details>\n<details>\n<summary>Comment les quotidiens s&rsquo;adaptent-ils \u00e0 l&rsquo;\u00e8re num\u00e9rique ?<\/summary>\n<div class=\"cq-ib-a\">En d\u00e9veloppant des plateformes en ligne et en diversifiant leurs contenus pour toucher un public plus large et plus jeune, tout en cherchant de nouveaux mod\u00e8les de financement.<\/div>\n<\/details>\n<\/div>\n<\/div>\n","protected":false},"excerpt":{"rendered":"","protected":false},"author":34,"featured_media":7390,"comment_status":"open","ping_status":"open","sticky":false,"template":"","format":"standard","meta":{"_acf_changed":false,"manual_indexmenow":false,"indexmenow_id_project":0,"footnotes":""},"categories":[1],"tags":[4598,4536,4535,4556,4599,4554],"class_list":["post-7389","post","type-post","status-publish","format-standard","has-post-thumbnail","hentry","category-a-la-une","tag-benin","tag-democratie","tag-medias","tag-quotidiens","tag-sensibilisation","tag-transition-numerique","generate-columns","tablet-grid-50","mobile-grid-100","grid-parent","grid-25"],"acf":[],"yoast_head":"<!-- This site is optimized with the Yoast SEO Premium plugin v21.3 (Yoast SEO v25.6) - https:\/\/yoast.com\/wordpress\/plugins\/seo\/ -->\n<title>Les quotidiens au B\u00e9nin : panorama des m\u00e9dias d&#039;information<\/title>\n<meta name=\"description\" content=\"Au B\u00e9nin, la presse quotidienne reste un pilier de l&#039;information citoyenne et du d\u00e9bat d\u00e9mocratique.\" \/>\n<meta name=\"robots\" content=\"index, follow, max-snippet:-1, max-image-preview:large, max-video-preview:-1\" \/>\n<link rel=\"canonical\" href=\"https:\/\/com-quotidiens.fr\/blog\/a-la-une\/les-quotidiens-au-benin-un-panorama-des-medias-dinformation\/\" \/>\n<meta property=\"og:locale\" content=\"fr_FR\" \/>\n<meta property=\"og:type\" content=\"article\" \/>\n<meta property=\"og:title\" content=\"Les quotidiens au B\u00e9nin : panorama des m\u00e9dias d&#039;information\" \/>\n<meta property=\"og:description\" content=\"Au B\u00e9nin, la presse quotidienne reste un pilier de l&#039;information citoyenne et du d\u00e9bat d\u00e9mocratique.\" \/>\n<meta property=\"og:url\" content=\"https:\/\/com-quotidiens.fr\/blog\/a-la-une\/les-quotidiens-au-benin-un-panorama-des-medias-dinformation\/\" \/>\n<meta property=\"og:site_name\" content=\"com-quotidiens\" \/>\n<meta property=\"og:image\" content=\"https:\/\/com-quotidiens.fr\/blog\/wp-content\/uploads\/2025\/02\/stability-les-quotidiens-au-benin-un-panorama-des-medias-dinformation.png\" \/>\n\t<meta property=\"og:image:width\" content=\"1024\" \/>\n\t<meta property=\"og:image:height\" content=\"576\" \/>\n\t<meta property=\"og:image:type\" content=\"image\/png\" \/>\n<meta name=\"author\" content=\"Th\u00e9o R.\" \/>\n<meta name=\"twitter:card\" content=\"summary_large_image\" \/>\n<script type=\"application\/ld+json\" class=\"yoast-schema-graph\">{\"@context\":\"https:\/\/schema.org\",\"@graph\":[{\"@type\":\"NewsArticle\",\"@id\":\"https:\/\/com-quotidiens.fr\/blog\/a-la-une\/les-quotidiens-au-benin-un-panorama-des-medias-dinformation\/#article\",\"isPartOf\":{\"@id\":\"https:\/\/com-quotidiens.fr\/blog\/a-la-une\/les-quotidiens-au-benin-un-panorama-des-medias-dinformation\/\"},\"author\":{\"name\":\"Th\u00e9o R.\",\"@id\":\"https:\/\/com-quotidiens.fr\/blog\/#\/schema\/person\/3c864cdc320801e3db34b663e7e3f816\"},\"headline\":\"Les quotidiens au B\u00e9nin : un panorama des m\u00e9dias d&rsquo;information\",\"datePublished\":\"2026-06-19T11:44:27+00:00\",\"mainEntityOfPage\":{\"@id\":\"https:\/\/com-quotidiens.fr\/blog\/a-la-une\/les-quotidiens-au-benin-un-panorama-des-medias-dinformation\/\"},\"wordCount\":848,\"commentCount\":26,\"publisher\":{\"@id\":\"https:\/\/com-quotidiens.fr\/blog\/#organization\"},\"image\":{\"@id\":\"https:\/\/com-quotidiens.fr\/blog\/a-la-une\/les-quotidiens-au-benin-un-panorama-des-medias-dinformation\/#primaryimage\"},\"thumbnailUrl\":\"https:\/\/com-quotidiens.fr\/blog\/wp-content\/uploads\/2025\/02\/stability-les-quotidiens-au-benin-un-panorama-des-medias-dinformation.png\",\"keywords\":[\"B\u00e9nin\",\"D\u00e9mocratie\",\"M\u00e9dias\",\"Quotidiens\",\"Sensibilisation\",\"Transition Num\u00e9rique\"],\"articleSection\":[\"\u00c0 la une\"],\"inLanguage\":\"fr-FR\",\"potentialAction\":[{\"@type\":\"CommentAction\",\"name\":\"Comment\",\"target\":[\"https:\/\/com-quotidiens.fr\/blog\/a-la-une\/les-quotidiens-au-benin-un-panorama-des-medias-dinformation\/#respond\"]}]},{\"@type\":\"WebPage\",\"@id\":\"https:\/\/com-quotidiens.fr\/blog\/a-la-une\/les-quotidiens-au-benin-un-panorama-des-medias-dinformation\/\",\"url\":\"https:\/\/com-quotidiens.fr\/blog\/a-la-une\/les-quotidiens-au-benin-un-panorama-des-medias-dinformation\/\",\"name\":\"Les quotidiens au B\u00e9nin : panorama des m\u00e9dias d'information\",\"isPartOf\":{\"@id\":\"https:\/\/com-quotidiens.fr\/blog\/#website\"},\"primaryImageOfPage\":{\"@id\":\"https:\/\/com-quotidiens.fr\/blog\/a-la-une\/les-quotidiens-au-benin-un-panorama-des-medias-dinformation\/#primaryimage\"},\"image\":{\"@id\":\"https:\/\/com-quotidiens.fr\/blog\/a-la-une\/les-quotidiens-au-benin-un-panorama-des-medias-dinformation\/#primaryimage\"},\"thumbnailUrl\":\"https:\/\/com-quotidiens.fr\/blog\/wp-content\/uploads\/2025\/02\/stability-les-quotidiens-au-benin-un-panorama-des-medias-dinformation.png\",\"datePublished\":\"2026-06-19T11:44:27+00:00\",\"description\":\"Au B\u00e9nin, la presse quotidienne reste un pilier de l'information citoyenne et du d\u00e9bat d\u00e9mocratique.\",\"inLanguage\":\"fr-FR\",\"potentialAction\":[{\"@type\":\"ReadAction\",\"target\":[\"https:\/\/com-quotidiens.fr\/blog\/a-la-une\/les-quotidiens-au-benin-un-panorama-des-medias-dinformation\/\"]}]},{\"@type\":\"ImageObject\",\"inLanguage\":\"fr-FR\",\"@id\":\"https:\/\/com-quotidiens.fr\/blog\/a-la-une\/les-quotidiens-au-benin-un-panorama-des-medias-dinformation\/#primaryimage\",\"url\":\"https:\/\/com-quotidiens.fr\/blog\/wp-content\/uploads\/2025\/02\/stability-les-quotidiens-au-benin-un-panorama-des-medias-dinformation.png\",\"contentUrl\":\"https:\/\/com-quotidiens.fr\/blog\/wp-content\/uploads\/2025\/02\/stability-les-quotidiens-au-benin-un-panorama-des-medias-dinformation.png\",\"width\":1024,\"height\":576},{\"@type\":\"WebSite\",\"@id\":\"https:\/\/com-quotidiens.fr\/blog\/#website\",\"url\":\"https:\/\/com-quotidiens.fr\/blog\/\",\"name\":\"com-quotidiens.fr\",\"description\":\"Com Quotidiens, l&#039;info communication au quotidien\",\"publisher\":{\"@id\":\"https:\/\/com-quotidiens.fr\/blog\/#organization\"},\"alternateName\":\"Com Quotidiens, l'info communication au quotidien\",\"potentialAction\":[{\"@type\":\"SearchAction\",\"target\":{\"@type\":\"EntryPoint\",\"urlTemplate\":\"https:\/\/com-quotidiens.fr\/blog\/?s={search_term_string}\"},\"query-input\":{\"@type\":\"PropertyValueSpecification\",\"valueRequired\":true,\"valueName\":\"search_term_string\"}}],\"inLanguage\":\"fr-FR\"},{\"@type\":\"Organization\",\"@id\":\"https:\/\/com-quotidiens.fr\/blog\/#organization\",\"name\":\"Foretsensations.fr\",\"url\":\"https:\/\/com-quotidiens.fr\/blog\/\",\"logo\":{\"@type\":\"ImageObject\",\"inLanguage\":\"fr-FR\",\"@id\":\"https:\/\/com-quotidiens.fr\/blog\/#\/schema\/logo\/image\/\",\"url\":\"https:\/\/com-quotidiens.fr\/blog\/wp-content\/uploads\/2024\/12\/26.png\",\"contentUrl\":\"https:\/\/com-quotidiens.fr\/blog\/wp-content\/uploads\/2024\/12\/26.png\",\"width\":500,\"height\":500,\"caption\":\"Foretsensations.fr\"},\"image\":{\"@id\":\"https:\/\/com-quotidiens.fr\/blog\/#\/schema\/logo\/image\/\"}},{\"@type\":\"Person\",\"@id\":\"https:\/\/com-quotidiens.fr\/blog\/#\/schema\/person\/3c864cdc320801e3db34b663e7e3f816\",\"name\":\"Th\u00e9o R.\",\"image\":{\"@type\":\"ImageObject\",\"inLanguage\":\"fr-FR\",\"@id\":\"https:\/\/com-quotidiens.fr\/blog\/#\/schema\/person\/image\/\",\"url\":\"https:\/\/com-quotidiens.fr\/blog\/wp-content\/uploads\/2026\/06\/persona_theo-r-96x96.jpg\",\"contentUrl\":\"https:\/\/com-quotidiens.fr\/blog\/wp-content\/uploads\/2026\/06\/persona_theo-r-96x96.jpg\",\"caption\":\"Th\u00e9o R.\"},\"description\":\"Le web et la communication sont mon m\u00e9tier depuis une dizaine d'ann\u00e9es, entre r\u00e9daction, strat\u00e9gie de contenu et accompagnement de projets en ligne. J'\u00e9cris sur la cr\u00e9ation de site, le marketing digital, l'image de marque et le m\u00e9tier de r\u00e9dacteur web, avec l'envie de rendre ces sujets concrets pour les ind\u00e9pendants et les petites entreprises. J'aime expliquer comment se construit une pr\u00e9sence en ligne cr\u00e9dible, du choix des mots \u00e0 la coh\u00e9rence visuelle, sans recourir au jargon d'agence. Avant de recommander une m\u00e9thode ou un outil, je l'\u00e9prouve sur le terrain et je distingue ce qui marche vraiment des promesses \u00e0 la mode. Je me m\u00e9fie des recettes miracles en marketing, car aucune ne dispense de travail et de r\u00e9gularit\u00e9. Mon angle : donner des rep\u00e8res solides pour communiquer juste et b\u00e2tir une marque qui dure, \u00e0 hauteur de budgets r\u00e9els et d'\u00e9quipes r\u00e9duites.\",\"url\":\"https:\/\/com-quotidiens.fr\/blog\/auteur\/noname\/\",\"jobTitle\":\"R\u00e9dacteur en chef \u00b7 Web & Communication\",\"knowsAbout\":[\"Web\",\"Communication\"],\"email\":\"theo.r@clickbuzz.fr\"}]}<\/script>\n<!-- \/ Yoast SEO Premium plugin. -->","yoast_head_json":{"title":"Les quotidiens au B\u00e9nin : panorama des m\u00e9dias d'information","description":"Au B\u00e9nin, la presse quotidienne reste un pilier de l'information citoyenne et du d\u00e9bat d\u00e9mocratique.","robots":{"index":"index","follow":"follow","max-snippet":"max-snippet:-1","max-image-preview":"max-image-preview:large","max-video-preview":"max-video-preview:-1"},"canonical":"https:\/\/com-quotidiens.fr\/blog\/a-la-une\/les-quotidiens-au-benin-un-panorama-des-medias-dinformation\/","og_locale":"fr_FR","og_type":"article","og_title":"Les quotidiens au B\u00e9nin : panorama des m\u00e9dias d'information","og_description":"Au B\u00e9nin, la presse quotidienne reste un pilier de l'information citoyenne et du d\u00e9bat d\u00e9mocratique.","og_url":"https:\/\/com-quotidiens.fr\/blog\/a-la-une\/les-quotidiens-au-benin-un-panorama-des-medias-dinformation\/","og_site_name":"com-quotidiens","og_image":[{"width":1024,"height":576,"url":"https:\/\/com-quotidiens.fr\/blog\/wp-content\/uploads\/2025\/02\/stability-les-quotidiens-au-benin-un-panorama-des-medias-dinformation.png","type":"image\/png"}],"author":"Th\u00e9o R.","twitter_card":"summary_large_image","schema":{"@context":"https:\/\/schema.org","@graph":[{"@type":"NewsArticle","@id":"https:\/\/com-quotidiens.fr\/blog\/a-la-une\/les-quotidiens-au-benin-un-panorama-des-medias-dinformation\/#article","isPartOf":{"@id":"https:\/\/com-quotidiens.fr\/blog\/a-la-une\/les-quotidiens-au-benin-un-panorama-des-medias-dinformation\/"},"author":{"name":"Th\u00e9o R.","@id":"https:\/\/com-quotidiens.fr\/blog\/#\/schema\/person\/3c864cdc320801e3db34b663e7e3f816"},"headline":"Les quotidiens au B\u00e9nin : un panorama des m\u00e9dias d&rsquo;information","datePublished":"2026-06-19T11:44:27+00:00","mainEntityOfPage":{"@id":"https:\/\/com-quotidiens.fr\/blog\/a-la-une\/les-quotidiens-au-benin-un-panorama-des-medias-dinformation\/"},"wordCount":848,"commentCount":26,"publisher":{"@id":"https:\/\/com-quotidiens.fr\/blog\/#organization"},"image":{"@id":"https:\/\/com-quotidiens.fr\/blog\/a-la-une\/les-quotidiens-au-benin-un-panorama-des-medias-dinformation\/#primaryimage"},"thumbnailUrl":"https:\/\/com-quotidiens.fr\/blog\/wp-content\/uploads\/2025\/02\/stability-les-quotidiens-au-benin-un-panorama-des-medias-dinformation.png","keywords":["B\u00e9nin","D\u00e9mocratie","M\u00e9dias","Quotidiens","Sensibilisation","Transition Num\u00e9rique"],"articleSection":["\u00c0 la une"],"inLanguage":"fr-FR","potentialAction":[{"@type":"CommentAction","name":"Comment","target":["https:\/\/com-quotidiens.fr\/blog\/a-la-une\/les-quotidiens-au-benin-un-panorama-des-medias-dinformation\/#respond"]}]},{"@type":"WebPage","@id":"https:\/\/com-quotidiens.fr\/blog\/a-la-une\/les-quotidiens-au-benin-un-panorama-des-medias-dinformation\/","url":"https:\/\/com-quotidiens.fr\/blog\/a-la-une\/les-quotidiens-au-benin-un-panorama-des-medias-dinformation\/","name":"Les quotidiens au B\u00e9nin : panorama des m\u00e9dias d'information","isPartOf":{"@id":"https:\/\/com-quotidiens.fr\/blog\/#website"},"primaryImageOfPage":{"@id":"https:\/\/com-quotidiens.fr\/blog\/a-la-une\/les-quotidiens-au-benin-un-panorama-des-medias-dinformation\/#primaryimage"},"image":{"@id":"https:\/\/com-quotidiens.fr\/blog\/a-la-une\/les-quotidiens-au-benin-un-panorama-des-medias-dinformation\/#primaryimage"},"thumbnailUrl":"https:\/\/com-quotidiens.fr\/blog\/wp-content\/uploads\/2025\/02\/stability-les-quotidiens-au-benin-un-panorama-des-medias-dinformation.png","datePublished":"2026-06-19T11:44:27+00:00","description":"Au B\u00e9nin, la presse quotidienne reste un pilier de l'information citoyenne et du d\u00e9bat d\u00e9mocratique.","inLanguage":"fr-FR","potentialAction":[{"@type":"ReadAction","target":["https:\/\/com-quotidiens.fr\/blog\/a-la-une\/les-quotidiens-au-benin-un-panorama-des-medias-dinformation\/"]}]},{"@type":"ImageObject","inLanguage":"fr-FR","@id":"https:\/\/com-quotidiens.fr\/blog\/a-la-une\/les-quotidiens-au-benin-un-panorama-des-medias-dinformation\/#primaryimage","url":"https:\/\/com-quotidiens.fr\/blog\/wp-content\/uploads\/2025\/02\/stability-les-quotidiens-au-benin-un-panorama-des-medias-dinformation.png","contentUrl":"https:\/\/com-quotidiens.fr\/blog\/wp-content\/uploads\/2025\/02\/stability-les-quotidiens-au-benin-un-panorama-des-medias-dinformation.png","width":1024,"height":576},{"@type":"WebSite","@id":"https:\/\/com-quotidiens.fr\/blog\/#website","url":"https:\/\/com-quotidiens.fr\/blog\/","name":"com-quotidiens.fr","description":"Com Quotidiens, l&#039;info communication au quotidien","publisher":{"@id":"https:\/\/com-quotidiens.fr\/blog\/#organization"},"alternateName":"Com Quotidiens, l'info communication au quotidien","potentialAction":[{"@type":"SearchAction","target":{"@type":"EntryPoint","urlTemplate":"https:\/\/com-quotidiens.fr\/blog\/?s={search_term_string}"},"query-input":{"@type":"PropertyValueSpecification","valueRequired":true,"valueName":"search_term_string"}}],"inLanguage":"fr-FR"},{"@type":"Organization","@id":"https:\/\/com-quotidiens.fr\/blog\/#organization","name":"Foretsensations.fr","url":"https:\/\/com-quotidiens.fr\/blog\/","logo":{"@type":"ImageObject","inLanguage":"fr-FR","@id":"https:\/\/com-quotidiens.fr\/blog\/#\/schema\/logo\/image\/","url":"https:\/\/com-quotidiens.fr\/blog\/wp-content\/uploads\/2024\/12\/26.png","contentUrl":"https:\/\/com-quotidiens.fr\/blog\/wp-content\/uploads\/2024\/12\/26.png","width":500,"height":500,"caption":"Foretsensations.fr"},"image":{"@id":"https:\/\/com-quotidiens.fr\/blog\/#\/schema\/logo\/image\/"}},{"@type":"Person","@id":"https:\/\/com-quotidiens.fr\/blog\/#\/schema\/person\/3c864cdc320801e3db34b663e7e3f816","name":"Th\u00e9o R.","image":{"@type":"ImageObject","inLanguage":"fr-FR","@id":"https:\/\/com-quotidiens.fr\/blog\/#\/schema\/person\/image\/","url":"https:\/\/com-quotidiens.fr\/blog\/wp-content\/uploads\/2026\/06\/persona_theo-r-96x96.jpg","contentUrl":"https:\/\/com-quotidiens.fr\/blog\/wp-content\/uploads\/2026\/06\/persona_theo-r-96x96.jpg","caption":"Th\u00e9o R."},"description":"Le web et la communication sont mon m\u00e9tier depuis une dizaine d'ann\u00e9es, entre r\u00e9daction, strat\u00e9gie de contenu et accompagnement de projets en ligne. J'\u00e9cris sur la cr\u00e9ation de site, le marketing digital, l'image de marque et le m\u00e9tier de r\u00e9dacteur web, avec l'envie de rendre ces sujets concrets pour les ind\u00e9pendants et les petites entreprises. J'aime expliquer comment se construit une pr\u00e9sence en ligne cr\u00e9dible, du choix des mots \u00e0 la coh\u00e9rence visuelle, sans recourir au jargon d'agence. Avant de recommander une m\u00e9thode ou un outil, je l'\u00e9prouve sur le terrain et je distingue ce qui marche vraiment des promesses \u00e0 la mode. Je me m\u00e9fie des recettes miracles en marketing, car aucune ne dispense de travail et de r\u00e9gularit\u00e9. Mon angle : donner des rep\u00e8res solides pour communiquer juste et b\u00e2tir une marque qui dure, \u00e0 hauteur de budgets r\u00e9els et d'\u00e9quipes r\u00e9duites.","url":"https:\/\/com-quotidiens.fr\/blog\/auteur\/noname\/","jobTitle":"R\u00e9dacteur en chef \u00b7 Web & Communication","knowsAbout":["Web","Communication"],"email":"theo.r@clickbuzz.fr"}]}},"_links":{"self":[{"href":"https:\/\/com-quotidiens.fr\/blog\/wp-json\/wp\/v2\/posts\/7389","targetHints":{"allow":["GET"]}}],"collection":[{"href":"https:\/\/com-quotidiens.fr\/blog\/wp-json\/wp\/v2\/posts"}],"about":[{"href":"https:\/\/com-quotidiens.fr\/blog\/wp-json\/wp\/v2\/types\/post"}],"author":[{"embeddable":true,"href":"https:\/\/com-quotidiens.fr\/blog\/wp-json\/wp\/v2\/users\/34"}],"replies":[{"embeddable":true,"href":"https:\/\/com-quotidiens.fr\/blog\/wp-json\/wp\/v2\/comments?post=7389"}],"version-history":[{"count":3,"href":"https:\/\/com-quotidiens.fr\/blog\/wp-json\/wp\/v2\/posts\/7389\/revisions"}],"predecessor-version":[{"id":7611,"href":"https:\/\/com-quotidiens.fr\/blog\/wp-json\/wp\/v2\/posts\/7389\/revisions\/7611"}],"wp:featuredmedia":[{"embeddable":true,"href":"https:\/\/com-quotidiens.fr\/blog\/wp-json\/wp\/v2\/media\/7390"}],"wp:attachment":[{"href":"https:\/\/com-quotidiens.fr\/blog\/wp-json\/wp\/v2\/media?parent=7389"}],"wp:term":[{"taxonomy":"category","embeddable":true,"href":"https:\/\/com-quotidiens.fr\/blog\/wp-json\/wp\/v2\/categories?post=7389"},{"taxonomy":"post_tag","embeddable":true,"href":"https:\/\/com-quotidiens.fr\/blog\/wp-json\/wp\/v2\/tags?post=7389"}],"curies":[{"name":"wp","href":"https:\/\/api.w.org\/{rel}","templated":true}]}}